{"id":268505,"date":"2021-01-09T08:36:09","date_gmt":"2021-01-09T05:36:09","guid":{"rendered":"http:\/\/arantv.az\/?p=268505"},"modified":"2021-01-09T08:36:09","modified_gmt":"2021-01-09T05:36:09","slug":"adi-g%c9%99l%c9%99nd%c9%99-dusm%c9%99ni-qorxuya-salan-turk-harun-video","status":"publish","type":"post","link":"https:\/\/arantv.az\/?p=268505","title":{"rendered":"Ad\u0131 g\u0259l\u0259nd\u0259 d\u00fc\u015fm\u0259ni qorxuya salan &#8220;T\u00fcrk Harun&#8221; &#8211; V\u0130DEO"},"content":{"rendered":"<p>V\u0259t\u0259n m\u00fcharib\u0259si q\u0259hr\u0259manlar\u0131ndan biri d\u0259 &#8221;T\u00fcrk Harun&#8221; kimi tan\u0131nan Harun Alqayevdir.<\/p>\n<p><strong>ARANTV.AZ<\/strong> &#8220;X\u0259z\u0259r<a title=\"xeberler son xeberler 2020\" href=\"https:\/\/big.az\/\" target=\"_blank\" rel=\"noopener\">x\u0259b\u0259r<\/a>&#8220;\u0259 istinad\u0259n x\u0259b\u0259r verir ki, &#8220;T\u00fcrk Harun&#8221; ad\u0131 g\u0259l\u0259nd\u0259 bel\u0259 erm\u0259nil\u0259r qorxuya d\u00fc\u015f\u00fcrd\u00fc.<\/p>\n<div id=\"AdviadNativeVideo0\" class=\"AdviadNativeVideo\"><\/div>\n<p>Ad\u0131n\u0131 tarix\u0259 q\u0131z\u0131l h\u0259rfl\u0259rl\u0259 yazd\u0131ran k\u0259\u015ffiyyat\u00e7\u0131 Harun Alqayev Balak\u0259nin G\u0259r\u0259kli k\u0259ndind\u0259 anadan olub. 15 ya\u015f\u0131nda C\u0259m\u015fid Nax\u00e7\u0131vanski ad\u0131na h\u0259rbi lisey\u0259 daxil olan \u015f\u0259hid q\u0259hr\u0259man\u0131m\u0131z oran\u0131 y\u00fcks\u0259k qiym\u0259tl\u0259rl\u0259 bitir\u0259r\u0259k 2010-cu ild\u0259 Ali h\u0259rbi m\u0259kt\u0259b\u0259 daxil olub. O, Akademiyan\u0131 da f\u0259rql\u0259nm\u0259 diplomu il\u0259 ba\u015fa vurub. Rus v\u0259 erm\u0259ni dill\u0259rini m\u00fck\u0259mm\u0259l bil\u0259n Harun Alqayev \u00f6t\u0259n ilin may ay\u0131nda \u00e7oxdan arzulad\u0131\u011f\u0131 X\u00fcsusi T\u0259yinatl\u0131 Q\u00fcvv\u0259l\u0259rin \u00fczv\u00fc kimi f\u0259aliyy\u0259t g\u00f6st\u0259rib v\u0259 d\u00f6y\u00fc\u015fl\u0259rd\u0259 i\u015ftirak edib. Onun \u0259n b\u00f6y\u00fck arzusu torpaqlar\u0131m\u0131z\u0131 d\u00fc\u015fm\u0259nd\u0259n tapda\u011f\u0131ndan azad etm\u0259k olub. Harun Alqayevin bir \u00e7ox y\u00fcks\u0259klikl\u0259rin al\u0131nmas\u0131nda, d\u00fc\u015fm\u0259nin canl\u0131 q\u00fcvv\u0259sinin m\u0259hv edilm\u0259sind\u0259 b\u00f6y\u00fck rolu var. O, Hadrut u\u011frunda ged\u0259n d\u00f6y\u00fc\u015fl\u0259rd\u0259 \u015f\u0259hidlik zirv\u0259sin\u0259 ucal\u0131b.<\/p>\n<p>Alqayevl\u0259r ail\u0259sinin iki o\u011ful \u00f6vlad\u0131 var. Onlar\u0131n h\u0259r ikisi V\u0259t\u0259n m\u00fcharib\u0259sind\u0259 i\u015ftirak edib. Biri v\u0259t\u0259n m\u00fcharib\u0259sind\u0259 tarix yazaraq \u015f\u0259hid olub, dig\u0259ri is\u0259 qazi kimi evl\u0259rin\u0259 d\u00f6n\u00fcb.<\/p>\n<p>Harun Algayev &#8220;V\u0259t\u0259n u\u011frunda&#8221;, &#8220;\u0130gidliy\u0259 g\u00f6r\u0259&#8221; v\u0259 &#8220;K\u0259lb\u0259c\u0259rin azad olunmas\u0131na g\u00f6r\u0259&#8221; medallar\u0131 il\u0259 t\u0259ltif olunub.<\/p>\n<div class=\"embed-responsive embed-responsive-16by9\"><iframe loading=\"lazy\" id=\"nmqembedid\" class=\"embed-responsive-item\" title=\"video player\" src=\"https:\/\/izle.az\/embed\/qyyxjY8KSS00yw4N1k0HAA~~\" width=\"600\" height=\"340\" frameborder=\"0\" scrolling=\"no\" allowfullscreen=\"allowfullscreen\" data-mce-fragment=\"1\"><\/iframe><\/div>\n<p>&nbsp;<\/p>\n","protected":false},"excerpt":{"rendered":"<p>V\u0259t\u0259n m\u00fcharib\u0259si q\u0259hr\u0259manlar\u0131ndan biri d\u0259 &#8221;T\u00fcrk Harun&#8221; kimi tan\u0131nan Harun Alqayevdir. ARANTV.AZ &#8220;X\u0259z\u0259rx\u0259b\u0259r&#8220;\u0259 istinad\u0259n x\u0259b\u0259r verir ki, &#8220;T\u00fcrk Harun&#8221; ad\u0131 g\u0259l\u0259nd\u0259 bel\u0259 erm\u0259nil\u0259r qorxuya d\u00fc\u015f\u00fcrd\u00fc. Ad\u0131n\u0131 tarix\u0259 q\u0131z\u0131l h\u0259rfl\u0259rl\u0259 yazd\u0131ran k\u0259\u015ffiyyat\u00e7\u0131 Harun Alqayev Balak\u0259nin G\u0259r\u0259kli k\u0259ndind\u0259 anadan olub. 15 ya\u015f\u0131nda C\u0259m\u015fid Nax\u00e7\u0131vanski ad\u0131na h\u0259rbi lisey\u0259 daxil olan \u015f\u0259hid q\u0259hr\u0259man\u0131m\u0131z oran\u0131 y\u00fcks\u0259k qiym\u0259tl\u0259rl\u0259 bitir\u0259r\u0259k 2010-cu ild\u0259 Ali h\u0259rbi m\u0259kt\u0259b\u0259 daxil olub. O, Akademiyan\u0131 da f\u0259rql\u0259nm\u0259 diplomu il\u0259 ba\u015fa vurub. Rus v\u0259 erm\u0259ni dill\u0259rini m\u00fck\u0259mm\u0259l bil\u0259n Harun Alqayev \u00f6t\u0259n ilin may ay\u0131nda \u00e7oxdan arzulad\u0131\u011f\u0131 X\u00fcsusi T\u0259yinatl\u0131 Q\u00fcvv\u0259l\u0259rin \u00fczv\u00fc kimi f\u0259aliyy\u0259t g\u00f6st\u0259rib v\u0259&hellip;<\/p>\n","protected":false},"author":2,"featured_media":268506,"comment_status":"closed","ping_status":"closed","sticky":false,"template":"","format":"standard","meta":{"om_disable_all_campaigns":false,"_monsterinsights_skip_tracking":false,"_monsterinsights_sitenote_active":false,"_monsterinsights_sitenote_note":"","_monsterinsights_sitenote_category":0},"categories":[26],"tags":[],"aioseo_notices":[],"gutentor_comment":0,"rttpg_featured_image_url":{"full":["https:\/\/arantv.az\/wp-content\/uploads\/2021\/01\/harun.jpg",650,406,false],"landscape":["https:\/\/arantv.az\/wp-content\/uploads\/2021\/01\/harun.jpg",650,406,false],"portraits":["https:\/\/arantv.az\/wp-content\/uploads\/2021\/01\/harun.jpg",650,406,false],"thumbnail":["https:\/\/arantv.az\/wp-content\/uploads\/2021\/01\/harun-150x150.jpg",150,150,true],"medium":["https:\/\/arantv.az\/wp-content\/uploads\/2021\/01\/harun-300x187.jpg",300,187,true],"large":["https:\/\/arantv.az\/wp-content\/uploads\/2021\/01\/harun.jpg",640,400,false],"1536x1536":["https:\/\/arantv.az\/wp-content\/uploads\/2021\/01\/harun.jpg",650,406,false],"2048x2048":["https:\/\/arantv.az\/wp-content\/uploads\/2021\/01\/harun.jpg",650,406,false],"post-thumbnail":["https:\/\/arantv.az\/wp-content\/uploads\/2021\/01\/harun-240x172.jpg",240,172,true],"advps-thumb-one":["https:\/\/arantv.az\/wp-content\/uploads\/2021\/01\/harun.jpg",650,406,false]},"rttpg_author":{"display_name":"V\u00fcsal Rafiqo\u011flu","author_link":"https:\/\/arantv.az\/?author=2"},"rttpg_comment":0,"rttpg_category":"<a href=\"https:\/\/arantv.az\/?cat=26\" rel=\"category\">Sosial<\/a>","rttpg_excerpt":"V\u0259t\u0259n m\u00fcharib\u0259si q\u0259hr\u0259manlar\u0131ndan biri d\u0259 &#8221;T\u00fcrk Harun&#8221; kimi tan\u0131nan Harun Alqayevdir. ARANTV.AZ &#8220;X\u0259z\u0259rx\u0259b\u0259r&#8220;\u0259 istinad\u0259n x\u0259b\u0259r verir ki, &#8220;T\u00fcrk Harun&#8221; ad\u0131 g\u0259l\u0259nd\u0259 bel\u0259 erm\u0259nil\u0259r qorxuya d\u00fc\u015f\u00fcrd\u00fc. Ad\u0131n\u0131 tarix\u0259 q\u0131z\u0131l h\u0259rfl\u0259rl\u0259 yazd\u0131ran k\u0259\u015ffiyyat\u00e7\u0131 Harun Alqayev Balak\u0259nin G\u0259r\u0259kli k\u0259ndind\u0259 anadan olub. 15 ya\u015f\u0131nda C\u0259m\u015fid Nax\u00e7\u0131vanski ad\u0131na h\u0259rbi lisey\u0259 daxil olan \u015f\u0259hid q\u0259hr\u0259man\u0131m\u0131z oran\u0131 y\u00fcks\u0259k qiym\u0259tl\u0259rl\u0259 bitir\u0259r\u0259k 2010-cu ild\u0259&hellip;","_links":{"self":[{"href":"https:\/\/arantv.az\/index.php?rest_route=\/wp\/v2\/posts\/268505"}],"collection":[{"href":"https:\/\/arantv.az\/index.php?rest_route=\/wp\/v2\/posts"}],"about":[{"href":"https:\/\/arantv.az\/index.php?rest_route=\/wp\/v2\/types\/post"}],"author":[{"embeddable":true,"href":"https:\/\/arantv.az\/index.php?rest_route=\/wp\/v2\/users\/2"}],"replies":[{"embeddable":true,"href":"https:\/\/arantv.az\/index.php?rest_route=%2Fwp%2Fv2%2Fcomments&post=268505"}],"version-history":[{"count":0,"href":"https:\/\/arantv.az\/index.php?rest_route=\/wp\/v2\/posts\/268505\/revisions"}],"wp:featuredmedia":[{"embeddable":true,"href":"https:\/\/arantv.az\/index.php?rest_route=\/wp\/v2\/media\/268506"}],"wp:attachment":[{"href":"https:\/\/arantv.az\/index.php?rest_route=%2Fwp%2Fv2%2Fmedia&parent=268505"}],"wp:term":[{"taxonomy":"category","embeddable":true,"href":"https:\/\/arantv.az\/index.php?rest_route=%2Fwp%2Fv2%2Fcategories&post=268505"},{"taxonomy":"post_tag","embeddable":true,"href":"https:\/\/arantv.az\/index.php?rest_route=%2Fwp%2Fv2%2Ftags&post=268505"}],"curies":[{"name":"wp","href":"https:\/\/api.w.org\/{rel}","templated":true}]}}