{"id":26853,"date":"2018-12-10T09:31:24","date_gmt":"2018-12-10T06:31:24","guid":{"rendered":"http:\/\/arantv.az\/?p=26853"},"modified":"2018-12-10T09:31:24","modified_gmt":"2018-12-10T06:31:24","slug":"bakida-yolu-kecm%c9%99k-ist%c9%99y%c9%99n-qadini-masin-vurub-oldurdu-video","status":"publish","type":"post","link":"https:\/\/arantv.az\/?p=26853","title":{"rendered":"Bak\u0131da yolu ke\u00e7m\u0259k ist\u0259y\u0259n qad\u0131n\u0131 ma\u015f\u0131n vurub \u00f6ld\u00fcrd\u00fc &#8211; V\u0130DEO"},"content":{"rendered":"<p>Bu g\u00fcn s\u0259h\u0259r saatlar\u0131nda paytaxt\u0131n N\u0259rimanov rayonu \u0259razisind\u0259 piyada \u00f6l\u00fcm\u00fc il\u0259 n\u0259tic\u0259l\u0259n\u0259n yol q\u0259zas\u0131 ba\u015f verib.<\/p>\n<p><strong>ARNTV.AZ<\/strong>-\u0131n Baku.ws-\u0259 istinad\u0259n m\u0259lumat\u0131na g\u00f6r\u0259, q\u0259za D\u0259rn\u0259g\u00fcl yolunda qeyd\u0259 al\u0131n\u0131b.<\/p>\n<p>Orta ya\u015fl\u0131 qad\u0131n\u00a0 piyada ke\u00e7idinin alt\u0131ndan\u00a0yolu ke\u00e7m\u0259y\u0259 c\u0259hd edib. N\u0259tic\u0259d\u0259, \u201cMercedes\u201d markal\u0131 avtomobil\u00a0qad\u0131n\u0131 vurub. Sonuncu hadis\u0259 yerind\u0259 d\u00fcnyas\u0131n\u0131 d\u0259yi\u015fib.<\/p>\n<div id=\"AdributorNativeVideo0\" class=\"AdributorNativeVideo\"><\/div>\n<p>Faktla ba\u011fl\u0131 ara\u015fd\u0131rma apar\u0131l\u0131b.<\/p>\n<div><iframe loading=\"lazy\" src=\"https:\/\/player.baku.tv\/embed\/5535?fbclid=IwAR1zXMrJTyUSqosC1lcA6_396QN3TyltsogB4iH97S0xUZgKTO5KvzjBmnE\" width=\"560\" height=\"315\" frameborder=\"0\" allowfullscreen=\"allowfullscreen\" data-mce-fragment=\"1\"><\/iframe><\/div>\n<p>&nbsp;<\/p>\n","protected":false},"excerpt":{"rendered":"<p>Bu g\u00fcn s\u0259h\u0259r saatlar\u0131nda paytaxt\u0131n N\u0259rimanov rayonu \u0259razisind\u0259 piyada \u00f6l\u00fcm\u00fc il\u0259 n\u0259tic\u0259l\u0259n\u0259n yol q\u0259zas\u0131 ba\u015f verib. ARNTV.AZ-\u0131n Baku.ws-\u0259 istinad\u0259n m\u0259lumat\u0131na g\u00f6r\u0259, q\u0259za D\u0259rn\u0259g\u00fcl yolunda qeyd\u0259 al\u0131n\u0131b. Orta ya\u015fl\u0131 qad\u0131n\u00a0 piyada ke\u00e7idinin alt\u0131ndan\u00a0yolu ke\u00e7m\u0259y\u0259 c\u0259hd edib. N\u0259tic\u0259d\u0259, \u201cMercedes\u201d markal\u0131 avtomobil\u00a0qad\u0131n\u0131 vurub. Sonuncu hadis\u0259 yerind\u0259 d\u00fcnyas\u0131n\u0131 d\u0259yi\u015fib. Faktla ba\u011fl\u0131 ara\u015fd\u0131rma apar\u0131l\u0131b. &nbsp;<\/p>\n","protected":false},"author":2,"featured_media":26854,"comment_status":"closed","ping_status":"closed","sticky":false,"template":"","format":"standard","meta":{"om_disable_all_campaigns":false,"_monsterinsights_skip_tracking":false,"_monsterinsights_sitenote_active":false,"_monsterinsights_sitenote_note":"","_monsterinsights_sitenote_category":0},"categories":[5],"tags":[],"aioseo_notices":[],"gutentor_comment":0,"rttpg_featured_image_url":{"full":["https:\/\/arantv.az\/wp-content\/uploads\/2018\/12\/1544418582_piyada-qezasi.jpg",620,352,false],"landscape":["https:\/\/arantv.az\/wp-content\/uploads\/2018\/12\/1544418582_piyada-qezasi.jpg",620,352,false],"portraits":["https:\/\/arantv.az\/wp-content\/uploads\/2018\/12\/1544418582_piyada-qezasi.jpg",620,352,false],"thumbnail":["https:\/\/arantv.az\/wp-content\/uploads\/2018\/12\/1544418582_piyada-qezasi-150x150.jpg",150,150,true],"medium":["https:\/\/arantv.az\/wp-content\/uploads\/2018\/12\/1544418582_piyada-qezasi-300x170.jpg",300,170,true],"large":["https:\/\/arantv.az\/wp-content\/uploads\/2018\/12\/1544418582_piyada-qezasi.jpg",620,352,false],"1536x1536":["https:\/\/arantv.az\/wp-content\/uploads\/2018\/12\/1544418582_piyada-qezasi.jpg",620,352,false],"2048x2048":["https:\/\/arantv.az\/wp-content\/uploads\/2018\/12\/1544418582_piyada-qezasi.jpg",620,352,false],"post-thumbnail":["https:\/\/arantv.az\/wp-content\/uploads\/2018\/12\/1544418582_piyada-qezasi-240x172.jpg",240,172,true],"advps-thumb-one":["https:\/\/arantv.az\/wp-content\/uploads\/2018\/12\/1544418582_piyada-qezasi.jpg",620,352,false]},"rttpg_author":{"display_name":"V\u00fcsal Rafiqo\u011flu","author_link":"https:\/\/arantv.az\/?author=2"},"rttpg_comment":0,"rttpg_category":"<a href=\"https:\/\/arantv.az\/?cat=5\" rel=\"category\">Hadis\u0259<\/a>","rttpg_excerpt":"Bu g\u00fcn s\u0259h\u0259r saatlar\u0131nda paytaxt\u0131n N\u0259rimanov rayonu \u0259razisind\u0259 piyada \u00f6l\u00fcm\u00fc il\u0259 n\u0259tic\u0259l\u0259n\u0259n yol q\u0259zas\u0131 ba\u015f verib. ARNTV.AZ-\u0131n Baku.ws-\u0259 istinad\u0259n m\u0259lumat\u0131na g\u00f6r\u0259, q\u0259za D\u0259rn\u0259g\u00fcl yolunda qeyd\u0259 al\u0131n\u0131b. Orta ya\u015fl\u0131 qad\u0131n\u00a0 piyada ke\u00e7idinin alt\u0131ndan\u00a0yolu ke\u00e7m\u0259y\u0259 c\u0259hd edib. N\u0259tic\u0259d\u0259, \u201cMercedes\u201d markal\u0131 avtomobil\u00a0qad\u0131n\u0131 vurub. Sonuncu hadis\u0259 yerind\u0259 d\u00fcnyas\u0131n\u0131 d\u0259yi\u015fib. Faktla ba\u011fl\u0131 ara\u015fd\u0131rma apar\u0131l\u0131b. &nbsp;","_links":{"self":[{"href":"https:\/\/arantv.az\/index.php?rest_route=\/wp\/v2\/posts\/26853"}],"collection":[{"href":"https:\/\/arantv.az\/index.php?rest_route=\/wp\/v2\/posts"}],"about":[{"href":"https:\/\/arantv.az\/index.php?rest_route=\/wp\/v2\/types\/post"}],"author":[{"embeddable":true,"href":"https:\/\/arantv.az\/index.php?rest_route=\/wp\/v2\/users\/2"}],"replies":[{"embeddable":true,"href":"https:\/\/arantv.az\/index.php?rest_route=%2Fwp%2Fv2%2Fcomments&post=26853"}],"version-history":[{"count":0,"href":"https:\/\/arantv.az\/index.php?rest_route=\/wp\/v2\/posts\/26853\/revisions"}],"wp:featuredmedia":[{"embeddable":true,"href":"https:\/\/arantv.az\/index.php?rest_route=\/wp\/v2\/media\/26854"}],"wp:attachment":[{"href":"https:\/\/arantv.az\/index.php?rest_route=%2Fwp%2Fv2%2Fmedia&parent=26853"}],"wp:term":[{"taxonomy":"category","embeddable":true,"href":"https:\/\/arantv.az\/index.php?rest_route=%2Fwp%2Fv2%2Fcategories&post=26853"},{"taxonomy":"post_tag","embeddable":true,"href":"https:\/\/arantv.az\/index.php?rest_route=%2Fwp%2Fv2%2Ftags&post=26853"}],"curies":[{"name":"wp","href":"https:\/\/api.w.org\/{rel}","templated":true}]}}