{"id":26868,"date":"2018-12-10T09:46:25","date_gmt":"2018-12-10T06:46:25","guid":{"rendered":"http:\/\/arantv.az\/?p=26868"},"modified":"2018-12-10T09:46:25","modified_gmt":"2018-12-10T06:46:25","slug":"irpen-s%c9%99h%c9%99rind%c9%99-akademik-z%c9%99rif%c9%99-%c9%99liyeva-adina-orta-m%c9%99kt%c9%99bin-23-illiyi-qeyd-edilib","status":"publish","type":"post","link":"https:\/\/arantv.az\/?p=26868","title":{"rendered":"\u0130rpen \u015f\u0259h\u0259rind\u0259 akademik Z\u0259rif\u0259 \u018fliyeva ad\u0131na orta m\u0259kt\u0259bin 23 illiyi qeyd edilib"},"content":{"rendered":"<p><strong>ARANTV.AZ<\/strong> x\u0259b\u0259r verir ki, Ukraynan\u0131n \u0130rpen \u015f\u0259h\u0259rind\u0259 akademik Z\u0259rif\u0259 \u018fliyevan\u0131n ad\u0131n\u0131 da\u015f\u0131yan 12 sayl\u0131 orta m\u0259kt\u0259bin yaranmas\u0131n\u0131n 23 illiyin\u0259 v\u0259 g\u00f6rk\u0259mli oftalmoloq alimin elmi f\u0259aliyy\u0259tin\u0259 h\u0259sr olunan \u00a0t\u0259dbir ke\u00e7irilib.<\/p>\n<p>2015-ci ild\u0259n g\u00f6rk\u0259mli oftalmoloq alim, akademik Z\u0259rif\u0259 \u018fliyevan\u0131n ad\u0131n\u0131 da\u015f\u0131yan 12 sayl\u0131 orta \u00fcmumt\u0259hsil m\u0259kt\u0259bi d\u0259qiq elml\u0259rin t\u0259dris m\u0259rk\u0259zi kimi tan\u0131nsada, burada \u0130ngilis, \u00c7in, Frans\u0131z v\u0259\u00a0 dig\u0259r xarici dill\u0259r d\u0259 y\u00fcks\u0259k s\u0259viyy\u0259d\u0259\u00a0 t\u0259dris edilir. T\u0259hsil oca\u011f\u0131n\u0131n yaranmas\u0131n\u0131n 23 illiyi m\u00fcnasib\u0259ti il\u0259 ba\u011fl\u0131 ke\u00e7iril\u0259n t\u0259dbird\u0259 m\u0259kt\u0259bin direktoru Valentina\u00a0 Antonenko h\u0259yat\u0131n\u0131 tibb elminin inki\u015faf\u0131na h\u0259sr ed\u0259n akademik Z\u0259rif\u0259 \u018fliyevan\u0131n z\u0259ngin \u00f6m\u00fcr yolundan b\u0259hs etdi. O, 13 xarici dilin t\u0259dris olundu\u011funu m\u0259kt\u0259bin\u00a0 Z\u0259rif\u0259 \u018fliyeva kimi\u00a0elm f\u0259daisinin ad\u0131n\u0131 da\u015f\u0131mas\u0131ndan q\u00fcrur\u00a0 duydu\u011funu bildirib.<\/p>\n<p>Az\u0259rbaycan v\u0259 Ukrayna aras\u0131ndak\u0131 tarixi dostluq \u0259laq\u0259l\u0259rind\u0259n s\u00f6z a\u00e7an \u00f6lk\u0259mizin Ukraynadak\u0131 s\u0259firliyinin m\u00fc\u015faviri V\u00fcsal S\u00fcleymanov bu m\u0259kt\u0259bin \u00f6lk\u0259miz \u00fc\u00e7\u00fcn x\u00fcsusi \u0259h\u0259miyy\u0259t k\u0259sb etdiyini vur\u011fulad\u0131. T\u0259dbird\u0259 g\u00f6rk\u0259mli akademik elmi f\u0259aliyy\u0259ti haqq\u0131nda geni\u015f m\u0259lumat verildi. Qeyd edildi ki, Heyd\u0259r \u018fliyev kimi dahi bir \u015f\u0259xsiyy\u0259t\u0259 s\u0259daq\u0259tli \u00f6m\u00fcr-g\u00fcn yolda\u015f\u0131 olan Z\u0259rif\u0259 \u018fliyeva \u0259sl ziyal\u0131 alim, mehriban v\u0259 qay\u011f\u0131ke\u015f ana obraz\u0131n\u0131n t\u0259c\u0259ss\u00fcm\u00fcn\u0259 \u00e7evrilib. T\u0259dbir \u015fagirdl\u0259rin haz\u0131rlad\u0131qlar\u0131 \u0259d\u0259bi-b\u0259dii hiss\u0259 il\u0259 ba\u015fa \u00e7atd\u0131.<\/p>\n","protected":false},"excerpt":{"rendered":"<p>ARANTV.AZ x\u0259b\u0259r verir ki, Ukraynan\u0131n \u0130rpen \u015f\u0259h\u0259rind\u0259 akademik Z\u0259rif\u0259 \u018fliyevan\u0131n ad\u0131n\u0131 da\u015f\u0131yan 12 sayl\u0131 orta m\u0259kt\u0259bin yaranmas\u0131n\u0131n 23 illiyin\u0259 v\u0259 g\u00f6rk\u0259mli oftalmoloq alimin elmi f\u0259aliyy\u0259tin\u0259 h\u0259sr olunan \u00a0t\u0259dbir ke\u00e7irilib. 2015-ci ild\u0259n g\u00f6rk\u0259mli oftalmoloq alim, akademik Z\u0259rif\u0259 \u018fliyevan\u0131n ad\u0131n\u0131 da\u015f\u0131yan 12 sayl\u0131 orta \u00fcmumt\u0259hsil m\u0259kt\u0259bi d\u0259qiq elml\u0259rin t\u0259dris m\u0259rk\u0259zi kimi tan\u0131nsada, burada \u0130ngilis, \u00c7in, Frans\u0131z v\u0259\u00a0 dig\u0259r xarici dill\u0259r d\u0259 y\u00fcks\u0259k s\u0259viyy\u0259d\u0259\u00a0 t\u0259dris edilir. T\u0259hsil oca\u011f\u0131n\u0131n yaranmas\u0131n\u0131n 23 illiyi m\u00fcnasib\u0259ti il\u0259 ba\u011fl\u0131 ke\u00e7iril\u0259n t\u0259dbird\u0259 m\u0259kt\u0259bin direktoru Valentina\u00a0 Antonenko h\u0259yat\u0131n\u0131 tibb elminin inki\u015faf\u0131na h\u0259sr ed\u0259n akademik Z\u0259rif\u0259 \u018fliyevan\u0131n z\u0259ngin \u00f6m\u00fcr yolundan b\u0259hs&hellip;<\/p>\n","protected":false},"author":2,"featured_media":26869,"comment_status":"closed","ping_status":"closed","sticky":false,"template":"","format":"standard","meta":{"om_disable_all_campaigns":false,"_monsterinsights_skip_tracking":false,"_monsterinsights_sitenote_active":false,"_monsterinsights_sitenote_note":"","_monsterinsights_sitenote_category":0},"categories":[1],"tags":[],"aioseo_notices":[],"gutentor_comment":0,"rttpg_featured_image_url":{"full":["https:\/\/arantv.az\/wp-content\/uploads\/2018\/12\/g4fvt3mc22evf5d5k5q5ko3t14zer.jpg",1000,617,false],"landscape":["https:\/\/arantv.az\/wp-content\/uploads\/2018\/12\/g4fvt3mc22evf5d5k5q5ko3t14zer.jpg",1000,617,false],"portraits":["https:\/\/arantv.az\/wp-content\/uploads\/2018\/12\/g4fvt3mc22evf5d5k5q5ko3t14zer.jpg",1000,617,false],"thumbnail":["https:\/\/arantv.az\/wp-content\/uploads\/2018\/12\/g4fvt3mc22evf5d5k5q5ko3t14zer-150x150.jpg",150,150,true],"medium":["https:\/\/arantv.az\/wp-content\/uploads\/2018\/12\/g4fvt3mc22evf5d5k5q5ko3t14zer-300x185.jpg",300,185,true],"large":["https:\/\/arantv.az\/wp-content\/uploads\/2018\/12\/g4fvt3mc22evf5d5k5q5ko3t14zer.jpg",640,395,false],"1536x1536":["https:\/\/arantv.az\/wp-content\/uploads\/2018\/12\/g4fvt3mc22evf5d5k5q5ko3t14zer.jpg",1000,617,false],"2048x2048":["https:\/\/arantv.az\/wp-content\/uploads\/2018\/12\/g4fvt3mc22evf5d5k5q5ko3t14zer.jpg",1000,617,false],"post-thumbnail":["https:\/\/arantv.az\/wp-content\/uploads\/2018\/12\/g4fvt3mc22evf5d5k5q5ko3t14zer-240x172.jpg",240,172,true],"advps-thumb-one":["https:\/\/arantv.az\/wp-content\/uploads\/2018\/12\/g4fvt3mc22evf5d5k5q5ko3t14zer.jpg",1000,617,false]},"rttpg_author":{"display_name":"V\u00fcsal Rafiqo\u011flu","author_link":"https:\/\/arantv.az\/?author=2"},"rttpg_comment":0,"rttpg_category":"<a href=\"https:\/\/arantv.az\/?cat=1\" rel=\"category\">C\u0259miyy\u0259t<\/a>","rttpg_excerpt":"ARANTV.AZ x\u0259b\u0259r verir ki, Ukraynan\u0131n \u0130rpen \u015f\u0259h\u0259rind\u0259 akademik Z\u0259rif\u0259 \u018fliyevan\u0131n ad\u0131n\u0131 da\u015f\u0131yan 12 sayl\u0131 orta m\u0259kt\u0259bin yaranmas\u0131n\u0131n 23 illiyin\u0259 v\u0259 g\u00f6rk\u0259mli oftalmoloq alimin elmi f\u0259aliyy\u0259tin\u0259 h\u0259sr olunan \u00a0t\u0259dbir ke\u00e7irilib. 2015-ci ild\u0259n g\u00f6rk\u0259mli oftalmoloq alim, akademik Z\u0259rif\u0259 \u018fliyevan\u0131n ad\u0131n\u0131 da\u015f\u0131yan 12 sayl\u0131 orta \u00fcmumt\u0259hsil m\u0259kt\u0259bi d\u0259qiq elml\u0259rin t\u0259dris m\u0259rk\u0259zi kimi tan\u0131nsada, burada \u0130ngilis, \u00c7in, Frans\u0131z v\u0259\u00a0&hellip;","_links":{"self":[{"href":"https:\/\/arantv.az\/index.php?rest_route=\/wp\/v2\/posts\/26868"}],"collection":[{"href":"https:\/\/arantv.az\/index.php?rest_route=\/wp\/v2\/posts"}],"about":[{"href":"https:\/\/arantv.az\/index.php?rest_route=\/wp\/v2\/types\/post"}],"author":[{"embeddable":true,"href":"https:\/\/arantv.az\/index.php?rest_route=\/wp\/v2\/users\/2"}],"replies":[{"embeddable":true,"href":"https:\/\/arantv.az\/index.php?rest_route=%2Fwp%2Fv2%2Fcomments&post=26868"}],"version-history":[{"count":0,"href":"https:\/\/arantv.az\/index.php?rest_route=\/wp\/v2\/posts\/26868\/revisions"}],"wp:featuredmedia":[{"embeddable":true,"href":"https:\/\/arantv.az\/index.php?rest_route=\/wp\/v2\/media\/26869"}],"wp:attachment":[{"href":"https:\/\/arantv.az\/index.php?rest_route=%2Fwp%2Fv2%2Fmedia&parent=26868"}],"wp:term":[{"taxonomy":"category","embeddable":true,"href":"https:\/\/arantv.az\/index.php?rest_route=%2Fwp%2Fv2%2Fcategories&post=26868"},{"taxonomy":"post_tag","embeddable":true,"href":"https:\/\/arantv.az\/index.php?rest_route=%2Fwp%2Fv2%2Ftags&post=26868"}],"curies":[{"name":"wp","href":"https:\/\/api.w.org\/{rel}","templated":true}]}}