{"id":26871,"date":"2018-12-10T09:51:59","date_gmt":"2018-12-10T06:51:59","guid":{"rendered":"http:\/\/arantv.az\/?p=26871"},"modified":"2018-12-10T09:51:59","modified_gmt":"2018-12-10T06:51:59","slug":"ilham-%c9%99liyev-turkiy%c9%99nin-k%c9%99nd-t%c9%99s%c9%99rrufati-v%c9%99-mes%c9%99cilik-nazirinin-basciliq-etdiyi-numay%c9%99nd%c9%99-hey%c9%99tini-q%c9%99bul-edib","status":"publish","type":"post","link":"https:\/\/arantv.az\/?p=26871","title":{"rendered":"\u0130lham \u018fliyev T\u00fcrkiy\u0259nin k\u0259nd t\u0259s\u0259rr\u00fcfat\u0131 v\u0259 me\u015f\u0259\u00e7ilik nazirinin ba\u015f\u00e7\u0131l\u0131q etdiyi n\u00fcmay\u0259nd\u0259 hey\u0259tini q\u0259bul edib"},"content":{"rendered":"<p><strong>ARANTV.AZ<\/strong> x\u0259b\u0259r verir ki, Az\u0259rbaycan Respublikas\u0131n\u0131n Prezidenti \u0130lham \u018fliyev dekabr\u0131n 10-da T\u00fcrkiy\u0259 Respublikas\u0131n\u0131n k\u0259nd t\u0259s\u0259rr\u00fcfat\u0131 v\u0259 me\u015f\u0259\u00e7ilik naziri Bekir Pakdemirlinin ba\u015f\u00e7\u0131l\u0131q etdiyi n\u00fcmay\u0259nd\u0259 hey\u0259tini q\u0259bul edib.<\/p>\n","protected":false},"excerpt":{"rendered":"<p>ARANTV.AZ x\u0259b\u0259r verir ki, Az\u0259rbaycan Respublikas\u0131n\u0131n Prezidenti \u0130lham \u018fliyev dekabr\u0131n 10-da T\u00fcrkiy\u0259 Respublikas\u0131n\u0131n k\u0259nd t\u0259s\u0259rr\u00fcfat\u0131 v\u0259 me\u015f\u0259\u00e7ilik naziri Bekir Pakdemirlinin ba\u015f\u00e7\u0131l\u0131q etdiyi n\u00fcmay\u0259nd\u0259 hey\u0259tini q\u0259bul edib.<\/p>\n","protected":false},"author":2,"featured_media":26872,"comment_status":"closed","ping_status":"closed","sticky":false,"template":"","format":"standard","meta":{"om_disable_all_campaigns":false,"_monsterinsights_skip_tracking":false,"_monsterinsights_sitenote_active":false,"_monsterinsights_sitenote_note":"","_monsterinsights_sitenote_category":0},"categories":[8],"tags":[],"aioseo_notices":[],"gutentor_comment":0,"rttpg_featured_image_url":{"full":["https:\/\/arantv.az\/wp-content\/uploads\/2018\/12\/eliyev-pakdemirli.jpg",600,351,false],"landscape":["https:\/\/arantv.az\/wp-content\/uploads\/2018\/12\/eliyev-pakdemirli.jpg",600,351,false],"portraits":["https:\/\/arantv.az\/wp-content\/uploads\/2018\/12\/eliyev-pakdemirli.jpg",600,351,false],"thumbnail":["https:\/\/arantv.az\/wp-content\/uploads\/2018\/12\/eliyev-pakdemirli-150x150.jpg",150,150,true],"medium":["https:\/\/arantv.az\/wp-content\/uploads\/2018\/12\/eliyev-pakdemirli-300x176.jpg",300,176,true],"large":["https:\/\/arantv.az\/wp-content\/uploads\/2018\/12\/eliyev-pakdemirli.jpg",600,351,false],"1536x1536":["https:\/\/arantv.az\/wp-content\/uploads\/2018\/12\/eliyev-pakdemirli.jpg",600,351,false],"2048x2048":["https:\/\/arantv.az\/wp-content\/uploads\/2018\/12\/eliyev-pakdemirli.jpg",600,351,false],"post-thumbnail":["https:\/\/arantv.az\/wp-content\/uploads\/2018\/12\/eliyev-pakdemirli-240x172.jpg",240,172,true],"advps-thumb-one":["https:\/\/arantv.az\/wp-content\/uploads\/2018\/12\/eliyev-pakdemirli.jpg",600,351,false]},"rttpg_author":{"display_name":"V\u00fcsal Rafiqo\u011flu","author_link":"https:\/\/arantv.az\/?author=2"},"rttpg_comment":0,"rttpg_category":"<a href=\"https:\/\/arantv.az\/?cat=8\" rel=\"category\">\u018fsas s\u0259hif\u0259<\/a>","rttpg_excerpt":"ARANTV.AZ x\u0259b\u0259r verir ki, Az\u0259rbaycan Respublikas\u0131n\u0131n Prezidenti \u0130lham \u018fliyev dekabr\u0131n 10-da T\u00fcrkiy\u0259 Respublikas\u0131n\u0131n k\u0259nd t\u0259s\u0259rr\u00fcfat\u0131 v\u0259 me\u015f\u0259\u00e7ilik naziri Bekir Pakdemirlinin ba\u015f\u00e7\u0131l\u0131q etdiyi n\u00fcmay\u0259nd\u0259 hey\u0259tini q\u0259bul edib.","_links":{"self":[{"href":"https:\/\/arantv.az\/index.php?rest_route=\/wp\/v2\/posts\/26871"}],"collection":[{"href":"https:\/\/arantv.az\/index.php?rest_route=\/wp\/v2\/posts"}],"about":[{"href":"https:\/\/arantv.az\/index.php?rest_route=\/wp\/v2\/types\/post"}],"author":[{"embeddable":true,"href":"https:\/\/arantv.az\/index.php?rest_route=\/wp\/v2\/users\/2"}],"replies":[{"embeddable":true,"href":"https:\/\/arantv.az\/index.php?rest_route=%2Fwp%2Fv2%2Fcomments&post=26871"}],"version-history":[{"count":0,"href":"https:\/\/arantv.az\/index.php?rest_route=\/wp\/v2\/posts\/26871\/revisions"}],"wp:featuredmedia":[{"embeddable":true,"href":"https:\/\/arantv.az\/index.php?rest_route=\/wp\/v2\/media\/26872"}],"wp:attachment":[{"href":"https:\/\/arantv.az\/index.php?rest_route=%2Fwp%2Fv2%2Fmedia&parent=26871"}],"wp:term":[{"taxonomy":"category","embeddable":true,"href":"https:\/\/arantv.az\/index.php?rest_route=%2Fwp%2Fv2%2Fcategories&post=26871"},{"taxonomy":"post_tag","embeddable":true,"href":"https:\/\/arantv.az\/index.php?rest_route=%2Fwp%2Fv2%2Ftags&post=26871"}],"curies":[{"name":"wp","href":"https:\/\/api.w.org\/{rel}","templated":true}]}}