{"id":268744,"date":"2021-01-09T13:33:55","date_gmt":"2021-01-09T10:33:55","guid":{"rendered":"http:\/\/arantv.az\/?p=268744"},"modified":"2021-01-09T13:33:55","modified_gmt":"2021-01-09T10:33:55","slug":"mixail-taratuta-indi-h%c9%99r-sey-baydend%c9%99n-asilidir-abs-da-ciddi-qarsidurmalar-gozl%c9%99nilir","status":"publish","type":"post","link":"https:\/\/arantv.az\/?p=268744","title":{"rendered":"Mixail Taratuta: \u201c\u0130ndi h\u0259r \u015fey Baydend\u0259n as\u0131l\u0131d\u0131r, AB\u015e-da ciddi qar\u015f\u0131durmalar g\u00f6zl\u0259nilir\u201d"},"content":{"rendered":"<p>AB\u015e-da v\u0259ziyy\u0259t qar\u0131\u015f\u0131q olaraq qalma\u011fa davam edir. Tramp hakimiyy\u0259ti dinc yolla \u00f6t\u00fcrm\u0259y\u0259 haz\u0131r oldu\u011funu, lakin se\u00e7kinin n\u0259tic\u0259l\u0259ri il\u0259 raz\u0131la\u015fmad\u0131\u011f\u0131n\u0131 deyir. Amerikal\u0131lar\u0131 bundan sonra hans\u0131 s\u00fcrprizl\u0259r g\u00f6zl\u0259yir?<\/p>\n<p><a href=\"https:\/\/media.az\/politics\/1067805900\/seychas-moralnogo-prevoshodstva-u-ssha-net-intervyu-mediaaz-s-mihailom-taratutoy\/\" target=\"_blank\" rel=\"noopener\">Media.Az<\/a>\u00a0bununla ba\u011fl\u0131 Sovet v\u0259 Rusiyan\u0131n \u0259fsan\u0259vi jurnalisti, m\u0259\u015fhur \u201cAmerika Mixail Taratuta il\u0259\u201d, \u201cRusiya t\u0259p\u0259l\u0259ri\u201d proqramlar\u0131n\u0131n m\u00fc\u0259llifi v\u0259 apar\u0131c\u0131s\u0131 Mixail Taratuta il\u0259 s\u00f6hb\u0259t edib.<\/p>\n<p>Onun s\u00f6zl\u0259rin\u0259 g\u00f6r\u0259, AB\u015e-da hakimiyy\u0259tin \u00f6t\u00fcr\u00fclm\u0259si bar\u0259d\u0259 art\u0131q h\u0259r \u015fey h\u0259ll olunub.<\/p>\n<div id=\"AdviadNativeVideo0\" class=\"AdviadNativeVideo\"><\/div>\n<p>\u201c\u00c7ox \u015fey Co Baydenin hans\u0131 siyas\u0259ti y\u00fcr\u00fcd\u0259c\u0259yind\u0259n as\u0131l\u0131 olacaq. Haz\u0131rda o, se\u00e7ki v\u0259dl\u0259rind\u0259n, sol\u00e7ularla raz\u0131la\u015fd\u0131r\u0131lm\u0131\u015f platformas\u0131ndan geri \u00e7\u0259kilir. Onlar\u0131n \u00fcmumi mara\u011f\u0131 var idi &#8211; Trampla m\u00fcbariz\u0259. Demokratlar qalib g\u0259ldikd\u0259n sonra, Bayden v\u0259dl\u0259rind\u0259n imtina etm\u0259y\u0259 ba\u015flay\u0131b\u201d.<\/p>\n<p>Siyasi analitik bu tendensiyan\u0131n davam ed\u0259c\u0259yi t\u0259qdird\u0259 AB\u015e-\u0131n se\u00e7il\u0259n prezidentinin sol\u00e7ularla problem ya\u015fayaca\u011f\u0131n\u0131, lakin tramp\u00e7\u0131larla g\u00fccl\u00fc qar\u015f\u0131durman\u0131n olmayaca\u011f\u0131n\u0131 bildirib:<\/p>\n<p>\u201c\u018fg\u0259r Co Bayden\u00a0partiyas\u0131n\u0131n sol qanad\u0131n\u0131n\u00a0maraql\u0131 oldu\u011fu g\u00fcnd\u0259liyi h\u0259yata ke\u00e7ir\u0259rs\u0259, onda (6 yanvarda Va\u015finqtonda &#8211; red.) g\u00f6rd\u00fcy\u00fcm\u00fcz q\u0259d\u0259r ciddi probleml\u0259r ya\u015fana bil\u0259r\u201d, &#8211; dey\u0259 o, \u0259lav\u0259 edib.<\/p>\n<p>M\u00fcsahib qeyd edib ki, insanlar fikirl\u0259rini ifad\u0259 etm\u0259k v\u0259 h\u0259r hans\u0131 bir \u015f\u0259kild\u0259 t\u0259sir g\u00f6st\u0259rm\u0259k imkan\u0131na malik olmal\u0131d\u0131r.<\/p>\n<p>\u201cSosial media r\u0259hb\u0259rliyi m\u00f6vqel\u0259rin\u0259 zidd fikirl\u0259ri (x\u00fcsus\u0259n Tramp\u0131n a\u00e7\u0131qlamalar\u0131n\u0131) bloklama\u011fa ba\u015flay\u0131b. Halbuki \u00f6lk\u0259nin dem\u0259k olar ki, yar\u0131s\u0131 Donald Trampa s\u0259s verib. \u018fg\u0259r demokratlar bu insanlarla hesabla\u015fmasa, ba\u015fqa variantlar\u0131n axtar\u0131\u015f\u0131 ba\u015flanacaq v\u0259 ciddi qar\u015f\u0131durmalar m\u00fcmk\u00fcnd\u00fcr\u201d.<\/p>\n<p>M.Taratuta indi h\u0259r \u015feyin Co Baydend\u0259n, onun sol\u00e7u, yaxud m\u0259rk\u0259z\u00e7i siyas\u0259t aparmas\u0131ndan as\u0131l\u0131 oldu\u011funu deyib.<\/p>\n<p>\u201c\u0130kinci se\u00e7im olarsa, \u00f6lk\u0259d\u0259ki v\u0259ziyy\u0259t nisb\u0259t\u0259n daha s\u00fclh yolu il\u0259 h\u0259ll edil\u0259c\u0259k\u201d, &#8211; dey\u0259 analitik vur\u011fulay\u0131b.<\/p>\n","protected":false},"excerpt":{"rendered":"<p>AB\u015e-da v\u0259ziyy\u0259t qar\u0131\u015f\u0131q olaraq qalma\u011fa davam edir. Tramp hakimiyy\u0259ti dinc yolla \u00f6t\u00fcrm\u0259y\u0259 haz\u0131r oldu\u011funu, lakin se\u00e7kinin n\u0259tic\u0259l\u0259ri il\u0259 raz\u0131la\u015fmad\u0131\u011f\u0131n\u0131 deyir. Amerikal\u0131lar\u0131 bundan sonra hans\u0131 s\u00fcrprizl\u0259r g\u00f6zl\u0259yir? Media.Az\u00a0bununla ba\u011fl\u0131 Sovet v\u0259 Rusiyan\u0131n \u0259fsan\u0259vi jurnalisti, m\u0259\u015fhur \u201cAmerika Mixail Taratuta il\u0259\u201d, \u201cRusiya t\u0259p\u0259l\u0259ri\u201d proqramlar\u0131n\u0131n m\u00fc\u0259llifi v\u0259 apar\u0131c\u0131s\u0131 Mixail Taratuta il\u0259 s\u00f6hb\u0259t edib. Onun s\u00f6zl\u0259rin\u0259 g\u00f6r\u0259, AB\u015e-da hakimiyy\u0259tin \u00f6t\u00fcr\u00fclm\u0259si bar\u0259d\u0259 art\u0131q h\u0259r \u015fey h\u0259ll olunub. \u201c\u00c7ox \u015fey Co Baydenin hans\u0131 siyas\u0259ti y\u00fcr\u00fcd\u0259c\u0259yind\u0259n as\u0131l\u0131 olacaq. Haz\u0131rda o, se\u00e7ki v\u0259dl\u0259rind\u0259n, sol\u00e7ularla raz\u0131la\u015fd\u0131r\u0131lm\u0131\u015f platformas\u0131ndan geri \u00e7\u0259kilir. Onlar\u0131n \u00fcmumi mara\u011f\u0131 var idi &#8211; Trampla m\u00fcbariz\u0259. Demokratlar qalib g\u0259ldikd\u0259n&hellip;<\/p>\n","protected":false},"author":2,"featured_media":268745,"comment_status":"closed","ping_status":"closed","sticky":false,"template":"","format":"standard","meta":{"om_disable_all_campaigns":false,"_monsterinsights_skip_tracking":false,"_monsterinsights_sitenote_active":false,"_monsterinsights_sitenote_note":"","_monsterinsights_sitenote_category":0},"categories":[4],"tags":[],"aioseo_notices":[],"gutentor_comment":0,"rttpg_featured_image_url":{"full":["https:\/\/arantv.az\/wp-content\/uploads\/2021\/01\/1610079112_m_taratuta.jpg",620,331,false],"landscape":["https:\/\/arantv.az\/wp-content\/uploads\/2021\/01\/1610079112_m_taratuta.jpg",620,331,false],"portraits":["https:\/\/arantv.az\/wp-content\/uploads\/2021\/01\/1610079112_m_taratuta.jpg",620,331,false],"thumbnail":["https:\/\/arantv.az\/wp-content\/uploads\/2021\/01\/1610079112_m_taratuta-150x150.jpg",150,150,true],"medium":["https:\/\/arantv.az\/wp-content\/uploads\/2021\/01\/1610079112_m_taratuta-300x160.jpg",300,160,true],"large":["https:\/\/arantv.az\/wp-content\/uploads\/2021\/01\/1610079112_m_taratuta.jpg",620,331,false],"1536x1536":["https:\/\/arantv.az\/wp-content\/uploads\/2021\/01\/1610079112_m_taratuta.jpg",620,331,false],"2048x2048":["https:\/\/arantv.az\/wp-content\/uploads\/2021\/01\/1610079112_m_taratuta.jpg",620,331,false],"post-thumbnail":["https:\/\/arantv.az\/wp-content\/uploads\/2021\/01\/1610079112_m_taratuta-240x172.jpg",240,172,true],"advps-thumb-one":["https:\/\/arantv.az\/wp-content\/uploads\/2021\/01\/1610079112_m_taratuta.jpg",620,331,false]},"rttpg_author":{"display_name":"V\u00fcsal Rafiqo\u011flu","author_link":"https:\/\/arantv.az\/?author=2"},"rttpg_comment":0,"rttpg_category":"<a href=\"https:\/\/arantv.az\/?cat=4\" rel=\"category\">Siyas\u0259t<\/a>","rttpg_excerpt":"AB\u015e-da v\u0259ziyy\u0259t qar\u0131\u015f\u0131q olaraq qalma\u011fa davam edir. Tramp hakimiyy\u0259ti dinc yolla \u00f6t\u00fcrm\u0259y\u0259 haz\u0131r oldu\u011funu, lakin se\u00e7kinin n\u0259tic\u0259l\u0259ri il\u0259 raz\u0131la\u015fmad\u0131\u011f\u0131n\u0131 deyir. Amerikal\u0131lar\u0131 bundan sonra hans\u0131 s\u00fcrprizl\u0259r g\u00f6zl\u0259yir? Media.Az\u00a0bununla ba\u011fl\u0131 Sovet v\u0259 Rusiyan\u0131n \u0259fsan\u0259vi jurnalisti, m\u0259\u015fhur \u201cAmerika Mixail Taratuta il\u0259\u201d, \u201cRusiya t\u0259p\u0259l\u0259ri\u201d proqramlar\u0131n\u0131n m\u00fc\u0259llifi v\u0259 apar\u0131c\u0131s\u0131 Mixail Taratuta il\u0259 s\u00f6hb\u0259t edib. Onun s\u00f6zl\u0259rin\u0259 g\u00f6r\u0259, AB\u015e-da hakimiyy\u0259tin \u00f6t\u00fcr\u00fclm\u0259si&hellip;","_links":{"self":[{"href":"https:\/\/arantv.az\/index.php?rest_route=\/wp\/v2\/posts\/268744"}],"collection":[{"href":"https:\/\/arantv.az\/index.php?rest_route=\/wp\/v2\/posts"}],"about":[{"href":"https:\/\/arantv.az\/index.php?rest_route=\/wp\/v2\/types\/post"}],"author":[{"embeddable":true,"href":"https:\/\/arantv.az\/index.php?rest_route=\/wp\/v2\/users\/2"}],"replies":[{"embeddable":true,"href":"https:\/\/arantv.az\/index.php?rest_route=%2Fwp%2Fv2%2Fcomments&post=268744"}],"version-history":[{"count":0,"href":"https:\/\/arantv.az\/index.php?rest_route=\/wp\/v2\/posts\/268744\/revisions"}],"wp:featuredmedia":[{"embeddable":true,"href":"https:\/\/arantv.az\/index.php?rest_route=\/wp\/v2\/media\/268745"}],"wp:attachment":[{"href":"https:\/\/arantv.az\/index.php?rest_route=%2Fwp%2Fv2%2Fmedia&parent=268744"}],"wp:term":[{"taxonomy":"category","embeddable":true,"href":"https:\/\/arantv.az\/index.php?rest_route=%2Fwp%2Fv2%2Fcategories&post=268744"},{"taxonomy":"post_tag","embeddable":true,"href":"https:\/\/arantv.az\/index.php?rest_route=%2Fwp%2Fv2%2Ftags&post=268744"}],"curies":[{"name":"wp","href":"https:\/\/api.w.org\/{rel}","templated":true}]}}