{"id":268756,"date":"2021-01-09T13:35:34","date_gmt":"2021-01-09T10:35:34","guid":{"rendered":"http:\/\/arantv.az\/?p=268756"},"modified":"2021-01-09T13:35:34","modified_gmt":"2021-01-09T10:35:34","slug":"s%c9%99hid-olan-iki-h%c9%99rbi-qulluqcumuzun-guz%c9%99stli-m%c9%99nzill%c9%99ri-ail%c9%99l%c9%99rin%c9%99-t%c9%99qdim-edildi","status":"publish","type":"post","link":"https:\/\/arantv.az\/?p=268756","title":{"rendered":"\u015e\u0259hid olan iki h\u0259rbi qulluq\u00e7umuzun g\u00fcz\u0259\u015ftli m\u0259nzill\u0259ri ail\u0259l\u0259rin\u0259 t\u0259qdim edildi"},"content":{"rendered":"<p>V\u0259t\u0259n M\u00fcharib\u0259sind\u0259 \u015f\u0259hid olan iki\u00a0h\u0259rbi qulluq\u00e7umuzun g\u00fcz\u0259\u015ftli m\u0259nzill\u0259ri ail\u0259l\u0259rin\u0259 t\u0259qdim edilib.<\/p>\n<p>M\u0259nzil \u0130n\u015faat\u0131 D\u00f6vl\u0259t Agentliyinin n\u00f6vb\u0259ti layih\u0259si &#8211; H\u00f6vsan Ya\u015fay\u0131\u015f Kompleksind\u0259 m\u0259nzil se\u00e7mi\u015f, lakin V\u0259t\u0259n M\u00fcharib\u0259sind\u0259 \u015f\u0259hidlik zirv\u0259sin\u0259 ucalm\u0131\u015f iki h\u0259rb\u00e7inin ail\u0259 \u00fczvl\u0259rinin m\u0259nzill\u0259rl\u0259 t\u0259min edilm\u0259sini M\u0130DA-n\u0131n \u00f6z \u00f6hd\u0259sin\u0259 g\u00f6t\u00fcr\u00fcb.<\/p>\n<p>Bel\u0259 ki, \u201cG\u00fcz\u0259\u015ftli m\u0259nzil\u201d sistemind\u0259 \u201c\u0259n az\u0131 \u00fc\u00e7\u00a0il h\u0259rbi xidm\u0259td\u0259 olan, h\u0259m\u00e7inin, ehtiyata v\u0259 istefaya burax\u0131lm\u0131\u015f Az\u0259rbaycan Respublikas\u0131n\u0131n h\u0259rbi qulluq\u00e7ular\u0131\u201d kateqoriyas\u0131 il\u0259 qeydiyyatdan ke\u00e7\u0259n 1991-ci il t\u0259v\u0259ll\u00fcdl\u00fc H\u00fcseynov Orxan B\u0259hm\u0259n o\u011flu v\u0259 1994-c\u00fc il t\u0259v\u0259ll\u00fcdl\u00fc H\u00fcseynov F\u0259rid F\u0259t\u0259li o\u011flu 10.09.2020-ci il tarixind\u0259 M\u0259nzil \u0130n\u015faat\u0131 D\u00f6vl\u0259t Agentliyinin H\u00f6vsan Ya\u015fay\u0131\u015f Kompleksind\u0259 m\u0259nzill\u0259rin sat\u0131\u015f\u0131nda u\u011furla i\u015ftirak ed\u0259r\u0259k ikiotaql\u0131 m\u0259nzil se\u00e7ibl\u0259r.<\/p>\n<div id=\"AdviadNativeVideo0\" class=\"AdviadNativeVideo\"><\/div>\n<p>2020-ci il sentyabr\u0131n 27-d\u0259 Az\u0259rbaycan Respublikas\u0131n\u0131n suverenliyi v\u0259 \u0259razi b\u00fct\u00f6vl\u00fcy\u00fc u\u011frunda ged\u0259n m\u00fcbariz\u0259y\u0259 qo\u015fulan h\u0259r iki h\u0259rb\u00e7imiz can\u0131ndan, qan\u0131ndan ke\u00e7\u0259r\u0259k, \u015f\u0259hidlik zirv\u0259zin\u0259 ucald\u0131\u011f\u0131ndan m\u0259nzill\u0259rin r\u0259smil\u0259\u015fdirilm\u0259si m\u00fcmk\u00fcn olmay\u0131b.<\/p>\n<p>\u00d6lk\u0259 ba\u015f\u00e7\u0131s\u0131n\u0131n siyas\u0259tin\u0259 uy\u011fun olaraq h\u0259r iki h\u0259rbi qulluq\u00e7umuz t\u0259r\u0259find\u0259n se\u00e7il\u0259n m\u0259nzill\u0259r onlar\u0131n ail\u0259l\u0259rin\u0259 t\u0259qdim edilib.<\/p>\n<p>M\u0259nzill\u0259 t\u0259min olunmu\u015f \u015f\u0259hid ail\u0259l\u0259ri xalq\u0131m\u0131za tarixi Z\u0259f\u0259ri b\u0259x\u015f ed\u0259n Silahl\u0131 Q\u00fcvv\u0259l\u0259rin M\u00fcz\u0259ff\u0259r Ali Ba\u015f Komandan\u0131 \u0130lham \u018fliyev v\u0259 Silahl\u0131 Q\u00fcvv\u0259l\u0259rimizl\u0259 q\u00fcrur duyduqlar\u0131n\u0131 qeyd edibl\u0259r.<\/p>\n<p>Onlara g\u00f6st\u0259ril\u0259n y\u00fcks\u0259k diqq\u0259t v\u0259 qay\u011f\u0131ya, sosial m\u00fcdafi\u0259l\u0259rinin g\u00fccl\u0259ndirilm\u0259si, m\u0259nzil-m\u0259i\u015f\u0259t \u015f\u0259raitl\u0259rinin yax\u015f\u0131la\u015fd\u0131r\u0131lmas\u0131 istiqam\u0259tind\u0259 h\u0259yata ke\u00e7iril\u0259n t\u0259dbirl\u0259r\u0259 g\u00f6r\u0259 d\u00f6vl\u0259t ba\u015f\u00e7\u0131s\u0131na d\u0259rin minn\u0259tdarl\u0131qlar\u0131n\u0131 bildiribl\u0259r.<\/p>\n","protected":false},"excerpt":{"rendered":"<p>V\u0259t\u0259n M\u00fcharib\u0259sind\u0259 \u015f\u0259hid olan iki\u00a0h\u0259rbi qulluq\u00e7umuzun g\u00fcz\u0259\u015ftli m\u0259nzill\u0259ri ail\u0259l\u0259rin\u0259 t\u0259qdim edilib. M\u0259nzil \u0130n\u015faat\u0131 D\u00f6vl\u0259t Agentliyinin n\u00f6vb\u0259ti layih\u0259si &#8211; H\u00f6vsan Ya\u015fay\u0131\u015f Kompleksind\u0259 m\u0259nzil se\u00e7mi\u015f, lakin V\u0259t\u0259n M\u00fcharib\u0259sind\u0259 \u015f\u0259hidlik zirv\u0259sin\u0259 ucalm\u0131\u015f iki h\u0259rb\u00e7inin ail\u0259 \u00fczvl\u0259rinin m\u0259nzill\u0259rl\u0259 t\u0259min edilm\u0259sini M\u0130DA-n\u0131n \u00f6z \u00f6hd\u0259sin\u0259 g\u00f6t\u00fcr\u00fcb. Bel\u0259 ki, \u201cG\u00fcz\u0259\u015ftli m\u0259nzil\u201d sistemind\u0259 \u201c\u0259n az\u0131 \u00fc\u00e7\u00a0il h\u0259rbi xidm\u0259td\u0259 olan, h\u0259m\u00e7inin, ehtiyata v\u0259 istefaya burax\u0131lm\u0131\u015f Az\u0259rbaycan Respublikas\u0131n\u0131n h\u0259rbi qulluq\u00e7ular\u0131\u201d kateqoriyas\u0131 il\u0259 qeydiyyatdan ke\u00e7\u0259n 1991-ci il t\u0259v\u0259ll\u00fcdl\u00fc H\u00fcseynov Orxan B\u0259hm\u0259n o\u011flu v\u0259 1994-c\u00fc il t\u0259v\u0259ll\u00fcdl\u00fc H\u00fcseynov F\u0259rid F\u0259t\u0259li o\u011flu 10.09.2020-ci il tarixind\u0259 M\u0259nzil \u0130n\u015faat\u0131 D\u00f6vl\u0259t Agentliyinin H\u00f6vsan Ya\u015fay\u0131\u015f Kompleksind\u0259 m\u0259nzill\u0259rin&hellip;<\/p>\n","protected":false},"author":2,"featured_media":268757,"comment_status":"closed","ping_status":"closed","sticky":false,"template":"","format":"standard","meta":{"om_disable_all_campaigns":false,"_monsterinsights_skip_tracking":false,"_monsterinsights_sitenote_active":false,"_monsterinsights_sitenote_note":"","_monsterinsights_sitenote_category":0},"categories":[26],"tags":[],"aioseo_notices":[],"gutentor_comment":0,"rttpg_featured_image_url":{"full":["https:\/\/arantv.az\/wp-content\/uploads\/2021\/01\/ev.jpg",620,414,false],"landscape":["https:\/\/arantv.az\/wp-content\/uploads\/2021\/01\/ev.jpg",620,414,false],"portraits":["https:\/\/arantv.az\/wp-content\/uploads\/2021\/01\/ev.jpg",620,414,false],"thumbnail":["https:\/\/arantv.az\/wp-content\/uploads\/2021\/01\/ev-150x150.jpg",150,150,true],"medium":["https:\/\/arantv.az\/wp-content\/uploads\/2021\/01\/ev-300x200.jpg",300,200,true],"large":["https:\/\/arantv.az\/wp-content\/uploads\/2021\/01\/ev.jpg",620,414,false],"1536x1536":["https:\/\/arantv.az\/wp-content\/uploads\/2021\/01\/ev.jpg",620,414,false],"2048x2048":["https:\/\/arantv.az\/wp-content\/uploads\/2021\/01\/ev.jpg",620,414,false],"post-thumbnail":["https:\/\/arantv.az\/wp-content\/uploads\/2021\/01\/ev-240x172.jpg",240,172,true],"advps-thumb-one":["https:\/\/arantv.az\/wp-content\/uploads\/2021\/01\/ev.jpg",620,414,false]},"rttpg_author":{"display_name":"V\u00fcsal Rafiqo\u011flu","author_link":"https:\/\/arantv.az\/?author=2"},"rttpg_comment":0,"rttpg_category":"<a href=\"https:\/\/arantv.az\/?cat=26\" rel=\"category\">Sosial<\/a>","rttpg_excerpt":"V\u0259t\u0259n M\u00fcharib\u0259sind\u0259 \u015f\u0259hid olan iki\u00a0h\u0259rbi qulluq\u00e7umuzun g\u00fcz\u0259\u015ftli m\u0259nzill\u0259ri ail\u0259l\u0259rin\u0259 t\u0259qdim edilib. M\u0259nzil \u0130n\u015faat\u0131 D\u00f6vl\u0259t Agentliyinin n\u00f6vb\u0259ti layih\u0259si &#8211; H\u00f6vsan Ya\u015fay\u0131\u015f Kompleksind\u0259 m\u0259nzil se\u00e7mi\u015f, lakin V\u0259t\u0259n M\u00fcharib\u0259sind\u0259 \u015f\u0259hidlik zirv\u0259sin\u0259 ucalm\u0131\u015f iki h\u0259rb\u00e7inin ail\u0259 \u00fczvl\u0259rinin m\u0259nzill\u0259rl\u0259 t\u0259min edilm\u0259sini M\u0130DA-n\u0131n \u00f6z \u00f6hd\u0259sin\u0259 g\u00f6t\u00fcr\u00fcb. Bel\u0259 ki, \u201cG\u00fcz\u0259\u015ftli m\u0259nzil\u201d sistemind\u0259 \u201c\u0259n az\u0131 \u00fc\u00e7\u00a0il h\u0259rbi xidm\u0259td\u0259 olan, h\u0259m\u00e7inin, ehtiyata v\u0259 istefaya&hellip;","_links":{"self":[{"href":"https:\/\/arantv.az\/index.php?rest_route=\/wp\/v2\/posts\/268756"}],"collection":[{"href":"https:\/\/arantv.az\/index.php?rest_route=\/wp\/v2\/posts"}],"about":[{"href":"https:\/\/arantv.az\/index.php?rest_route=\/wp\/v2\/types\/post"}],"author":[{"embeddable":true,"href":"https:\/\/arantv.az\/index.php?rest_route=\/wp\/v2\/users\/2"}],"replies":[{"embeddable":true,"href":"https:\/\/arantv.az\/index.php?rest_route=%2Fwp%2Fv2%2Fcomments&post=268756"}],"version-history":[{"count":0,"href":"https:\/\/arantv.az\/index.php?rest_route=\/wp\/v2\/posts\/268756\/revisions"}],"wp:featuredmedia":[{"embeddable":true,"href":"https:\/\/arantv.az\/index.php?rest_route=\/wp\/v2\/media\/268757"}],"wp:attachment":[{"href":"https:\/\/arantv.az\/index.php?rest_route=%2Fwp%2Fv2%2Fmedia&parent=268756"}],"wp:term":[{"taxonomy":"category","embeddable":true,"href":"https:\/\/arantv.az\/index.php?rest_route=%2Fwp%2Fv2%2Fcategories&post=268756"},{"taxonomy":"post_tag","embeddable":true,"href":"https:\/\/arantv.az\/index.php?rest_route=%2Fwp%2Fv2%2Ftags&post=268756"}],"curies":[{"name":"wp","href":"https:\/\/api.w.org\/{rel}","templated":true}]}}