{"id":268764,"date":"2021-01-09T13:37:36","date_gmt":"2021-01-09T10:37:36","guid":{"rendered":"http:\/\/arantv.az\/?p=268764"},"modified":"2021-01-09T13:37:36","modified_gmt":"2021-01-09T10:37:36","slug":"bakida-universitet-pandemiyada-t%c9%99l%c9%99b%c9%99l%c9%99ri-akt-zalina-toplayib-r%c9%99smi-aciqlama","status":"publish","type":"post","link":"https:\/\/arantv.az\/?p=268764","title":{"rendered":"Bak\u0131da universitet pandemiyada t\u0259l\u0259b\u0259l\u0259ri AKT ZALINA TOPLAYIB?- R\u018fSM\u0130 A\u00c7IQLAMA"},"content":{"rendered":"<p>&#8220;Orada semester imtahan\u0131 m\u00fczakir\u0259 olunub? Yox! T\u0259l\u0259b\u0259l\u0259rin probleml\u0259ri dinl\u0259nilib? Yox! B\u0259s akt zal\u0131nda iclas niy\u0259 ke\u00e7irilib? \u0130clasda i\u015ftirak ed\u0259n b\u00fct\u00fcn qrup n\u00fcmay\u0259nd\u0259l\u0259ri el\u0259 r\u0259hb\u0259rlikl\u0259ri il\u0259 birlikd\u0259 m\u0259suliyy\u0259t da\u015f\u0131y\u0131r. Bu s\u0259sin davam\u0131 var, h\u0259l\u0259 o akt zal\u0131nda olan m\u0259\u015fhur iclas\u0131n da. Art\u0131q t\u0259qdim olunur aidiyy\u0259ti d\u00f6vl\u0259t orqanlar\u0131na&#8221;.<\/p>\n<p><strong>ARANTV.AZ\u00a0\u00a0<\/strong>x\u0259b\u0259r verir ki, bu s\u00f6zl\u0259ri \u00f6z sosial hesab\u0131nda t\u0259hsil eksperti Kamran \u018fs\u0259dov yaz\u0131b. O, bildirib ki, 7 yanvar 2021 &#8211; ci ild\u0259 \u00f6lk\u0259d\u0259 s\u0259rt karantin rejimi, d\u00f6vl\u0259t qurumlar\u0131n v\u0259t\u0259nda\u015f q\u0259bulunu h\u0259yata ke\u00e7irm\u0259diyi vaxtda Bak\u0131 Q\u0131zlar Universiteti b\u00fct\u00fcn qaydalar\u0131 pozaraq \u00e7ox sayda t\u0259l\u0259b\u0259l\u0259ri zorla universitet\u0259 d\u0259v\u0259t edib.<\/p>\n<div id=\"AdviadNativeVideo0\" class=\"AdviadNativeVideo\"><\/div>\n<p>M\u0259s\u0259l\u0259 il\u0259 ba\u011fl\u0131\u00a0<a title=\"en son xeberler 2020\" href=\"https:\/\/sonxeber.az\/\" target=\"_blank\" rel=\"noopener\">Sonxeber.az<\/a>-a T\u0259hsil Nazirliyinin \u0130ctimaiyy\u0259tl\u0259 \u0259laq\u0259l\u0259r sektorunun m\u00fcdiri C\u0259sar\u0259t Valehov dan\u0131\u015f\u0131b:<\/p>\n<p>&#8220;M\u0259nim bununla ba\u011fl\u0131 m\u0259lumat\u0131m yoxdu. \u00d6z\u0259l universitetdir, hans\u0131sa prosesl\u0259rd\u0259 n\u0259yis\u0259 \u015f\u0259rh etm\u0259y\u0259 ehtiyac yoxdur&#8221;.<\/p>\n<p>Qeyd ed\u0259k ki, t\u0259l\u0259b\u0259l\u0259rd\u0259n biri maddi s\u00fcbut kimi ali m\u0259kt\u0259bd\u0259 ke\u00e7iril\u0259c\u0259k y\u0131\u011f\u0131nca\u011f\u0131, dekan\u0131n s\u0259sl\u0259rini t\u0259hsil ekspertin\u0259 g\u00f6nd\u0259rib.<\/p>\n<div class=\"embed-responsive embed-responsive-16by9\"><iframe loading=\"lazy\" id=\"nmqembedid\" class=\"embed-responsive-item\" title=\"video player\" src=\"https:\/\/izle.az\/embed\/S0uyNTY3t7AwMDO2NDUxN7EwtwAA\" width=\"600\" height=\"340\" frameborder=\"0\" scrolling=\"no\" allowfullscreen=\"allowfullscreen\" data-mce-fragment=\"1\"><\/iframe><\/div>\n<p>&nbsp;<\/p>\n","protected":false},"excerpt":{"rendered":"<p>&#8220;Orada semester imtahan\u0131 m\u00fczakir\u0259 olunub? Yox! T\u0259l\u0259b\u0259l\u0259rin probleml\u0259ri dinl\u0259nilib? Yox! B\u0259s akt zal\u0131nda iclas niy\u0259 ke\u00e7irilib? \u0130clasda i\u015ftirak ed\u0259n b\u00fct\u00fcn qrup n\u00fcmay\u0259nd\u0259l\u0259ri el\u0259 r\u0259hb\u0259rlikl\u0259ri il\u0259 birlikd\u0259 m\u0259suliyy\u0259t da\u015f\u0131y\u0131r. Bu s\u0259sin davam\u0131 var, h\u0259l\u0259 o akt zal\u0131nda olan m\u0259\u015fhur iclas\u0131n da. Art\u0131q t\u0259qdim olunur aidiyy\u0259ti d\u00f6vl\u0259t orqanlar\u0131na&#8221;. ARANTV.AZ\u00a0\u00a0x\u0259b\u0259r verir ki, bu s\u00f6zl\u0259ri \u00f6z sosial hesab\u0131nda t\u0259hsil eksperti Kamran \u018fs\u0259dov yaz\u0131b. O, bildirib ki, 7 yanvar 2021 &#8211; ci ild\u0259 \u00f6lk\u0259d\u0259 s\u0259rt karantin rejimi, d\u00f6vl\u0259t qurumlar\u0131n v\u0259t\u0259nda\u015f q\u0259bulunu h\u0259yata ke\u00e7irm\u0259diyi vaxtda Bak\u0131 Q\u0131zlar Universiteti b\u00fct\u00fcn qaydalar\u0131 pozaraq \u00e7ox sayda t\u0259l\u0259b\u0259l\u0259ri zorla universitet\u0259&hellip;<\/p>\n","protected":false},"author":2,"featured_media":268765,"comment_status":"closed","ping_status":"closed","sticky":false,"template":"","format":"standard","meta":{"om_disable_all_campaigns":false,"_monsterinsights_skip_tracking":false,"_monsterinsights_sitenote_active":false,"_monsterinsights_sitenote_note":"","_monsterinsights_sitenote_category":0},"categories":[26],"tags":[],"aioseo_notices":[],"gutentor_comment":0,"rttpg_featured_image_url":{"full":["https:\/\/arantv.az\/wp-content\/uploads\/2021\/01\/uni_41610187475.jpg",549,345,false],"landscape":["https:\/\/arantv.az\/wp-content\/uploads\/2021\/01\/uni_41610187475.jpg",549,345,false],"portraits":["https:\/\/arantv.az\/wp-content\/uploads\/2021\/01\/uni_41610187475.jpg",549,345,false],"thumbnail":["https:\/\/arantv.az\/wp-content\/uploads\/2021\/01\/uni_41610187475-150x150.jpg",150,150,true],"medium":["https:\/\/arantv.az\/wp-content\/uploads\/2021\/01\/uni_41610187475-300x189.jpg",300,189,true],"large":["https:\/\/arantv.az\/wp-content\/uploads\/2021\/01\/uni_41610187475.jpg",549,345,false],"1536x1536":["https:\/\/arantv.az\/wp-content\/uploads\/2021\/01\/uni_41610187475.jpg",549,345,false],"2048x2048":["https:\/\/arantv.az\/wp-content\/uploads\/2021\/01\/uni_41610187475.jpg",549,345,false],"post-thumbnail":["https:\/\/arantv.az\/wp-content\/uploads\/2021\/01\/uni_41610187475-240x172.jpg",240,172,true],"advps-thumb-one":["https:\/\/arantv.az\/wp-content\/uploads\/2021\/01\/uni_41610187475.jpg",549,345,false]},"rttpg_author":{"display_name":"V\u00fcsal Rafiqo\u011flu","author_link":"https:\/\/arantv.az\/?author=2"},"rttpg_comment":0,"rttpg_category":"<a href=\"https:\/\/arantv.az\/?cat=26\" rel=\"category\">Sosial<\/a>","rttpg_excerpt":"&#8220;Orada semester imtahan\u0131 m\u00fczakir\u0259 olunub? Yox! T\u0259l\u0259b\u0259l\u0259rin probleml\u0259ri dinl\u0259nilib? Yox! B\u0259s akt zal\u0131nda iclas niy\u0259 ke\u00e7irilib? \u0130clasda i\u015ftirak ed\u0259n b\u00fct\u00fcn qrup n\u00fcmay\u0259nd\u0259l\u0259ri el\u0259 r\u0259hb\u0259rlikl\u0259ri il\u0259 birlikd\u0259 m\u0259suliyy\u0259t da\u015f\u0131y\u0131r. Bu s\u0259sin davam\u0131 var, h\u0259l\u0259 o akt zal\u0131nda olan m\u0259\u015fhur iclas\u0131n da. Art\u0131q t\u0259qdim olunur aidiyy\u0259ti d\u00f6vl\u0259t orqanlar\u0131na&#8221;. ARANTV.AZ\u00a0\u00a0x\u0259b\u0259r verir ki, bu s\u00f6zl\u0259ri \u00f6z sosial hesab\u0131nda t\u0259hsil&hellip;","_links":{"self":[{"href":"https:\/\/arantv.az\/index.php?rest_route=\/wp\/v2\/posts\/268764"}],"collection":[{"href":"https:\/\/arantv.az\/index.php?rest_route=\/wp\/v2\/posts"}],"about":[{"href":"https:\/\/arantv.az\/index.php?rest_route=\/wp\/v2\/types\/post"}],"author":[{"embeddable":true,"href":"https:\/\/arantv.az\/index.php?rest_route=\/wp\/v2\/users\/2"}],"replies":[{"embeddable":true,"href":"https:\/\/arantv.az\/index.php?rest_route=%2Fwp%2Fv2%2Fcomments&post=268764"}],"version-history":[{"count":0,"href":"https:\/\/arantv.az\/index.php?rest_route=\/wp\/v2\/posts\/268764\/revisions"}],"wp:featuredmedia":[{"embeddable":true,"href":"https:\/\/arantv.az\/index.php?rest_route=\/wp\/v2\/media\/268765"}],"wp:attachment":[{"href":"https:\/\/arantv.az\/index.php?rest_route=%2Fwp%2Fv2%2Fmedia&parent=268764"}],"wp:term":[{"taxonomy":"category","embeddable":true,"href":"https:\/\/arantv.az\/index.php?rest_route=%2Fwp%2Fv2%2Fcategories&post=268764"},{"taxonomy":"post_tag","embeddable":true,"href":"https:\/\/arantv.az\/index.php?rest_route=%2Fwp%2Fv2%2Ftags&post=268764"}],"curies":[{"name":"wp","href":"https:\/\/api.w.org\/{rel}","templated":true}]}}