{"id":26897,"date":"2018-12-10T11:21:32","date_gmt":"2018-12-10T08:21:32","guid":{"rendered":"http:\/\/arantv.az\/?p=26897"},"modified":"2018-12-10T11:21:32","modified_gmt":"2018-12-10T08:21:32","slug":"dovl%c9%99t-komissiyasi-dtx-nin-hospitalinda-xususi-yer-ayrilib-indiy%c9%99d%c9%99k-1943-itkinl%c9%99-bagli-5889-numun%c9%99-toplanib","status":"publish","type":"post","link":"https:\/\/arantv.az\/?p=26897","title":{"rendered":"D\u00f6vl\u0259t Komissiyas\u0131: &#8220;DTX-n\u0131n hospital\u0131nda x\u00fcsusi yer ayr\u0131l\u0131b, indiy\u0259d\u0259k 1943 itkinl\u0259 ba\u011fl\u0131 5889 n\u00fcmun\u0259 toplan\u0131b&#8221;"},"content":{"rendered":"<blockquote><p><em><strong>Erm\u0259nistan-Az\u0259rbaycan, Da\u011fl\u0131q Qaraba\u011f m\u00fcnaqi\u015f\u0259si d\u00f6vr\u00fcnd\u0259 1483 n\u0259f\u0259r erm\u0259ni \u0259sir v\u0259 girovlu\u011fundan azad edilib.<\/strong><\/em><\/p><\/blockquote>\n<p><strong>ARANTV.AZ<\/strong> trend-\u0259 istinad\u0259n x\u0259b\u0259r verir ki, bunu Bak\u0131da &#8220;Da\u011fl\u0131q Qaraba\u011f m\u00fcnaqi\u015f\u0259si zaman\u0131 erm\u0259nil\u0259rin Az\u0259rbaycan xalq\u0131na v\u0259 onun maddi-m\u0259d\u0259niyy\u0259t abid\u0259l\u0259rin\u0259 qar\u015f\u0131 cinay\u0259t \u0259m\u0259ll\u0259ri&#8221; m\u00f6vzusunda ke\u00e7iril\u0259n konfransda \u018fsir v\u0259 itkin d\u00fc\u015fm\u00fc\u015f, girov g\u00f6t\u00fcr\u00fclm\u00fc\u015f v\u0259t\u0259nda\u015flarla \u0259laq\u0259dar D\u00f6vl\u0259t Komissiyas\u0131n\u0131n \u0130\u015f\u00e7i qrupunun r\u0259hb\u0259rinin m\u00fcavini Eldar S\u0259m\u0259dov deyib.<\/p>\n<p>E.S\u0259m\u0259dov bildirib ki, haz\u0131rda Beyn\u0259lxalq Q\u0131z\u0131l Xa\u00e7 Komit\u0259sinin r\u0259smi qeydiyyat\u0131nda olan 3 az\u0259rbaycanl\u0131 qar\u015f\u0131 t\u0259r\u0259fd\u0259 girovluqda saxlan\u0131l\u0131r: &#8220;Eyni zamanda Az\u0259rbaycan t\u0259r\u0259fd\u0259 d\u0259 erm\u0259ni m\u0259n\u015f\u0259li \u015f\u0259xs saxlan\u0131l\u0131r. \u018flb\u0259tt\u0259 ki, \u00f6lk\u0259miz haz\u0131rda i\u015f\u011fal alt\u0131nda olan Da\u011fl\u0131q Qaraba\u011fda saxlan\u0131lan Dilq\u0259m \u018fsg\u0259rov, \u015eahbaz Quliyev v\u0259 Elnur H\u00fcseynzad\u0259nin azad edilm\u0259si \u00fc\u00e7\u00fcn z\u0259ruri t\u0259dbirl\u0259ri davam etdirir. Bu insanlar\u0131n azad edilm\u0259si Az\u0259rbaycan Prezidenti \u0130lham \u018fliyevin diqq\u0259t m\u0259rk\u0259zind\u0259dir&#8221;.<\/p>\n<p>Komissiya r\u0259smisi qeyd edib ki, MDB d\u00f6vl\u0259t ba\u015f\u00e7\u0131lar\u0131n\u0131n Rusiyan\u0131n Sankt-Peterburq \u015f\u0259h\u0259rind\u0259 ke\u00e7iril\u0259n qeyri-r\u0259smi zirv\u0259 toplant\u0131s\u0131nda i\u015ftirak ed\u0259n Prezident \u0130lham \u018fliyev Erm\u0259nistanda Ba\u015f nazir v\u0259zif\u0259sini icra ed\u0259n Nikol Pa\u015finyanla g\u00f6r\u00fc\u015f\u00fc zaman\u0131 Erm\u0259nistan v\u0259 Az\u0259rbaycanda saxlan\u0131lan \u015f\u0259xsl\u0259rin qar\u015f\u0131l\u0131ql\u0131 \u015f\u0259kild\u0259 d\u0259yi\u015fdirilm\u0259si m\u0259s\u0259l\u0259sini m\u00fczakir\u0259 edib: &#8220;\u018fn vacib m\u0259s\u0259l\u0259 imzalananan \u00e7\u0259r\u00e7iv\u0259 sazi\u015fin\u0259 \u0259sas\u0259n itkin d\u00fc\u015f\u0259n \u015f\u0259xsl\u0259rin yax\u0131n qohumlar\u0131ndan DNT n\u00fcmun\u0259l\u0259rinin toplanmas\u0131 v\u0259 saxlan\u0131lmas\u0131d\u0131r. N\u00fcmun\u0259l\u0259rin saxlan\u0131lmas\u0131 \u00fc\u00e7\u00fcn Az\u0259rbaycan D\u00f6vl\u0259t T\u0259hl\u00fck\u0259sizliyi Xidm\u0259tinin hospital\u0131nda x\u00fcsusi yer ayr\u0131l\u0131b. \u0130ndiy\u0259d\u0259k 1 943 itkinl\u0259 ba\u011fl\u0131 5 889 n\u00fcmun\u0259 toplan\u0131b&#8221;.<\/p>\n","protected":false},"excerpt":{"rendered":"<p>Erm\u0259nistan-Az\u0259rbaycan, Da\u011fl\u0131q Qaraba\u011f m\u00fcnaqi\u015f\u0259si d\u00f6vr\u00fcnd\u0259 1483 n\u0259f\u0259r erm\u0259ni \u0259sir v\u0259 girovlu\u011fundan azad edilib. ARANTV.AZ trend-\u0259 istinad\u0259n x\u0259b\u0259r verir ki, bunu Bak\u0131da &#8220;Da\u011fl\u0131q Qaraba\u011f m\u00fcnaqi\u015f\u0259si zaman\u0131 erm\u0259nil\u0259rin Az\u0259rbaycan xalq\u0131na v\u0259 onun maddi-m\u0259d\u0259niyy\u0259t abid\u0259l\u0259rin\u0259 qar\u015f\u0131 cinay\u0259t \u0259m\u0259ll\u0259ri&#8221; m\u00f6vzusunda ke\u00e7iril\u0259n konfransda \u018fsir v\u0259 itkin d\u00fc\u015fm\u00fc\u015f, girov g\u00f6t\u00fcr\u00fclm\u00fc\u015f v\u0259t\u0259nda\u015flarla \u0259laq\u0259dar D\u00f6vl\u0259t Komissiyas\u0131n\u0131n \u0130\u015f\u00e7i qrupunun r\u0259hb\u0259rinin m\u00fcavini Eldar S\u0259m\u0259dov deyib. E.S\u0259m\u0259dov bildirib ki, haz\u0131rda Beyn\u0259lxalq Q\u0131z\u0131l Xa\u00e7 Komit\u0259sinin r\u0259smi qeydiyyat\u0131nda olan 3 az\u0259rbaycanl\u0131 qar\u015f\u0131 t\u0259r\u0259fd\u0259 girovluqda saxlan\u0131l\u0131r: &#8220;Eyni zamanda Az\u0259rbaycan t\u0259r\u0259fd\u0259 d\u0259 erm\u0259ni m\u0259n\u015f\u0259li \u015f\u0259xs saxlan\u0131l\u0131r. \u018flb\u0259tt\u0259 ki, \u00f6lk\u0259miz haz\u0131rda i\u015f\u011fal alt\u0131nda olan Da\u011fl\u0131q Qaraba\u011fda&hellip;<\/p>\n","protected":false},"author":2,"featured_media":26898,"comment_status":"closed","ping_status":"closed","sticky":false,"template":"","format":"standard","meta":{"om_disable_all_campaigns":false,"_monsterinsights_skip_tracking":false,"_monsterinsights_sitenote_active":false,"_monsterinsights_sitenote_note":"","_monsterinsights_sitenote_category":0},"categories":[1],"tags":[],"aioseo_notices":[],"gutentor_comment":0,"rttpg_featured_image_url":{"full":["https:\/\/arantv.az\/wp-content\/uploads\/2018\/12\/dagliq_qarabag.jpg",482,361,false],"landscape":["https:\/\/arantv.az\/wp-content\/uploads\/2018\/12\/dagliq_qarabag.jpg",482,361,false],"portraits":["https:\/\/arantv.az\/wp-content\/uploads\/2018\/12\/dagliq_qarabag.jpg",482,361,false],"thumbnail":["https:\/\/arantv.az\/wp-content\/uploads\/2018\/12\/dagliq_qarabag-150x150.jpg",150,150,true],"medium":["https:\/\/arantv.az\/wp-content\/uploads\/2018\/12\/dagliq_qarabag-300x225.jpg",300,225,true],"large":["https:\/\/arantv.az\/wp-content\/uploads\/2018\/12\/dagliq_qarabag.jpg",482,361,false],"1536x1536":["https:\/\/arantv.az\/wp-content\/uploads\/2018\/12\/dagliq_qarabag.jpg",482,361,false],"2048x2048":["https:\/\/arantv.az\/wp-content\/uploads\/2018\/12\/dagliq_qarabag.jpg",482,361,false],"post-thumbnail":["https:\/\/arantv.az\/wp-content\/uploads\/2018\/12\/dagliq_qarabag-240x172.jpg",240,172,true],"advps-thumb-one":["https:\/\/arantv.az\/wp-content\/uploads\/2018\/12\/dagliq_qarabag.jpg",482,361,false]},"rttpg_author":{"display_name":"V\u00fcsal Rafiqo\u011flu","author_link":"https:\/\/arantv.az\/?author=2"},"rttpg_comment":0,"rttpg_category":"<a href=\"https:\/\/arantv.az\/?cat=1\" rel=\"category\">C\u0259miyy\u0259t<\/a>","rttpg_excerpt":"Erm\u0259nistan-Az\u0259rbaycan, Da\u011fl\u0131q Qaraba\u011f m\u00fcnaqi\u015f\u0259si d\u00f6vr\u00fcnd\u0259 1483 n\u0259f\u0259r erm\u0259ni \u0259sir v\u0259 girovlu\u011fundan azad edilib. ARANTV.AZ trend-\u0259 istinad\u0259n x\u0259b\u0259r verir ki, bunu Bak\u0131da &#8220;Da\u011fl\u0131q Qaraba\u011f m\u00fcnaqi\u015f\u0259si zaman\u0131 erm\u0259nil\u0259rin Az\u0259rbaycan xalq\u0131na v\u0259 onun maddi-m\u0259d\u0259niyy\u0259t abid\u0259l\u0259rin\u0259 qar\u015f\u0131 cinay\u0259t \u0259m\u0259ll\u0259ri&#8221; m\u00f6vzusunda ke\u00e7iril\u0259n konfransda \u018fsir v\u0259 itkin d\u00fc\u015fm\u00fc\u015f, girov g\u00f6t\u00fcr\u00fclm\u00fc\u015f v\u0259t\u0259nda\u015flarla \u0259laq\u0259dar D\u00f6vl\u0259t Komissiyas\u0131n\u0131n \u0130\u015f\u00e7i qrupunun r\u0259hb\u0259rinin m\u00fcavini Eldar S\u0259m\u0259dov deyib.&hellip;","_links":{"self":[{"href":"https:\/\/arantv.az\/index.php?rest_route=\/wp\/v2\/posts\/26897"}],"collection":[{"href":"https:\/\/arantv.az\/index.php?rest_route=\/wp\/v2\/posts"}],"about":[{"href":"https:\/\/arantv.az\/index.php?rest_route=\/wp\/v2\/types\/post"}],"author":[{"embeddable":true,"href":"https:\/\/arantv.az\/index.php?rest_route=\/wp\/v2\/users\/2"}],"replies":[{"embeddable":true,"href":"https:\/\/arantv.az\/index.php?rest_route=%2Fwp%2Fv2%2Fcomments&post=26897"}],"version-history":[{"count":0,"href":"https:\/\/arantv.az\/index.php?rest_route=\/wp\/v2\/posts\/26897\/revisions"}],"wp:featuredmedia":[{"embeddable":true,"href":"https:\/\/arantv.az\/index.php?rest_route=\/wp\/v2\/media\/26898"}],"wp:attachment":[{"href":"https:\/\/arantv.az\/index.php?rest_route=%2Fwp%2Fv2%2Fmedia&parent=26897"}],"wp:term":[{"taxonomy":"category","embeddable":true,"href":"https:\/\/arantv.az\/index.php?rest_route=%2Fwp%2Fv2%2Fcategories&post=26897"},{"taxonomy":"post_tag","embeddable":true,"href":"https:\/\/arantv.az\/index.php?rest_route=%2Fwp%2Fv2%2Ftags&post=26897"}],"curies":[{"name":"wp","href":"https:\/\/api.w.org\/{rel}","templated":true}]}}