{"id":269403,"date":"2021-01-11T11:15:11","date_gmt":"2021-01-11T08:15:11","guid":{"rendered":"http:\/\/arantv.az\/?p=269403"},"modified":"2021-01-11T11:15:11","modified_gmt":"2021-01-11T08:15:11","slug":"s%c9%99hidl%c9%99rimizin-cani-qazil%c9%99rimizin-qani-bahasina-isgaldan-azad-etdiyimiz-m%c9%99d%c9%99niyy%c9%99t-paytaxtimiz-susa-video","status":"publish","type":"post","link":"https:\/\/arantv.az\/?p=269403","title":{"rendered":"\u015e\u0259hidl\u0259rimizin can\u0131, qazil\u0259rimizin qan\u0131 bahas\u0131na i\u015f\u011faldan azad etdiyimiz m\u0259d\u0259niyy\u0259t paytaxt\u0131m\u0131z \u015eu\u015fa &#8211; V\u0130DEO"},"content":{"rendered":"<article class=\"news\">\n<div class=\"news-inner\">\n<p>28 illik h\u0259sr\u0259td\u0259n sonra yenid\u0259n \u015eu\u015fam\u0131za qay\u0131d\u0131r\u0131q.<\/p>\n<p>ASAN radio \u0259m\u0259kda\u015flar\u0131 \u015eu\u015fa \u015f\u0259h\u0259rind\u0259 olub.<\/p>\n<div id=\"AdviadNativeVideo0\" class=\"AdviadNativeVideo\"><\/div>\n<p>Onlar \u015f\u0259h\u0259ri m\u0259h\u0259ll\u0259-m\u0259h\u0259ll\u0259 g\u0259z\u0259r\u0259k, \u015f\u0259h\u0259rin tarixind\u0259n maraql\u0131 s\u00fcjet haz\u0131rlay\u0131b.<\/p>\n<p>\u015eu\u015fa bazar\u0131, meydan bula\u011f\u0131, \u015eu\u015fa h\u0259bsxanas\u0131nda v\u0259 dig\u0259r yerl\u0259rd\u0259 olublar.<\/p>\n<p>\u018ftrafl\u0131 videonu t\u0259qdim edirik:<\/p>\n<div><iframe loading=\"lazy\" src=\"https:\/\/www.youtube.com\/embed\/DBuNI85enx4\" width=\"560\" height=\"315\" frameborder=\"0\" allowfullscreen=\"allowfullscreen\" data-mce-fragment=\"1\"><\/iframe><\/div>\n<\/div>\n<\/article>\n<h2 class=\"news-share-title\"><\/h2>\n","protected":false},"excerpt":{"rendered":"<p>28 illik h\u0259sr\u0259td\u0259n sonra yenid\u0259n \u015eu\u015fam\u0131za qay\u0131d\u0131r\u0131q. ASAN radio \u0259m\u0259kda\u015flar\u0131 \u015eu\u015fa \u015f\u0259h\u0259rind\u0259 olub. Onlar \u015f\u0259h\u0259ri m\u0259h\u0259ll\u0259-m\u0259h\u0259ll\u0259 g\u0259z\u0259r\u0259k, \u015f\u0259h\u0259rin tarixind\u0259n maraql\u0131 s\u00fcjet haz\u0131rlay\u0131b. \u015eu\u015fa bazar\u0131, meydan bula\u011f\u0131, \u015eu\u015fa h\u0259bsxanas\u0131nda v\u0259 dig\u0259r yerl\u0259rd\u0259 olublar. \u018ftrafl\u0131 videonu t\u0259qdim edirik:<\/p>\n","protected":false},"author":2,"featured_media":269404,"comment_status":"closed","ping_status":"closed","sticky":false,"template":"","format":"standard","meta":{"om_disable_all_campaigns":false,"_monsterinsights_skip_tracking":false,"_monsterinsights_sitenote_active":false,"_monsterinsights_sitenote_note":"","_monsterinsights_sitenote_category":0},"categories":[26],"tags":[],"aioseo_notices":[],"gutentor_comment":0,"rttpg_featured_image_url":{"full":["https:\/\/arantv.az\/wp-content\/uploads\/2021\/01\/sus.jpg",620,323,false],"landscape":["https:\/\/arantv.az\/wp-content\/uploads\/2021\/01\/sus.jpg",620,323,false],"portraits":["https:\/\/arantv.az\/wp-content\/uploads\/2021\/01\/sus.jpg",620,323,false],"thumbnail":["https:\/\/arantv.az\/wp-content\/uploads\/2021\/01\/sus-150x150.jpg",150,150,true],"medium":["https:\/\/arantv.az\/wp-content\/uploads\/2021\/01\/sus-300x156.jpg",300,156,true],"large":["https:\/\/arantv.az\/wp-content\/uploads\/2021\/01\/sus.jpg",620,323,false],"1536x1536":["https:\/\/arantv.az\/wp-content\/uploads\/2021\/01\/sus.jpg",620,323,false],"2048x2048":["https:\/\/arantv.az\/wp-content\/uploads\/2021\/01\/sus.jpg",620,323,false],"post-thumbnail":["https:\/\/arantv.az\/wp-content\/uploads\/2021\/01\/sus-240x172.jpg",240,172,true],"advps-thumb-one":["https:\/\/arantv.az\/wp-content\/uploads\/2021\/01\/sus.jpg",620,323,false]},"rttpg_author":{"display_name":"V\u00fcsal Rafiqo\u011flu","author_link":"https:\/\/arantv.az\/?author=2"},"rttpg_comment":0,"rttpg_category":"<a href=\"https:\/\/arantv.az\/?cat=26\" rel=\"category\">Sosial<\/a>","rttpg_excerpt":"28 illik h\u0259sr\u0259td\u0259n sonra yenid\u0259n \u015eu\u015fam\u0131za qay\u0131d\u0131r\u0131q. ASAN radio \u0259m\u0259kda\u015flar\u0131 \u015eu\u015fa \u015f\u0259h\u0259rind\u0259 olub. Onlar \u015f\u0259h\u0259ri m\u0259h\u0259ll\u0259-m\u0259h\u0259ll\u0259 g\u0259z\u0259r\u0259k, \u015f\u0259h\u0259rin tarixind\u0259n maraql\u0131 s\u00fcjet haz\u0131rlay\u0131b. \u015eu\u015fa bazar\u0131, meydan bula\u011f\u0131, \u015eu\u015fa h\u0259bsxanas\u0131nda v\u0259 dig\u0259r yerl\u0259rd\u0259 olublar. \u018ftrafl\u0131 videonu t\u0259qdim edirik:","_links":{"self":[{"href":"https:\/\/arantv.az\/index.php?rest_route=\/wp\/v2\/posts\/269403"}],"collection":[{"href":"https:\/\/arantv.az\/index.php?rest_route=\/wp\/v2\/posts"}],"about":[{"href":"https:\/\/arantv.az\/index.php?rest_route=\/wp\/v2\/types\/post"}],"author":[{"embeddable":true,"href":"https:\/\/arantv.az\/index.php?rest_route=\/wp\/v2\/users\/2"}],"replies":[{"embeddable":true,"href":"https:\/\/arantv.az\/index.php?rest_route=%2Fwp%2Fv2%2Fcomments&post=269403"}],"version-history":[{"count":0,"href":"https:\/\/arantv.az\/index.php?rest_route=\/wp\/v2\/posts\/269403\/revisions"}],"wp:featuredmedia":[{"embeddable":true,"href":"https:\/\/arantv.az\/index.php?rest_route=\/wp\/v2\/media\/269404"}],"wp:attachment":[{"href":"https:\/\/arantv.az\/index.php?rest_route=%2Fwp%2Fv2%2Fmedia&parent=269403"}],"wp:term":[{"taxonomy":"category","embeddable":true,"href":"https:\/\/arantv.az\/index.php?rest_route=%2Fwp%2Fv2%2Fcategories&post=269403"},{"taxonomy":"post_tag","embeddable":true,"href":"https:\/\/arantv.az\/index.php?rest_route=%2Fwp%2Fv2%2Ftags&post=269403"}],"curies":[{"name":"wp","href":"https:\/\/api.w.org\/{rel}","templated":true}]}}