{"id":269407,"date":"2021-01-11T11:52:04","date_gmt":"2021-01-11T08:52:04","guid":{"rendered":"http:\/\/arantv.az\/?p=269407"},"modified":"2021-01-11T11:52:04","modified_gmt":"2021-01-11T08:52:04","slug":"isgaldan-azad-edilmis-xususi-muhafiz%c9%99-olunan-%c9%99razil%c9%99rd%c9%99-hesablama-aparilacaq-r%c9%99smi","status":"publish","type":"post","link":"https:\/\/arantv.az\/?p=269407","title":{"rendered":"\u0130\u015f\u011faldan azad edilmi\u015f x\u00fcsusi m\u00fchafiz\u0259 olunan \u0259razil\u0259rd\u0259 hesablama apar\u0131lacaq &#8211; R\u018fSM\u0130"},"content":{"rendered":"<p>11 yanvar \u2013 D\u00fcnya Qoruqlar v\u0259 Milli Parklar g\u00fcn\u00fcd\u00fcr. Bu tarixin x\u00fcsusi m\u00fchafiz\u0259 olunan t\u0259bi\u0259t \u0259razil\u0259rin\u0259 h\u0259sr edilm\u0259si t\u0259sad\u00fcfi deyil. 1917-ci il yanvar\u0131n 11-d\u0259 d\u00fcnyada ilk d\u0259f\u0259 Rusiyada nadir heyvanlar\u0131n qorunmas\u0131 m\u0259qs\u0259dil\u0259 Baykal g\u00f6l\u00fc \u00fcz\u0259rind\u0259 Barquzin D\u00f6vl\u0259t Qoru\u011fu yarad\u0131l\u0131b. H\u0259min t\u0259qvim D\u00fcnya V\u0259h\u015fi T\u0259bi\u0259t Fondunun t\u0259\u015f\u0259bb\u00fcs\u00fc il\u0259 1997-ci ild\u0259n etibar\u0259n qeyd olunur.<\/p>\n<p>Az\u0259rbaycanda da \u00f6lk\u0259nin nadir t\u0259bi\u0259tinin qorunmas\u0131 m\u0259s\u0259l\u0259l\u0259rin\u0259 b\u00f6y\u00fck diqq\u0259t yetirilir.<\/p>\n<p>Respublikam\u0131zda 10 milli park, 10 d\u00f6vl\u0259t t\u0259bi\u0259t qoru\u011fu v\u0259 24 d\u00f6vl\u0259t t\u0259bi\u0259t yasaql\u0131\u011f\u0131 m\u00f6vcuddur. \u00dcmumilikd\u0259, x\u00fcsusi m\u00fchafiz\u0259 olunan t\u0259bi\u0259t \u0259razil\u0259rinin \u00fcmumi sah\u0259si 893 min hektara b\u0259rab\u0259rdir.<\/p>\n<div id=\"AdviadNativeVideo0\" class=\"AdviadNativeVideo\"><\/div>\n<p>Ekologiya v\u0259 T\u0259bii s\u0259rv\u0259tl\u0259r Nazirliyinin Bioloji M\u00fcxt\u0259lifliyin Qorunmas\u0131 Xidm\u0259tinin r\u0259smisi Arzu S\u0259m\u0259dova\u00a0<strong>Oxu.Az<\/strong>-a a\u00e7\u0131qlamas\u0131nda bildirib ki, \u00f6lk\u0259mizd\u0259 \u0259rtaf m\u00fchitin m\u00fchafiz\u0259si sah\u0259sind\u0259 prioritet istiqam\u0259tl\u0259rd\u0259n biri z\u0259ngin biom\u00fcxt\u0259lifliyin, nadir t\u0259bi\u0259t obyektl\u0259rinin qorunmas\u0131 v\u0259 g\u0259l\u0259c\u0259k n\u0259sill\u0259r\u0259 \u00e7atd\u0131r\u0131lmas\u0131d\u0131r:<\/p>\n<p>\u201cAz\u0259rbaycanda x\u00fcsusi m\u00fchafiz\u0259 olunan t\u0259bi\u0259t \u0259razil\u0259rinin yarad\u0131lmas\u0131na 1910-cu ild\u0259n ba\u015flan\u0131l\u0131b. 3500 hektar sah\u0259d\u0259 yarad\u0131lm\u0131\u015f Eldar \u015fam\u0131 Botaniki Yasaql\u0131\u011f\u0131 Az\u0259rbaycan\u0131n, el\u0259c\u0259 d\u0259, C\u0259nubi Qafqaz\u0131n ilk x\u00fcsusi m\u00fchafiz\u0259 olunan t\u0259bi\u0259t \u0259razisi hesab edilir.<\/p>\n<p>\u0130lk qoruq 1925-ci ild\u0259 yarad\u0131lm\u0131\u015f G\u00f6yg\u00f6l D\u00f6vl\u0259t T\u0259bi\u0259t Qoru\u011fu, ilk milli park is\u0259 2003-cu ild\u0259 yarad\u0131lm\u0131\u015f H.\u018fliyev ad\u0131na Z\u0259ng\u0259zur Milli Park\u0131d\u0131r. 2018-ci ild\u0259 yarad\u0131lan \u0259n sonuncu milli park is\u0259 100 hektarad\u0259k \u0259razini \u0259hat\u0259 ed\u0259n Q\u0131z\u0131la\u011fac Milli Park\u0131d\u0131r\u201d.<\/p>\n<p>A.S\u0259m\u0259dova qeyd edib ki, sentyabrda Prezident \u0130lham \u018fliyevin imzalad\u0131\u011f\u0131 s\u0259r\u0259ncama \u0259sas\u0259n yarad\u0131lan park x\u00fcsusi m\u00fchafiz\u0259 olunan \u0259razil\u0259rin h\u0259r biri \u00f6z unikall\u0131\u011f\u0131 v\u0259 ekosisteminin unikall\u0131\u011f\u0131 il\u0259 bir-birind\u0259n f\u0259rql\u0259nir.<\/p>\n<p>\u201cQeyd etm\u0259liy\u0259m ki, azad edilmi\u015f torpaqlarda d\u00f6vl\u0259t t\u0259bi\u0259t qoruqlar\u0131 v\u0259 yasaql\u0131qlar olub.H\u0259min \u0259razil\u0259rd\u0259 ilkin qiym\u0259tl\u0259ndirm\u0259 i\u015fl\u0259rin\u0259 ba\u015flan\u0131b. 30 il\u0259 yax\u0131n m\u00fcdd\u0259td\u0259 Qarag\u00f6l v\u0259 B\u0259sit\u00e7ay D\u00f6vl\u0259t T\u0259bi\u0259t Qoruqlar\u0131n\u0131n \u0259razisi talan olunub.<\/p>\n<p>B\u0259sit\u00e7ay D\u00f6vl\u0259t T\u0259bi\u0259t Qoru\u011fu Avropada unikal me\u015f\u0259 say\u0131lan 100 hektarl\u0131q t\u0259bii \u00e7inar me\u015f\u0259liyinin \u0259ks\u0259r hiss\u0259si m\u0259hv edilib. \u00d6lk\u0259 r\u0259hb\u0259rliyinin tap\u015f\u0131r\u0131\u011f\u0131 il\u0259 h\u0259min \u0259razil\u0259rd\u0259 monitorinq apar\u0131lacaq, d\u0259ymi\u015f ziyan hesablanacaq, qoruqlar, yasaql\u0131qlar yenid\u0259n qurulacaq, b\u0259rpa olunacaq\u201d, &#8211; dey\u0259 nazirlik r\u0259smisi qeyd edib.<\/p>\n","protected":false},"excerpt":{"rendered":"<p>11 yanvar \u2013 D\u00fcnya Qoruqlar v\u0259 Milli Parklar g\u00fcn\u00fcd\u00fcr. Bu tarixin x\u00fcsusi m\u00fchafiz\u0259 olunan t\u0259bi\u0259t \u0259razil\u0259rin\u0259 h\u0259sr edilm\u0259si t\u0259sad\u00fcfi deyil. 1917-ci il yanvar\u0131n 11-d\u0259 d\u00fcnyada ilk d\u0259f\u0259 Rusiyada nadir heyvanlar\u0131n qorunmas\u0131 m\u0259qs\u0259dil\u0259 Baykal g\u00f6l\u00fc \u00fcz\u0259rind\u0259 Barquzin D\u00f6vl\u0259t Qoru\u011fu yarad\u0131l\u0131b. H\u0259min t\u0259qvim D\u00fcnya V\u0259h\u015fi T\u0259bi\u0259t Fondunun t\u0259\u015f\u0259bb\u00fcs\u00fc il\u0259 1997-ci ild\u0259n etibar\u0259n qeyd olunur. Az\u0259rbaycanda da \u00f6lk\u0259nin nadir t\u0259bi\u0259tinin qorunmas\u0131 m\u0259s\u0259l\u0259l\u0259rin\u0259 b\u00f6y\u00fck diqq\u0259t yetirilir. Respublikam\u0131zda 10 milli park, 10 d\u00f6vl\u0259t t\u0259bi\u0259t qoru\u011fu v\u0259 24 d\u00f6vl\u0259t t\u0259bi\u0259t yasaql\u0131\u011f\u0131 m\u00f6vcuddur. \u00dcmumilikd\u0259, x\u00fcsusi m\u00fchafiz\u0259 olunan t\u0259bi\u0259t \u0259razil\u0259rinin \u00fcmumi sah\u0259si 893 min hektara b\u0259rab\u0259rdir. Ekologiya v\u0259&hellip;<\/p>\n","protected":false},"author":2,"featured_media":269408,"comment_status":"closed","ping_status":"closed","sticky":false,"template":"","format":"standard","meta":{"om_disable_all_campaigns":false,"_monsterinsights_skip_tracking":false,"_monsterinsights_sitenote_active":false,"_monsterinsights_sitenote_note":"","_monsterinsights_sitenote_category":0},"categories":[26],"tags":[],"aioseo_notices":[],"gutentor_comment":0,"rttpg_featured_image_url":{"full":["https:\/\/arantv.az\/wp-content\/uploads\/2021\/01\/WhatsApp-Image-2021-01-11-at-12.23.00-1.jpg",620,413,false],"landscape":["https:\/\/arantv.az\/wp-content\/uploads\/2021\/01\/WhatsApp-Image-2021-01-11-at-12.23.00-1.jpg",620,413,false],"portraits":["https:\/\/arantv.az\/wp-content\/uploads\/2021\/01\/WhatsApp-Image-2021-01-11-at-12.23.00-1.jpg",620,413,false],"thumbnail":["https:\/\/arantv.az\/wp-content\/uploads\/2021\/01\/WhatsApp-Image-2021-01-11-at-12.23.00-1-150x150.jpg",150,150,true],"medium":["https:\/\/arantv.az\/wp-content\/uploads\/2021\/01\/WhatsApp-Image-2021-01-11-at-12.23.00-1-300x200.jpg",300,200,true],"large":["https:\/\/arantv.az\/wp-content\/uploads\/2021\/01\/WhatsApp-Image-2021-01-11-at-12.23.00-1.jpg",620,413,false],"1536x1536":["https:\/\/arantv.az\/wp-content\/uploads\/2021\/01\/WhatsApp-Image-2021-01-11-at-12.23.00-1.jpg",620,413,false],"2048x2048":["https:\/\/arantv.az\/wp-content\/uploads\/2021\/01\/WhatsApp-Image-2021-01-11-at-12.23.00-1.jpg",620,413,false],"post-thumbnail":["https:\/\/arantv.az\/wp-content\/uploads\/2021\/01\/WhatsApp-Image-2021-01-11-at-12.23.00-1-240x172.jpg",240,172,true],"advps-thumb-one":["https:\/\/arantv.az\/wp-content\/uploads\/2021\/01\/WhatsApp-Image-2021-01-11-at-12.23.00-1.jpg",620,413,false]},"rttpg_author":{"display_name":"V\u00fcsal Rafiqo\u011flu","author_link":"https:\/\/arantv.az\/?author=2"},"rttpg_comment":0,"rttpg_category":"<a href=\"https:\/\/arantv.az\/?cat=26\" rel=\"category\">Sosial<\/a>","rttpg_excerpt":"11 yanvar \u2013 D\u00fcnya Qoruqlar v\u0259 Milli Parklar g\u00fcn\u00fcd\u00fcr. Bu tarixin x\u00fcsusi m\u00fchafiz\u0259 olunan t\u0259bi\u0259t \u0259razil\u0259rin\u0259 h\u0259sr edilm\u0259si t\u0259sad\u00fcfi deyil. 1917-ci il yanvar\u0131n 11-d\u0259 d\u00fcnyada ilk d\u0259f\u0259 Rusiyada nadir heyvanlar\u0131n qorunmas\u0131 m\u0259qs\u0259dil\u0259 Baykal g\u00f6l\u00fc \u00fcz\u0259rind\u0259 Barquzin D\u00f6vl\u0259t Qoru\u011fu yarad\u0131l\u0131b. H\u0259min t\u0259qvim D\u00fcnya V\u0259h\u015fi T\u0259bi\u0259t Fondunun t\u0259\u015f\u0259bb\u00fcs\u00fc il\u0259 1997-ci ild\u0259n etibar\u0259n qeyd olunur. Az\u0259rbaycanda da \u00f6lk\u0259nin&hellip;","_links":{"self":[{"href":"https:\/\/arantv.az\/index.php?rest_route=\/wp\/v2\/posts\/269407"}],"collection":[{"href":"https:\/\/arantv.az\/index.php?rest_route=\/wp\/v2\/posts"}],"about":[{"href":"https:\/\/arantv.az\/index.php?rest_route=\/wp\/v2\/types\/post"}],"author":[{"embeddable":true,"href":"https:\/\/arantv.az\/index.php?rest_route=\/wp\/v2\/users\/2"}],"replies":[{"embeddable":true,"href":"https:\/\/arantv.az\/index.php?rest_route=%2Fwp%2Fv2%2Fcomments&post=269407"}],"version-history":[{"count":0,"href":"https:\/\/arantv.az\/index.php?rest_route=\/wp\/v2\/posts\/269407\/revisions"}],"wp:featuredmedia":[{"embeddable":true,"href":"https:\/\/arantv.az\/index.php?rest_route=\/wp\/v2\/media\/269408"}],"wp:attachment":[{"href":"https:\/\/arantv.az\/index.php?rest_route=%2Fwp%2Fv2%2Fmedia&parent=269407"}],"wp:term":[{"taxonomy":"category","embeddable":true,"href":"https:\/\/arantv.az\/index.php?rest_route=%2Fwp%2Fv2%2Fcategories&post=269407"},{"taxonomy":"post_tag","embeddable":true,"href":"https:\/\/arantv.az\/index.php?rest_route=%2Fwp%2Fv2%2Ftags&post=269407"}],"curies":[{"name":"wp","href":"https:\/\/api.w.org\/{rel}","templated":true}]}}