{"id":269431,"date":"2021-01-11T11:55:50","date_gmt":"2021-01-11T08:55:50","guid":{"rendered":"http:\/\/arantv.az\/?p=269431"},"modified":"2021-01-11T11:55:50","modified_gmt":"2021-01-11T08:55:50","slug":"caliber-v%c9%99t%c9%99n-muharib%c9%99sind%c9%99-pilotlarimizin-pes%c9%99kar-isi-video","status":"publish","type":"post","link":"https:\/\/arantv.az\/?p=269431","title":{"rendered":"\u201cCaliber\u201d: V\u0259t\u0259n m\u00fcharib\u0259sind\u0259 pilotlar\u0131m\u0131z\u0131n pe\u015f\u0259kar i\u015fi &#8211; V\u0130DEO"},"content":{"rendered":"<p>\u201cCaliber\u201d layih\u0259si \u201cAt\u0259\u015f x\u0259ttind\u0259: 13-c\u00fc burax\u0131l\u0131\u015f\u201d adl\u0131 n\u00f6vb\u0259ti t\u0259hlilini t\u0259qdim edib.<\/p>\n<p>Bu bar\u0259d\u0259 layih\u0259nin \u201cYoutube\u201d kanal\u0131nda video yerl\u0259\u015fdirilib.<\/p>\n<div id=\"AdviadNativeVideo0\" class=\"AdviadNativeVideo\"><\/div>\n<p>Videoda layih\u0259nin m\u00fc\u0259llifl\u0259ri Heyd\u0259r Mirz\u0259 v\u0259 Hans Kloss \u00f6lk\u0259 ictimaiyy\u0259tinin qar\u015f\u0131s\u0131na \u00e7\u0131xmaq ist\u0259m\u0259y\u0259n Erm\u0259nistan Prezidenti Armen Sarkisyan\u0131n yeni ili \u00f6lk\u0259sind\u0259 qar\u015f\u0131lamamas\u0131, Nikol Pa\u015finyan\u0131n n\u00f6vb\u0259ti \u201c\u00f6z\u00fcn\u00fct\u0259crid\u201di, m\u00fcharib\u0259 cinay\u0259tkar\u0131 Serj Sarqsyan\u0131n k\u00fcr\u0259k\u0259ni Mikael Minasyan\u0131n son g\u00fcnl\u0259r m\u0259tbuata verdiyi qalmaqall\u0131 a\u00e7\u0131qlamalar, erm\u0259ni ictimaiyy\u0259tinin Az\u0259rbaycan Respublikas\u0131 il\u0259 s\u0259rh\u0259dl\u0259rin delimitasiyas\u0131na reaksiyas\u0131, yeni yol infrastrukturu planlar\u0131, \u201cQafan hava liman\u0131 fonunda Az\u0259rbaycan bayra\u011f\u0131\u201d kimi m\u0259s\u0259l\u0259l\u0259r \u0259trafl\u0131 t\u0259hlil olunub.<\/p>\n<p>Videonun sonunda Az\u0259rbaycan H\u0259rbi Hava Q\u00fcvv\u0259l\u0259rinin V\u0259t\u0259n m\u00fcharib\u0259si zaman\u0131 g\u00f6rd\u00fcy\u00fc pe\u015f\u0259kar i\u015fl\u0259rin g\u00f6r\u00fcnt\u00fcl\u0259ri t\u0259qdim olunub.<\/p>\n<div><iframe loading=\"lazy\" src=\"https:\/\/www.youtube.com\/embed\/vuA8FOm5M3g\" width=\"560\" height=\"315\" frameborder=\"0\" allowfullscreen=\"allowfullscreen\" data-mce-fragment=\"1\"><\/iframe><\/div>\n<p>&nbsp;<\/p>\n","protected":false},"excerpt":{"rendered":"<p>\u201cCaliber\u201d layih\u0259si \u201cAt\u0259\u015f x\u0259ttind\u0259: 13-c\u00fc burax\u0131l\u0131\u015f\u201d adl\u0131 n\u00f6vb\u0259ti t\u0259hlilini t\u0259qdim edib. Bu bar\u0259d\u0259 layih\u0259nin \u201cYoutube\u201d kanal\u0131nda video yerl\u0259\u015fdirilib. Videoda layih\u0259nin m\u00fc\u0259llifl\u0259ri Heyd\u0259r Mirz\u0259 v\u0259 Hans Kloss \u00f6lk\u0259 ictimaiyy\u0259tinin qar\u015f\u0131s\u0131na \u00e7\u0131xmaq ist\u0259m\u0259y\u0259n Erm\u0259nistan Prezidenti Armen Sarkisyan\u0131n yeni ili \u00f6lk\u0259sind\u0259 qar\u015f\u0131lamamas\u0131, Nikol Pa\u015finyan\u0131n n\u00f6vb\u0259ti \u201c\u00f6z\u00fcn\u00fct\u0259crid\u201di, m\u00fcharib\u0259 cinay\u0259tkar\u0131 Serj Sarqsyan\u0131n k\u00fcr\u0259k\u0259ni Mikael Minasyan\u0131n son g\u00fcnl\u0259r m\u0259tbuata verdiyi qalmaqall\u0131 a\u00e7\u0131qlamalar, erm\u0259ni ictimaiyy\u0259tinin Az\u0259rbaycan Respublikas\u0131 il\u0259 s\u0259rh\u0259dl\u0259rin delimitasiyas\u0131na reaksiyas\u0131, yeni yol infrastrukturu planlar\u0131, \u201cQafan hava liman\u0131 fonunda Az\u0259rbaycan bayra\u011f\u0131\u201d kimi m\u0259s\u0259l\u0259l\u0259r \u0259trafl\u0131 t\u0259hlil olunub. Videonun sonunda Az\u0259rbaycan H\u0259rbi Hava Q\u00fcvv\u0259l\u0259rinin V\u0259t\u0259n m\u00fcharib\u0259si zaman\u0131 g\u00f6rd\u00fcy\u00fc pe\u015f\u0259kar&hellip;<\/p>\n","protected":false},"author":2,"featured_media":269432,"comment_status":"closed","ping_status":"closed","sticky":false,"template":"","format":"standard","meta":{"om_disable_all_campaigns":false,"_monsterinsights_skip_tracking":false,"_monsterinsights_sitenote_active":false,"_monsterinsights_sitenote_note":"","_monsterinsights_sitenote_category":0},"categories":[10],"tags":[],"aioseo_notices":[],"gutentor_comment":0,"rttpg_featured_image_url":{"full":["https:\/\/arantv.az\/wp-content\/uploads\/2021\/01\/Aviasiya.jpg",620,346,false],"landscape":["https:\/\/arantv.az\/wp-content\/uploads\/2021\/01\/Aviasiya.jpg",620,346,false],"portraits":["https:\/\/arantv.az\/wp-content\/uploads\/2021\/01\/Aviasiya.jpg",620,346,false],"thumbnail":["https:\/\/arantv.az\/wp-content\/uploads\/2021\/01\/Aviasiya-150x150.jpg",150,150,true],"medium":["https:\/\/arantv.az\/wp-content\/uploads\/2021\/01\/Aviasiya-300x167.jpg",300,167,true],"large":["https:\/\/arantv.az\/wp-content\/uploads\/2021\/01\/Aviasiya.jpg",620,346,false],"1536x1536":["https:\/\/arantv.az\/wp-content\/uploads\/2021\/01\/Aviasiya.jpg",620,346,false],"2048x2048":["https:\/\/arantv.az\/wp-content\/uploads\/2021\/01\/Aviasiya.jpg",620,346,false],"post-thumbnail":["https:\/\/arantv.az\/wp-content\/uploads\/2021\/01\/Aviasiya-240x172.jpg",240,172,true],"advps-thumb-one":["https:\/\/arantv.az\/wp-content\/uploads\/2021\/01\/Aviasiya.jpg",620,346,false]},"rttpg_author":{"display_name":"V\u00fcsal Rafiqo\u011flu","author_link":"https:\/\/arantv.az\/?author=2"},"rttpg_comment":0,"rttpg_category":"<a href=\"https:\/\/arantv.az\/?cat=10\" rel=\"category\">C\u0259bh\u0259d\u0259n X\u0259b\u0259r<\/a>","rttpg_excerpt":"\u201cCaliber\u201d layih\u0259si \u201cAt\u0259\u015f x\u0259ttind\u0259: 13-c\u00fc burax\u0131l\u0131\u015f\u201d adl\u0131 n\u00f6vb\u0259ti t\u0259hlilini t\u0259qdim edib. Bu bar\u0259d\u0259 layih\u0259nin \u201cYoutube\u201d kanal\u0131nda video yerl\u0259\u015fdirilib. Videoda layih\u0259nin m\u00fc\u0259llifl\u0259ri Heyd\u0259r Mirz\u0259 v\u0259 Hans Kloss \u00f6lk\u0259 ictimaiyy\u0259tinin qar\u015f\u0131s\u0131na \u00e7\u0131xmaq ist\u0259m\u0259y\u0259n Erm\u0259nistan Prezidenti Armen Sarkisyan\u0131n yeni ili \u00f6lk\u0259sind\u0259 qar\u015f\u0131lamamas\u0131, Nikol Pa\u015finyan\u0131n n\u00f6vb\u0259ti \u201c\u00f6z\u00fcn\u00fct\u0259crid\u201di, m\u00fcharib\u0259 cinay\u0259tkar\u0131 Serj Sarqsyan\u0131n k\u00fcr\u0259k\u0259ni Mikael Minasyan\u0131n son g\u00fcnl\u0259r m\u0259tbuata verdiyi qalmaqall\u0131&hellip;","_links":{"self":[{"href":"https:\/\/arantv.az\/index.php?rest_route=\/wp\/v2\/posts\/269431"}],"collection":[{"href":"https:\/\/arantv.az\/index.php?rest_route=\/wp\/v2\/posts"}],"about":[{"href":"https:\/\/arantv.az\/index.php?rest_route=\/wp\/v2\/types\/post"}],"author":[{"embeddable":true,"href":"https:\/\/arantv.az\/index.php?rest_route=\/wp\/v2\/users\/2"}],"replies":[{"embeddable":true,"href":"https:\/\/arantv.az\/index.php?rest_route=%2Fwp%2Fv2%2Fcomments&post=269431"}],"version-history":[{"count":0,"href":"https:\/\/arantv.az\/index.php?rest_route=\/wp\/v2\/posts\/269431\/revisions"}],"wp:featuredmedia":[{"embeddable":true,"href":"https:\/\/arantv.az\/index.php?rest_route=\/wp\/v2\/media\/269432"}],"wp:attachment":[{"href":"https:\/\/arantv.az\/index.php?rest_route=%2Fwp%2Fv2%2Fmedia&parent=269431"}],"wp:term":[{"taxonomy":"category","embeddable":true,"href":"https:\/\/arantv.az\/index.php?rest_route=%2Fwp%2Fv2%2Fcategories&post=269431"},{"taxonomy":"post_tag","embeddable":true,"href":"https:\/\/arantv.az\/index.php?rest_route=%2Fwp%2Fv2%2Ftags&post=269431"}],"curies":[{"name":"wp","href":"https:\/\/api.w.org\/{rel}","templated":true}]}}