{"id":269447,"date":"2021-01-11T12:01:05","date_gmt":"2021-01-11T09:01:05","guid":{"rendered":"http:\/\/arantv.az\/?p=269447"},"modified":"2021-01-11T12:01:05","modified_gmt":"2021-01-11T09:01:05","slug":"general-hikm%c9%99t-mirz%c9%99yevin-bu-gun%c9%99-q%c9%99d%c9%99r-aldigi-orden-v%c9%99-medallar-siyahi","status":"publish","type":"post","link":"https:\/\/arantv.az\/?p=269447","title":{"rendered":"General Hikm\u0259t Mirz\u0259yevin bu g\u00fcn\u0259 q\u0259d\u0259r ald\u0131\u011f\u0131 orden v\u0259 medallar &#8211; S\u0130YAHI"},"content":{"rendered":"<p>Hikm\u0259t Mirz\u0259yev Bil\u0259suvar rayonunda anadan olub. 17 oktyabr 2020-ci ild\u0259 Az\u0259rbaycan Respublikas\u0131 Prezidenti \u0130lham \u018fliyev general-mayor Hikm\u0259t \u0130zz\u0259t o\u011flu Mirz\u0259yevi general-leytenant ali h\u0259rbi r\u00fctb\u0259si il\u0259 t\u0259ltif edib.<\/p>\n<p><strong>ARANTV.AZ\u00a0<\/strong> x\u0259b\u0259r verir ki, general Mirz\u0259yev \u00fcmummilli lider Heyd\u0259r \u018fliyevin Prezident oldu\u011fu ill\u0259rd\u0259 polkovnik-leytenant h\u0259rbi r\u00fctb\u0259sini da\u015f\u0131y\u0131b.<\/p>\n<p>Ona Polkovnik r\u00fctb\u0259sini d\u0259 m\u0259hz Heyd\u0259r \u018fliyev t\u0259qdim edib. Hikm\u0259t Mirz\u0259yev 19 yanvar 2002-ci ild\u0259 Ulu \u00d6nd\u0259r Heyd\u0259r \u018fliyevin imzalad\u0131\u011f\u0131 s\u0259r\u0259ncamla general-mayor ali h\u0259rbi r\u00fctb\u0259sin\u0259 layiq g\u00f6r\u00fcl\u00fcb.<\/p>\n<p>Bundan ba\u015fqa, Hikm\u0259t Mirz\u0259yev 24 iyun 2003-c\u00fc ild\u0259 Az\u0259rbaycan\u0131n m\u00fcst\u0259qilliyi v\u0259 \u0259razi b\u00fct\u00f6vl\u00fcy\u00fcn\u00fcn m\u00fcdafi\u0259sind\u0259 x\u00fcsusi xidm\u0259tl\u0259rin\u0259, \u00f6z\u00fcn\u00fcn xidm\u0259ti v\u0259zif\u0259l\u0259rini v\u0259 h\u0259rbi hiss\u0259y\u0259 h\u0259val\u0259 edilmi\u015f v\u0259zif\u0259l\u0259rin yerin\u0259 yetirilm\u0259sind\u0259 f\u0259rql\u0259ndiyin\u0259 g\u00f6r\u0259 Heyd\u0259r \u018fliyevin f\u0259rman\u0131 il\u0259 &#8220;\u0130gidliy\u0259 g\u00f6r\u0259&#8221; medal\u0131 il\u0259 t\u0259ltif edilib.<\/p>\n<p>24 iyun 2015-ci ild\u0259 is\u0259 Hikm\u0259t Mirz\u0259yev Ali Ba\u015f Komandan \u0130lham \u018fliyevin s\u0259r\u0259ncam\u0131 il\u0259 3-c\u00fc d\u0259r\u0259c\u0259li &#8220;V\u0259t\u0259n\u0259 xidm\u0259t\u0259 g\u00f6r\u0259&#8221; ordeni il\u0259 t\u0259ltif olunub.<\/p>\n<p>2016-c\u0131 ilin aprelind\u0259 v\u0259 2020-ci ild\u0259 Da\u011fl\u0131q Qaraba\u011fda apar\u0131lan h\u0259rbi \u0259m\u0259liyyatlar\u0131n r\u0259hb\u0259rl\u0259rind\u0259ndir. O, bundan \u00f6nc\u0259 C\u0259bray\u0131l rayonunun 27 il davam ed\u0259n i\u015f\u011faldan azad edilm\u0259si \u0259m\u0259liyyat\u0131na ba\u015f\u00e7\u0131l\u0131q edib. Bu m\u00fcnasib\u0259tl\u0259 d\u00f6vl\u0259t ba\u015f\u00e7\u0131s\u0131 Mirz\u0259yev\u0259 z\u0259ng ed\u0259r\u0259k onu t\u0259brik edib. Daha sonra is\u0259 Ali Ba\u015f Komandan\u0131n 17 oktyabrda imzalad\u0131\u011f\u0131 s\u0259r\u0259ncamla ona general-leytenant ali h\u0259rbi r\u00fctb\u0259si verilib.<\/p>\n<p>Qeyd ed\u0259k ki, 2016-c\u0131 ilin aprel d\u00f6y\u00fc\u015fl\u0259rind\u0259 i\u015f\u011fal edilmi\u015f torpaqlar\u0131n azad edilm\u0259sind\u0259 \u0259sas rol oynayan x\u00fcsusi t\u0259yinatl\u0131lar 2018-ci ild\u0259 Ordunun 100 illiyi m\u00fcnasib\u0259ti il\u0259 ke\u00e7iril\u0259n h\u0259rbi paradda general Hikm\u0259t Mirz\u0259yevin ba\u015f\u00e7\u0131l\u0131\u011f\u0131 alt\u0131nda ke\u00e7ibl\u0259r.<\/p>\n<p>Az\u0259rbaycan Respublikas\u0131 Prezidenti \u0130lham \u018fliyev general-leytenant Hikm\u0259t Mirz\u0259yevi \u015eu\u015fan\u0131n i\u015f\u011faldan azad edilm\u0259si m\u00fcnasib\u0259ti il\u0259 t\u0259brik edib.<\/p>\n<p>General-leytenant Hikm\u0259t Mirz\u0259yevin bu g\u00fcn\u0259 q\u0259d\u0259r layiq g\u00f6r\u00fcld\u00fcy\u00fc orden v\u0259 medallar:<\/p>\n<p><em><strong>&#8220;Az\u0259rbaycan Bayra\u011f\u0131&#8221; ordeni &#8211; 1994<\/strong><\/em><\/p>\n<p><em><strong>&#8220;Az\u0259rbaycan Respublikas\u0131 Silahl\u0131 Q\u00fcvv\u0259l\u0259rinin 10 illiyi (1991-2001)&#8221; yubiley medal\u0131 &#8211; 2001<\/strong><\/em><\/p>\n<p><em><strong>&#8220;\u0130gidliy\u0259 g\u00f6r\u0259&#8221; medal\u0131 &#8211; 2003<\/strong><\/em><\/p>\n<p><em><strong>&#8220;V\u0259t\u0259n u\u011frunda&#8221; medal\u0131 &#8211; 2007<\/strong><\/em><\/p>\n<p><em><strong>&#8220;Az\u0259rbaycan Respublikas\u0131 Silahl\u0131 Q\u00fcvv\u0259l\u0259rinin 90 illiyi (1918-2008)&#8221; yubiley medal\u0131 &#8211; 2008<\/strong><\/em><\/p>\n<p><em><strong>&#8220;Az\u0259rbaycan Respublikas\u0131 Silahl\u0131 Q\u00fcvv\u0259l\u0259rinin 95 illiyi (1918-2013)&#8221; yubiley medal\u0131 &#8211; 2013<\/strong><\/em><\/p>\n<p><em><strong>3-c\u00fc d\u0259r\u0259c\u0259li &#8220;V\u0259t\u0259n\u0259 xidm\u0259t\u0259 g\u00f6r\u0259&#8221; ordeni &#8211; 2015<\/strong><\/em><\/p>\n<p><em><strong>&#8220;Az\u0259rbaycan Ordusunun 100 illiyi (1918-2018)&#8221; yubiley medal\u0131 &#8211; 2018<\/strong><\/em><\/p>\n<p><em><strong>&#8220;H\u0259rbi xidm\u0259td\u0259 f\u0259rql\u0259nm\u0259y\u0259 g\u00f6r\u0259&#8221; I d\u0259r\u0259c\u0259li medal\u0131<\/strong><\/em><\/p>\n<p><em><strong>&#8220;H\u0259rbi xidm\u0259td\u0259 f\u0259rql\u0259nm\u0259y\u0259 g\u00f6r\u0259&#8221; II d\u0259r\u0259c\u0259li medal\u0131<\/strong><\/em><\/p>\n<p><em><strong>&#8220;H\u0259rbi xidm\u0259td\u0259 f\u0259rql\u0259nm\u0259y\u0259 g\u00f6r\u0259&#8221; III d\u0259r\u0259c\u0259li medal\u0131<\/strong><\/em><\/p>\n<p><em><strong>&#8220;V\u0259t\u0259n M\u00fcharib\u0259si Q\u0259hr\u0259man\u0131&#8221; medal\u0131 &#8211; 2020 (09.12.2020)<\/strong><\/em><\/p>\n<p><em><strong>&#8220;C\u0259bray\u0131l\u0131n azad olunmas\u0131na g\u00f6r\u0259&#8221; medal\u0131 &#8211; 2020 (24.12.2020)<\/strong><\/em><\/p>\n<p><em><strong>&#8220;F\u00fczulinin azad olunmas\u0131na g\u00f6r\u0259&#8221; medal\u0131 &#8211; 2020 (25.12.2020)<\/strong><\/em><\/p>\n<p><em><strong>&#8220;Qubadl\u0131n\u0131n azad olunmas\u0131na g\u00f6r\u0259&#8221; medal\u0131 &#8211; 2020 (29.12.2020)<\/strong><\/em><\/p>\n<p><em><strong>&#8220;\u015eu\u015fan\u0131n azad olunmas\u0131na g\u00f6r\u0259&#8221; medal\u0131 &#8211; 2020 (29.12.2020)<\/strong><\/em><\/p>\n<p><em><strong>&#8220;K\u0259lb\u0259c\u0259rin azad olunmas\u0131na g\u00f6r\u0259&#8221; medal\u0131 &#8211; 2020 (29.12.2020)<\/strong><\/em><\/p>\n<p>&nbsp;<\/p>\n<p>&#8220;\u0130ki sahil&#8221;<\/p>\n","protected":false},"excerpt":{"rendered":"<p>Hikm\u0259t Mirz\u0259yev Bil\u0259suvar rayonunda anadan olub. 17 oktyabr 2020-ci ild\u0259 Az\u0259rbaycan Respublikas\u0131 Prezidenti \u0130lham \u018fliyev general-mayor Hikm\u0259t \u0130zz\u0259t o\u011flu Mirz\u0259yevi general-leytenant ali h\u0259rbi r\u00fctb\u0259si il\u0259 t\u0259ltif edib. ARANTV.AZ\u00a0 x\u0259b\u0259r verir ki, general Mirz\u0259yev \u00fcmummilli lider Heyd\u0259r \u018fliyevin Prezident oldu\u011fu ill\u0259rd\u0259 polkovnik-leytenant h\u0259rbi r\u00fctb\u0259sini da\u015f\u0131y\u0131b. Ona Polkovnik r\u00fctb\u0259sini d\u0259 m\u0259hz Heyd\u0259r \u018fliyev t\u0259qdim edib. Hikm\u0259t Mirz\u0259yev 19 yanvar 2002-ci ild\u0259 Ulu \u00d6nd\u0259r Heyd\u0259r \u018fliyevin imzalad\u0131\u011f\u0131 s\u0259r\u0259ncamla general-mayor ali h\u0259rbi r\u00fctb\u0259sin\u0259 layiq g\u00f6r\u00fcl\u00fcb. Bundan ba\u015fqa, Hikm\u0259t Mirz\u0259yev 24 iyun 2003-c\u00fc ild\u0259 Az\u0259rbaycan\u0131n m\u00fcst\u0259qilliyi v\u0259 \u0259razi b\u00fct\u00f6vl\u00fcy\u00fcn\u00fcn m\u00fcdafi\u0259sind\u0259 x\u00fcsusi xidm\u0259tl\u0259rin\u0259, \u00f6z\u00fcn\u00fcn xidm\u0259ti v\u0259zif\u0259l\u0259rini&hellip;<\/p>\n","protected":false},"author":2,"featured_media":269448,"comment_status":"closed","ping_status":"closed","sticky":false,"template":"","format":"standard","meta":{"om_disable_all_campaigns":false,"_monsterinsights_skip_tracking":false,"_monsterinsights_sitenote_active":false,"_monsterinsights_sitenote_note":"","_monsterinsights_sitenote_category":0},"categories":[10],"tags":[],"aioseo_notices":[],"gutentor_comment":0,"rttpg_featured_image_url":{"full":["https:\/\/arantv.az\/wp-content\/uploads\/2021\/01\/bb96ff7f161035467839535639910022788.jpg",975,540,false],"landscape":["https:\/\/arantv.az\/wp-content\/uploads\/2021\/01\/bb96ff7f161035467839535639910022788.jpg",975,540,false],"portraits":["https:\/\/arantv.az\/wp-content\/uploads\/2021\/01\/bb96ff7f161035467839535639910022788.jpg",975,540,false],"thumbnail":["https:\/\/arantv.az\/wp-content\/uploads\/2021\/01\/bb96ff7f161035467839535639910022788-150x150.jpg",150,150,true],"medium":["https:\/\/arantv.az\/wp-content\/uploads\/2021\/01\/bb96ff7f161035467839535639910022788-300x166.jpg",300,166,true],"large":["https:\/\/arantv.az\/wp-content\/uploads\/2021\/01\/bb96ff7f161035467839535639910022788.jpg",640,354,false],"1536x1536":["https:\/\/arantv.az\/wp-content\/uploads\/2021\/01\/bb96ff7f161035467839535639910022788.jpg",975,540,false],"2048x2048":["https:\/\/arantv.az\/wp-content\/uploads\/2021\/01\/bb96ff7f161035467839535639910022788.jpg",975,540,false],"post-thumbnail":["https:\/\/arantv.az\/wp-content\/uploads\/2021\/01\/bb96ff7f161035467839535639910022788-240x172.jpg",240,172,true],"advps-thumb-one":["https:\/\/arantv.az\/wp-content\/uploads\/2021\/01\/bb96ff7f161035467839535639910022788.jpg",975,540,false]},"rttpg_author":{"display_name":"V\u00fcsal Rafiqo\u011flu","author_link":"https:\/\/arantv.az\/?author=2"},"rttpg_comment":0,"rttpg_category":"<a href=\"https:\/\/arantv.az\/?cat=10\" rel=\"category\">C\u0259bh\u0259d\u0259n X\u0259b\u0259r<\/a>","rttpg_excerpt":"Hikm\u0259t Mirz\u0259yev Bil\u0259suvar rayonunda anadan olub. 17 oktyabr 2020-ci ild\u0259 Az\u0259rbaycan Respublikas\u0131 Prezidenti \u0130lham \u018fliyev general-mayor Hikm\u0259t \u0130zz\u0259t o\u011flu Mirz\u0259yevi general-leytenant ali h\u0259rbi r\u00fctb\u0259si il\u0259 t\u0259ltif edib. ARANTV.AZ\u00a0 x\u0259b\u0259r verir ki, general Mirz\u0259yev \u00fcmummilli lider Heyd\u0259r \u018fliyevin Prezident oldu\u011fu ill\u0259rd\u0259 polkovnik-leytenant h\u0259rbi r\u00fctb\u0259sini da\u015f\u0131y\u0131b. Ona Polkovnik r\u00fctb\u0259sini d\u0259 m\u0259hz Heyd\u0259r \u018fliyev t\u0259qdim edib. Hikm\u0259t Mirz\u0259yev&hellip;","_links":{"self":[{"href":"https:\/\/arantv.az\/index.php?rest_route=\/wp\/v2\/posts\/269447"}],"collection":[{"href":"https:\/\/arantv.az\/index.php?rest_route=\/wp\/v2\/posts"}],"about":[{"href":"https:\/\/arantv.az\/index.php?rest_route=\/wp\/v2\/types\/post"}],"author":[{"embeddable":true,"href":"https:\/\/arantv.az\/index.php?rest_route=\/wp\/v2\/users\/2"}],"replies":[{"embeddable":true,"href":"https:\/\/arantv.az\/index.php?rest_route=%2Fwp%2Fv2%2Fcomments&post=269447"}],"version-history":[{"count":0,"href":"https:\/\/arantv.az\/index.php?rest_route=\/wp\/v2\/posts\/269447\/revisions"}],"wp:featuredmedia":[{"embeddable":true,"href":"https:\/\/arantv.az\/index.php?rest_route=\/wp\/v2\/media\/269448"}],"wp:attachment":[{"href":"https:\/\/arantv.az\/index.php?rest_route=%2Fwp%2Fv2%2Fmedia&parent=269447"}],"wp:term":[{"taxonomy":"category","embeddable":true,"href":"https:\/\/arantv.az\/index.php?rest_route=%2Fwp%2Fv2%2Fcategories&post=269447"},{"taxonomy":"post_tag","embeddable":true,"href":"https:\/\/arantv.az\/index.php?rest_route=%2Fwp%2Fv2%2Ftags&post=269447"}],"curies":[{"name":"wp","href":"https:\/\/api.w.org\/{rel}","templated":true}]}}