{"id":269459,"date":"2021-01-11T12:05:37","date_gmt":"2021-01-11T09:05:37","guid":{"rendered":"http:\/\/arantv.az\/?p=269459"},"modified":"2021-01-11T12:05:37","modified_gmt":"2021-01-11T09:05:37","slug":"az%c9%99rbaycanda-s%c9%99rt-karantin-rejimi-yanvarin-18-d%c9%99n-sonra-uzadilir-aciqlama","status":"publish","type":"post","link":"https:\/\/arantv.az\/?p=269459","title":{"rendered":"Az\u0259rbaycanda s\u0259rt karantin rejimi yanvar\u0131n 18-d\u0259n sonra uzad\u0131l\u0131r?- A\u00c7IQLAMA"},"content":{"rendered":"<p>M\u0259lum oldu\u011fu kimi, \u00f6lk\u0259mizd\u0259 s\u0259rt karantin rejimi bu ay\u0131n 18-d\u0259k, \u00fcmumi karantin rejimi is\u0259 yanvar ay\u0131n\u0131n 31- d\u0259k q\u00fcvv\u0259d\u0259dir. G\u00fcnd\u0259lik yoluxma say\u0131nda azalma tempini v\u0259 yanvar\u0131n ortas\u0131nda vaksinl\u0259\u015fm\u0259ni n\u0259z\u0259r\u0259 alsaq, s\u0259rt karantin rejiminin q\u00fcvv\u0259d\u0259 qalmas\u0131 m\u00fcmk\u00fcnd\u00fcrm\u00fc?<\/p>\n<p><strong>ARANTV.AZ<\/strong>\u00a0 x\u0259b\u0259r verir ki, bununla ba\u011fl\u0131 Sonxeber.az-a uroloq Vasif \u0130smay\u0131l dan\u0131\u015f\u0131b:&#8221;M\u0259nim fikrimc\u0259 s\u0259rt karantin rejimi h\u0259l\u0259 uzad\u0131lacaq. \u00c7\u00fcnki, yoluxma say\u0131n\u0131 h\u0259l\u0259 tam olaraq n\u0259zar\u0259t\u0259 ala bilm\u0259mi\u015fik. Amma n\u0259 vaxtad\u0259k uzad\u0131laca\u011f\u0131n\u0131 dey\u0259 bilm\u0259r\u0259m &#8220;.<\/p>\n","protected":false},"excerpt":{"rendered":"<p>M\u0259lum oldu\u011fu kimi, \u00f6lk\u0259mizd\u0259 s\u0259rt karantin rejimi bu ay\u0131n 18-d\u0259k, \u00fcmumi karantin rejimi is\u0259 yanvar ay\u0131n\u0131n 31- d\u0259k q\u00fcvv\u0259d\u0259dir. G\u00fcnd\u0259lik yoluxma say\u0131nda azalma tempini v\u0259 yanvar\u0131n ortas\u0131nda vaksinl\u0259\u015fm\u0259ni n\u0259z\u0259r\u0259 alsaq, s\u0259rt karantin rejiminin q\u00fcvv\u0259d\u0259 qalmas\u0131 m\u00fcmk\u00fcnd\u00fcrm\u00fc? ARANTV.AZ\u00a0 x\u0259b\u0259r verir ki, bununla ba\u011fl\u0131 Sonxeber.az-a uroloq Vasif \u0130smay\u0131l dan\u0131\u015f\u0131b:&#8221;M\u0259nim fikrimc\u0259 s\u0259rt karantin rejimi h\u0259l\u0259 uzad\u0131lacaq. \u00c7\u00fcnki, yoluxma say\u0131n\u0131 h\u0259l\u0259 tam olaraq n\u0259zar\u0259t\u0259 ala bilm\u0259mi\u015fik. Amma n\u0259 vaxtad\u0259k uzad\u0131laca\u011f\u0131n\u0131 dey\u0259 bilm\u0259r\u0259m &#8220;.<\/p>\n","protected":false},"author":2,"featured_media":269460,"comment_status":"closed","ping_status":"closed","sticky":false,"template":"","format":"standard","meta":{"om_disable_all_campaigns":false,"_monsterinsights_skip_tracking":false,"_monsterinsights_sitenote_active":false,"_monsterinsights_sitenote_note":"","_monsterinsights_sitenote_category":0},"categories":[26],"tags":[],"aioseo_notices":[],"gutentor_comment":0,"rttpg_featured_image_url":{"full":["https:\/\/arantv.az\/wp-content\/uploads\/2021\/01\/sert_karantin.jpg",549,309,false],"landscape":["https:\/\/arantv.az\/wp-content\/uploads\/2021\/01\/sert_karantin.jpg",549,309,false],"portraits":["https:\/\/arantv.az\/wp-content\/uploads\/2021\/01\/sert_karantin.jpg",549,309,false],"thumbnail":["https:\/\/arantv.az\/wp-content\/uploads\/2021\/01\/sert_karantin-150x150.jpg",150,150,true],"medium":["https:\/\/arantv.az\/wp-content\/uploads\/2021\/01\/sert_karantin-300x169.jpg",300,169,true],"large":["https:\/\/arantv.az\/wp-content\/uploads\/2021\/01\/sert_karantin.jpg",549,309,false],"1536x1536":["https:\/\/arantv.az\/wp-content\/uploads\/2021\/01\/sert_karantin.jpg",549,309,false],"2048x2048":["https:\/\/arantv.az\/wp-content\/uploads\/2021\/01\/sert_karantin.jpg",549,309,false],"post-thumbnail":["https:\/\/arantv.az\/wp-content\/uploads\/2021\/01\/sert_karantin-240x172.jpg",240,172,true],"advps-thumb-one":["https:\/\/arantv.az\/wp-content\/uploads\/2021\/01\/sert_karantin.jpg",549,309,false]},"rttpg_author":{"display_name":"V\u00fcsal Rafiqo\u011flu","author_link":"https:\/\/arantv.az\/?author=2"},"rttpg_comment":0,"rttpg_category":"<a href=\"https:\/\/arantv.az\/?cat=26\" rel=\"category\">Sosial<\/a>","rttpg_excerpt":"M\u0259lum oldu\u011fu kimi, \u00f6lk\u0259mizd\u0259 s\u0259rt karantin rejimi bu ay\u0131n 18-d\u0259k, \u00fcmumi karantin rejimi is\u0259 yanvar ay\u0131n\u0131n 31- d\u0259k q\u00fcvv\u0259d\u0259dir. G\u00fcnd\u0259lik yoluxma say\u0131nda azalma tempini v\u0259 yanvar\u0131n ortas\u0131nda vaksinl\u0259\u015fm\u0259ni n\u0259z\u0259r\u0259 alsaq, s\u0259rt karantin rejiminin q\u00fcvv\u0259d\u0259 qalmas\u0131 m\u00fcmk\u00fcnd\u00fcrm\u00fc? ARANTV.AZ\u00a0 x\u0259b\u0259r verir ki, bununla ba\u011fl\u0131 Sonxeber.az-a uroloq Vasif \u0130smay\u0131l dan\u0131\u015f\u0131b:&#8221;M\u0259nim fikrimc\u0259 s\u0259rt karantin rejimi h\u0259l\u0259 uzad\u0131lacaq. \u00c7\u00fcnki, yoluxma&hellip;","_links":{"self":[{"href":"https:\/\/arantv.az\/index.php?rest_route=\/wp\/v2\/posts\/269459"}],"collection":[{"href":"https:\/\/arantv.az\/index.php?rest_route=\/wp\/v2\/posts"}],"about":[{"href":"https:\/\/arantv.az\/index.php?rest_route=\/wp\/v2\/types\/post"}],"author":[{"embeddable":true,"href":"https:\/\/arantv.az\/index.php?rest_route=\/wp\/v2\/users\/2"}],"replies":[{"embeddable":true,"href":"https:\/\/arantv.az\/index.php?rest_route=%2Fwp%2Fv2%2Fcomments&post=269459"}],"version-history":[{"count":0,"href":"https:\/\/arantv.az\/index.php?rest_route=\/wp\/v2\/posts\/269459\/revisions"}],"wp:featuredmedia":[{"embeddable":true,"href":"https:\/\/arantv.az\/index.php?rest_route=\/wp\/v2\/media\/269460"}],"wp:attachment":[{"href":"https:\/\/arantv.az\/index.php?rest_route=%2Fwp%2Fv2%2Fmedia&parent=269459"}],"wp:term":[{"taxonomy":"category","embeddable":true,"href":"https:\/\/arantv.az\/index.php?rest_route=%2Fwp%2Fv2%2Fcategories&post=269459"},{"taxonomy":"post_tag","embeddable":true,"href":"https:\/\/arantv.az\/index.php?rest_route=%2Fwp%2Fv2%2Ftags&post=269459"}],"curies":[{"name":"wp","href":"https:\/\/api.w.org\/{rel}","templated":true}]}}