{"id":269487,"date":"2021-01-11T12:11:41","date_gmt":"2021-01-11T09:11:41","guid":{"rendered":"http:\/\/arantv.az\/?p=269487"},"modified":"2021-01-11T12:11:41","modified_gmt":"2021-01-11T09:11:41","slug":"bakida-b%c9%99zi-rayonlarda-t%c9%99bii-qazin-verilisind%c9%99-m%c9%99hdudiyy%c9%99tl%c9%99r-yaranib-aciqlama","status":"publish","type":"post","link":"https:\/\/arantv.az\/?p=269487","title":{"rendered":"Bak\u0131da b\u0259zi rayonlarda t\u0259bii qaz\u0131n verili\u015find\u0259 m\u0259hdudiyy\u0259tl\u0259r yaran\u0131b &#8211; A\u00c7IQLAMA"},"content":{"rendered":"<p>Bak\u0131n\u0131n X\u0259z\u0259r rayonu \u0259razisind\u0259 qaz yoxdur.<\/p>\n<p><strong>ARANTV.AZ\u00a0<\/strong>\u00a0x\u0259b\u0259r verir ki, bu bar\u0259d\u0259 m\u0259lumat\u0131 v\u0259t\u0259nda\u015flar sosial \u015f\u0259b\u0259k\u0259l\u0259rd\u0259 payla\u015f\u0131blar. Bel\u0259 ki, iddia edilir ki, paytaxt\u0131n X\u0259z\u0259r rayonu Bin\u0259 q\u0259s\u0259b\u0259si, Ab\u015feron rayonu M\u0259mm\u0259dli k\u0259ndi, Sabun\u00e7u rayonu Bilg\u0259h q\u0259s\u0259b\u0259si, X\u0259z\u0259r rayonu Buzovna q\u0259s\u0259b\u0259sind\u0259 qaz yoxdur.<\/p>\n<p>\u201cAz\u0259riqaz\u201d \u0130B-nin M\u0259tbuat xidm\u0259tinin r\u0259hb\u0259ri Ceyhun S\u0259f\u0259rov\u00a0Oxu.Az-\u0131n sor\u011fusuna cavab olaraq bildirib ki, sadalanan \u0259razil\u0259rd\u0259n yaln\u0131z X\u0259z\u0259r rayonunda \u0259haliy\u0259 t\u0259bii qaz\u0131n verilm\u0259si il\u0259 ba\u011fl\u0131 q\u0131sa m\u00fcdd\u0259tli m\u0259hdudiyy\u0259tl\u0259r var:<\/p>\n<div id=\"AdviadNativeVideo0\" class=\"AdviadNativeVideo\"><\/div>\n<p>\u201c X\u0259z\u0259r rayonu Buzovna q\u0259s\u0259b\u0259sinin Malik Musayev k\u00fc\u00e7\u0259si, Qa\u00e7aq N\u0259bi v\u0259 Koro\u011flu k\u00fc\u00e7\u0259l\u0259rind\u0259 \u0259haliy\u0259 t\u0259bii qaz\u0131n verili\u015find\u0259 fasil\u0259l\u0259r olur. Qa\u00e7aq N\u0259bi v\u0259 Koro\u011flu k\u00fc\u00e7\u0259l\u0259rind\u0259 yaranan fasil\u0259nin s\u0259b\u0259bi apar\u0131lan yoxlamalar zaman\u0131 qaz x\u0259ttind\u0259 s\u0131zman\u0131n m\u00fc\u015fahid\u0259 edilm\u0259sidir. T\u0259hl\u00fck\u0259sizlik m\u0259qs\u0259dil\u0259 qaz t\u0259chizat\u0131 q\u0131sa m\u00fcdd\u0259tli dayand\u0131r\u0131l\u0131b.<\/p>\n<p>Malik Musayev k\u00fc\u00e7\u0259sind\u0259 is\u0259 yeni \u00e7\u0259kil\u0259n qaz x\u0259ttinin \u015f\u0259b\u0259k\u0259y\u0259 qo\u015fulmas\u0131 istiqam\u0259tind\u0259 i\u015fl\u0259r apar\u0131l\u0131r. Bu s\u0259b\u0259bd\u0259n t\u0259bii qaz\u0131n verili\u015find\u0259 m\u0259hdudiyy\u0259tl\u0259r yaran\u0131b. Qeyd etdiyim \u00fcnvanlarda apar\u0131lan i\u015fl\u0259r tez bir zamanda icra olunduqdan sonra t\u0259bii qaz\u0131n verili\u015fi b\u0259rpa edil\u0259c\u0259k\u201d.<\/p>\n<p>C.S\u0259f\u0259rov qeyd edil\u0259n dig\u0259r \u0259razil\u0259rd\u0259 qaz t\u0259chizat\u0131 il\u0259 ba\u011fl\u0131 h\u0259r hans\u0131 problemin olmad\u0131\u011f\u0131n\u0131 bildirib:<\/p>\n<p>\u201cQeyd olunan dig\u0259r \u0259razil\u0259rd\u0259 Ab\u015feron rayonu M\u0259mm\u0259dli k\u0259ndi, Sabun\u00e7u rayonu \u0259razisind\u0259 h\u0259r hans\u0131 problem g\u00f6r\u00fcnm\u00fcr. Ola bil\u0259r yaranan \u00e7\u0259tinlik v\u0259t\u0259nda\u015flar\u0131n f\u0259rdi probleml\u0259ri il\u0259 ba\u011fl\u0131d\u0131r. Bununla ba\u011fl\u0131 is\u0259 v\u0259t\u0259nda\u015flar \u0259razi \u00fczr\u0259 m\u00fcvafiq idar\u0259l\u0259rimizin \u00e7a\u011fr\u0131 m\u0259rk\u0259zl\u0259rin\u0259 m\u00fcraci\u0259t ed\u0259 bil\u0259rl\u0259r\u201d.<\/p>\n","protected":false},"excerpt":{"rendered":"<p>Bak\u0131n\u0131n X\u0259z\u0259r rayonu \u0259razisind\u0259 qaz yoxdur. ARANTV.AZ\u00a0\u00a0x\u0259b\u0259r verir ki, bu bar\u0259d\u0259 m\u0259lumat\u0131 v\u0259t\u0259nda\u015flar sosial \u015f\u0259b\u0259k\u0259l\u0259rd\u0259 payla\u015f\u0131blar. Bel\u0259 ki, iddia edilir ki, paytaxt\u0131n X\u0259z\u0259r rayonu Bin\u0259 q\u0259s\u0259b\u0259si, Ab\u015feron rayonu M\u0259mm\u0259dli k\u0259ndi, Sabun\u00e7u rayonu Bilg\u0259h q\u0259s\u0259b\u0259si, X\u0259z\u0259r rayonu Buzovna q\u0259s\u0259b\u0259sind\u0259 qaz yoxdur. \u201cAz\u0259riqaz\u201d \u0130B-nin M\u0259tbuat xidm\u0259tinin r\u0259hb\u0259ri Ceyhun S\u0259f\u0259rov\u00a0Oxu.Az-\u0131n sor\u011fusuna cavab olaraq bildirib ki, sadalanan \u0259razil\u0259rd\u0259n yaln\u0131z X\u0259z\u0259r rayonunda \u0259haliy\u0259 t\u0259bii qaz\u0131n verilm\u0259si il\u0259 ba\u011fl\u0131 q\u0131sa m\u00fcdd\u0259tli m\u0259hdudiyy\u0259tl\u0259r var: \u201c X\u0259z\u0259r rayonu Buzovna q\u0259s\u0259b\u0259sinin Malik Musayev k\u00fc\u00e7\u0259si, Qa\u00e7aq N\u0259bi v\u0259 Koro\u011flu k\u00fc\u00e7\u0259l\u0259rind\u0259 \u0259haliy\u0259 t\u0259bii qaz\u0131n verili\u015find\u0259 fasil\u0259l\u0259r olur. Qa\u00e7aq N\u0259bi v\u0259 Koro\u011flu&hellip;<\/p>\n","protected":false},"author":2,"featured_media":269488,"comment_status":"closed","ping_status":"closed","sticky":false,"template":"","format":"standard","meta":{"om_disable_all_campaigns":false,"_monsterinsights_skip_tracking":false,"_monsterinsights_sitenote_active":false,"_monsterinsights_sitenote_note":"","_monsterinsights_sitenote_category":0},"categories":[26],"tags":[],"aioseo_notices":[],"gutentor_comment":0,"rttpg_featured_image_url":{"full":["https:\/\/arantv.az\/wp-content\/uploads\/2021\/01\/da.jpg",620,335,false],"landscape":["https:\/\/arantv.az\/wp-content\/uploads\/2021\/01\/da.jpg",620,335,false],"portraits":["https:\/\/arantv.az\/wp-content\/uploads\/2021\/01\/da.jpg",620,335,false],"thumbnail":["https:\/\/arantv.az\/wp-content\/uploads\/2021\/01\/da-150x150.jpg",150,150,true],"medium":["https:\/\/arantv.az\/wp-content\/uploads\/2021\/01\/da-300x162.jpg",300,162,true],"large":["https:\/\/arantv.az\/wp-content\/uploads\/2021\/01\/da.jpg",620,335,false],"1536x1536":["https:\/\/arantv.az\/wp-content\/uploads\/2021\/01\/da.jpg",620,335,false],"2048x2048":["https:\/\/arantv.az\/wp-content\/uploads\/2021\/01\/da.jpg",620,335,false],"post-thumbnail":["https:\/\/arantv.az\/wp-content\/uploads\/2021\/01\/da-240x172.jpg",240,172,true],"advps-thumb-one":["https:\/\/arantv.az\/wp-content\/uploads\/2021\/01\/da.jpg",620,335,false]},"rttpg_author":{"display_name":"V\u00fcsal Rafiqo\u011flu","author_link":"https:\/\/arantv.az\/?author=2"},"rttpg_comment":0,"rttpg_category":"<a href=\"https:\/\/arantv.az\/?cat=26\" rel=\"category\">Sosial<\/a>","rttpg_excerpt":"Bak\u0131n\u0131n X\u0259z\u0259r rayonu \u0259razisind\u0259 qaz yoxdur. ARANTV.AZ\u00a0\u00a0x\u0259b\u0259r verir ki, bu bar\u0259d\u0259 m\u0259lumat\u0131 v\u0259t\u0259nda\u015flar sosial \u015f\u0259b\u0259k\u0259l\u0259rd\u0259 payla\u015f\u0131blar. Bel\u0259 ki, iddia edilir ki, paytaxt\u0131n X\u0259z\u0259r rayonu Bin\u0259 q\u0259s\u0259b\u0259si, Ab\u015feron rayonu M\u0259mm\u0259dli k\u0259ndi, Sabun\u00e7u rayonu Bilg\u0259h q\u0259s\u0259b\u0259si, X\u0259z\u0259r rayonu Buzovna q\u0259s\u0259b\u0259sind\u0259 qaz yoxdur. \u201cAz\u0259riqaz\u201d \u0130B-nin M\u0259tbuat xidm\u0259tinin r\u0259hb\u0259ri Ceyhun S\u0259f\u0259rov\u00a0Oxu.Az-\u0131n sor\u011fusuna cavab olaraq bildirib ki, sadalanan \u0259razil\u0259rd\u0259n yaln\u0131z&hellip;","_links":{"self":[{"href":"https:\/\/arantv.az\/index.php?rest_route=\/wp\/v2\/posts\/269487"}],"collection":[{"href":"https:\/\/arantv.az\/index.php?rest_route=\/wp\/v2\/posts"}],"about":[{"href":"https:\/\/arantv.az\/index.php?rest_route=\/wp\/v2\/types\/post"}],"author":[{"embeddable":true,"href":"https:\/\/arantv.az\/index.php?rest_route=\/wp\/v2\/users\/2"}],"replies":[{"embeddable":true,"href":"https:\/\/arantv.az\/index.php?rest_route=%2Fwp%2Fv2%2Fcomments&post=269487"}],"version-history":[{"count":0,"href":"https:\/\/arantv.az\/index.php?rest_route=\/wp\/v2\/posts\/269487\/revisions"}],"wp:featuredmedia":[{"embeddable":true,"href":"https:\/\/arantv.az\/index.php?rest_route=\/wp\/v2\/media\/269488"}],"wp:attachment":[{"href":"https:\/\/arantv.az\/index.php?rest_route=%2Fwp%2Fv2%2Fmedia&parent=269487"}],"wp:term":[{"taxonomy":"category","embeddable":true,"href":"https:\/\/arantv.az\/index.php?rest_route=%2Fwp%2Fv2%2Fcategories&post=269487"},{"taxonomy":"post_tag","embeddable":true,"href":"https:\/\/arantv.az\/index.php?rest_route=%2Fwp%2Fv2%2Ftags&post=269487"}],"curies":[{"name":"wp","href":"https:\/\/api.w.org\/{rel}","templated":true}]}}