{"id":269503,"date":"2021-01-11T12:28:59","date_gmt":"2021-01-11T09:28:59","guid":{"rendered":"http:\/\/arantv.az\/?p=269503"},"modified":"2021-01-11T12:28:59","modified_gmt":"2021-01-11T09:28:59","slug":"ilham-%c9%99liyev-moskvaya-getdi-yenil%c9%99nib","status":"publish","type":"post","link":"https:\/\/arantv.az\/?p=269503","title":{"rendered":"\u0130lham \u018fliyev Moskvaya getdi &#8211; YEN\u0130L\u018fN\u0130B"},"content":{"rendered":"<p>Yanvar\u0131n 11-d\u0259 Az\u0259rbaycan Respublikas\u0131n\u0131n Prezidenti \u0130lham \u018fliyev Rusiya Federasiyas\u0131n\u0131n Prezidenti Vladimir Putinin d\u0259v\u0259ti il\u0259 Moskvaya i\u015fg\u00fczar s\u0259f\u0259r\u0259 gedib.<\/p>\n<p><strong>ARANTV.AZ<\/strong> x\u0259b\u0259r verir ki, Moskvan\u0131n \u201cVnukovo-2\u201d Beyn\u0259lxalq Hava Liman\u0131nda d\u00f6vl\u0259timizin ba\u015f\u00e7\u0131s\u0131n\u0131 Rusiya Federasiyas\u0131n\u0131n xarici i\u015fl\u0259r nazirinin m\u00fcavini Andrey Rudenko v\u0259 dig\u0259r r\u0259smi \u015f\u0259xsl\u0259r qar\u015f\u0131lay\u0131blar.<\/p>\n<p><strong>12:57<\/strong><\/p>\n<div id=\"AdviadNativeVideo0\" class=\"AdviadNativeVideo\"><\/div>\n<p>Az\u0259rbaycan Prezidenti \u0130lham \u018fliyev Rusiya d\u00f6vl\u0259t ba\u015f\u00e7\u0131s\u0131 Vladimir Putin v\u0259 Erm\u0259nistan Ba\u015f naziri Nikol Pa\u015finyanla Da\u011fl\u0131q Qaraba\u011fla ba\u011fl\u0131 \u00fc\u00e7t\u0259r\u0259fli dan\u0131\u015f\u0131qlar\u0131n apar\u0131laca\u011f\u0131 Moskvaya gedib.<\/p>\n<p>Bu bar\u0259d\u0259 TASS-a Az\u0259rbaycan\u0131n Moskvadak\u0131 s\u0259firi Polad B\u00fclb\u00fclo\u011flu m\u0259lumat verib.<\/p>\n<p>\u201cAz\u0259rbaycan prezidenti Moskvaya g\u0259ldi, onu Rusiya xarici i\u015fl\u0259r nazirinin m\u00fcavini Andrey Rudenko, Rusiya Xarici \u0130\u015fl\u0259r Nazirliyinin v\u0259 Az\u0259rbaycan\u0131n Moskvadak\u0131 s\u0259firliyinin n\u00fcmay\u0259nd\u0259l\u0259ri qar\u015f\u0131lad\u0131lar\u201d, &#8211; dey\u0259 m\u0259lumatda qeyd edilir.AZ\u018fRTAC<\/p>\n","protected":false},"excerpt":{"rendered":"<p>Yanvar\u0131n 11-d\u0259 Az\u0259rbaycan Respublikas\u0131n\u0131n Prezidenti \u0130lham \u018fliyev Rusiya Federasiyas\u0131n\u0131n Prezidenti Vladimir Putinin d\u0259v\u0259ti il\u0259 Moskvaya i\u015fg\u00fczar s\u0259f\u0259r\u0259 gedib. ARANTV.AZ x\u0259b\u0259r verir ki, Moskvan\u0131n \u201cVnukovo-2\u201d Beyn\u0259lxalq Hava Liman\u0131nda d\u00f6vl\u0259timizin ba\u015f\u00e7\u0131s\u0131n\u0131 Rusiya Federasiyas\u0131n\u0131n xarici i\u015fl\u0259r nazirinin m\u00fcavini Andrey Rudenko v\u0259 dig\u0259r r\u0259smi \u015f\u0259xsl\u0259r qar\u015f\u0131lay\u0131blar. 12:57 Az\u0259rbaycan Prezidenti \u0130lham \u018fliyev Rusiya d\u00f6vl\u0259t ba\u015f\u00e7\u0131s\u0131 Vladimir Putin v\u0259 Erm\u0259nistan Ba\u015f naziri Nikol Pa\u015finyanla Da\u011fl\u0131q Qaraba\u011fla ba\u011fl\u0131 \u00fc\u00e7t\u0259r\u0259fli dan\u0131\u015f\u0131qlar\u0131n apar\u0131laca\u011f\u0131 Moskvaya gedib. Bu bar\u0259d\u0259 TASS-a Az\u0259rbaycan\u0131n Moskvadak\u0131 s\u0259firi Polad B\u00fclb\u00fclo\u011flu m\u0259lumat verib. \u201cAz\u0259rbaycan prezidenti Moskvaya g\u0259ldi, onu Rusiya xarici i\u015fl\u0259r nazirinin m\u00fcavini Andrey Rudenko, Rusiya Xarici&hellip;<\/p>\n","protected":false},"author":2,"featured_media":269480,"comment_status":"closed","ping_status":"closed","sticky":false,"template":"","format":"standard","meta":{"om_disable_all_campaigns":false,"_monsterinsights_skip_tracking":false,"_monsterinsights_sitenote_active":false,"_monsterinsights_sitenote_note":"","_monsterinsights_sitenote_category":0},"categories":[4],"tags":[],"aioseo_notices":[],"gutentor_comment":0,"rttpg_featured_image_url":{"full":["https:\/\/arantv.az\/wp-content\/uploads\/2021\/01\/ilham_aliyev_main__221216_1-2.jpg",620,465,false],"landscape":["https:\/\/arantv.az\/wp-content\/uploads\/2021\/01\/ilham_aliyev_main__221216_1-2.jpg",620,465,false],"portraits":["https:\/\/arantv.az\/wp-content\/uploads\/2021\/01\/ilham_aliyev_main__221216_1-2.jpg",620,465,false],"thumbnail":["https:\/\/arantv.az\/wp-content\/uploads\/2021\/01\/ilham_aliyev_main__221216_1-2-150x150.jpg",150,150,true],"medium":["https:\/\/arantv.az\/wp-content\/uploads\/2021\/01\/ilham_aliyev_main__221216_1-2-300x225.jpg",300,225,true],"large":["https:\/\/arantv.az\/wp-content\/uploads\/2021\/01\/ilham_aliyev_main__221216_1-2.jpg",620,465,false],"1536x1536":["https:\/\/arantv.az\/wp-content\/uploads\/2021\/01\/ilham_aliyev_main__221216_1-2.jpg",620,465,false],"2048x2048":["https:\/\/arantv.az\/wp-content\/uploads\/2021\/01\/ilham_aliyev_main__221216_1-2.jpg",620,465,false],"post-thumbnail":["https:\/\/arantv.az\/wp-content\/uploads\/2021\/01\/ilham_aliyev_main__221216_1-2-240x172.jpg",240,172,true],"advps-thumb-one":["https:\/\/arantv.az\/wp-content\/uploads\/2021\/01\/ilham_aliyev_main__221216_1-2.jpg",620,465,false]},"rttpg_author":{"display_name":"V\u00fcsal Rafiqo\u011flu","author_link":"https:\/\/arantv.az\/?author=2"},"rttpg_comment":0,"rttpg_category":"<a href=\"https:\/\/arantv.az\/?cat=4\" rel=\"category\">Siyas\u0259t<\/a>","rttpg_excerpt":"Yanvar\u0131n 11-d\u0259 Az\u0259rbaycan Respublikas\u0131n\u0131n Prezidenti \u0130lham \u018fliyev Rusiya Federasiyas\u0131n\u0131n Prezidenti Vladimir Putinin d\u0259v\u0259ti il\u0259 Moskvaya i\u015fg\u00fczar s\u0259f\u0259r\u0259 gedib. ARANTV.AZ x\u0259b\u0259r verir ki, Moskvan\u0131n \u201cVnukovo-2\u201d Beyn\u0259lxalq Hava Liman\u0131nda d\u00f6vl\u0259timizin ba\u015f\u00e7\u0131s\u0131n\u0131 Rusiya Federasiyas\u0131n\u0131n xarici i\u015fl\u0259r nazirinin m\u00fcavini Andrey Rudenko v\u0259 dig\u0259r r\u0259smi \u015f\u0259xsl\u0259r qar\u015f\u0131lay\u0131blar. 12:57 Az\u0259rbaycan Prezidenti \u0130lham \u018fliyev Rusiya d\u00f6vl\u0259t ba\u015f\u00e7\u0131s\u0131 Vladimir Putin v\u0259 Erm\u0259nistan Ba\u015f&hellip;","_links":{"self":[{"href":"https:\/\/arantv.az\/index.php?rest_route=\/wp\/v2\/posts\/269503"}],"collection":[{"href":"https:\/\/arantv.az\/index.php?rest_route=\/wp\/v2\/posts"}],"about":[{"href":"https:\/\/arantv.az\/index.php?rest_route=\/wp\/v2\/types\/post"}],"author":[{"embeddable":true,"href":"https:\/\/arantv.az\/index.php?rest_route=\/wp\/v2\/users\/2"}],"replies":[{"embeddable":true,"href":"https:\/\/arantv.az\/index.php?rest_route=%2Fwp%2Fv2%2Fcomments&post=269503"}],"version-history":[{"count":0,"href":"https:\/\/arantv.az\/index.php?rest_route=\/wp\/v2\/posts\/269503\/revisions"}],"wp:featuredmedia":[{"embeddable":true,"href":"https:\/\/arantv.az\/index.php?rest_route=\/wp\/v2\/media\/269480"}],"wp:attachment":[{"href":"https:\/\/arantv.az\/index.php?rest_route=%2Fwp%2Fv2%2Fmedia&parent=269503"}],"wp:term":[{"taxonomy":"category","embeddable":true,"href":"https:\/\/arantv.az\/index.php?rest_route=%2Fwp%2Fv2%2Fcategories&post=269503"},{"taxonomy":"post_tag","embeddable":true,"href":"https:\/\/arantv.az\/index.php?rest_route=%2Fwp%2Fv2%2Ftags&post=269503"}],"curies":[{"name":"wp","href":"https:\/\/api.w.org\/{rel}","templated":true}]}}