{"id":269510,"date":"2021-01-11T12:30:20","date_gmt":"2021-01-11T09:30:20","guid":{"rendered":"http:\/\/arantv.az\/?p=269510"},"modified":"2021-01-11T12:30:20","modified_gmt":"2021-01-11T09:30:20","slug":"heyd%c9%99rxanli-m%c9%99scidi-yenid%c9%99n-insa-olunur","status":"publish","type":"post","link":"https:\/\/arantv.az\/?p=269510","title":{"rendered":"Heyd\u0259rxanl\u0131 m\u0259scidi yenid\u0259n in\u015fa olunur"},"content":{"rendered":"<p>Bab\u0259k rayonunun C\u0259hri q\u0259s\u0259b\u0259sind\u0259ki tarixi Heyd\u0259rxanl\u0131 m\u0259scidi orijinal layih\u0259si \u0259sas\u0131nda yenid\u0259n in\u015fa olunur.<\/p>\n<p>Report\u00a0x\u0259b\u0259r verir ki, ibad\u0259t oca\u011f\u0131 ikim\u0259rt\u0259b\u0259li olacaq.<\/p>\n<div id=\"AdviadNativeVideo0\" class=\"AdviadNativeVideo\"><\/div>\n<p>Birinci m\u0259rt\u0259b\u0259 ki\u015fil\u0259r, ikinci m\u0259rt\u0259b\u0259 is\u0259 qad\u0131nlar \u00fc\u00e7\u00fcn n\u0259z\u0259rd\u0259 tutulub. M\u0259scidin minar\u0259si 19 metr h\u00fcnd\u00fcrl\u00fcy\u00fcnd\u0259 olacaq. \u018flav\u0259 olaraq burada axund ota\u011f\u0131 da yarad\u0131lacaq.<\/p>\n<p>Qeyd ed\u0259k ki, C\u0259hri q\u0259s\u0259b\u0259sind\u0259 yerl\u0259\u015f\u0259n v\u0259 el aras\u0131nda Heyd\u0259rxanl\u0131 m\u0259scidi kimi tan\u0131nan ibad\u0259t oca\u011f\u0131 Nax\u00e7\u0131vanda orta \u0259srl\u0259rd\u0259 yarad\u0131lan m\u0259scidl\u0259rd\u0259n biridir.<\/p>\n<p>Bu g\u00fcn C\u0259hri q\u0259s\u0259b\u0259sind\u0259 alt\u0131\u00a0m\u0259scid v\u0259 son d\u00f6vrl\u0259rd\u0259 tikil\u0259n iki\u00a0m\u0259rasim evi var.<\/p>\n","protected":false},"excerpt":{"rendered":"<p>Bab\u0259k rayonunun C\u0259hri q\u0259s\u0259b\u0259sind\u0259ki tarixi Heyd\u0259rxanl\u0131 m\u0259scidi orijinal layih\u0259si \u0259sas\u0131nda yenid\u0259n in\u015fa olunur. Report\u00a0x\u0259b\u0259r verir ki, ibad\u0259t oca\u011f\u0131 ikim\u0259rt\u0259b\u0259li olacaq. Birinci m\u0259rt\u0259b\u0259 ki\u015fil\u0259r, ikinci m\u0259rt\u0259b\u0259 is\u0259 qad\u0131nlar \u00fc\u00e7\u00fcn n\u0259z\u0259rd\u0259 tutulub. M\u0259scidin minar\u0259si 19 metr h\u00fcnd\u00fcrl\u00fcy\u00fcnd\u0259 olacaq. \u018flav\u0259 olaraq burada axund ota\u011f\u0131 da yarad\u0131lacaq. Qeyd ed\u0259k ki, C\u0259hri q\u0259s\u0259b\u0259sind\u0259 yerl\u0259\u015f\u0259n v\u0259 el aras\u0131nda Heyd\u0259rxanl\u0131 m\u0259scidi kimi tan\u0131nan ibad\u0259t oca\u011f\u0131 Nax\u00e7\u0131vanda orta \u0259srl\u0259rd\u0259 yarad\u0131lan m\u0259scidl\u0259rd\u0259n biridir. Bu g\u00fcn C\u0259hri q\u0259s\u0259b\u0259sind\u0259 alt\u0131\u00a0m\u0259scid v\u0259 son d\u00f6vrl\u0259rd\u0259 tikil\u0259n iki\u00a0m\u0259rasim evi var.<\/p>\n","protected":false},"author":2,"featured_media":269511,"comment_status":"closed","ping_status":"closed","sticky":false,"template":"","format":"standard","meta":{"om_disable_all_campaigns":false,"_monsterinsights_skip_tracking":false,"_monsterinsights_sitenote_active":false,"_monsterinsights_sitenote_note":"","_monsterinsights_sitenote_category":0},"categories":[26],"tags":[],"aioseo_notices":[],"gutentor_comment":0,"rttpg_featured_image_url":{"full":["https:\/\/arantv.az\/wp-content\/uploads\/2021\/01\/fa3a1945-1b0d-368d-9401-87c98c988eb7_850.jpg",620,387,false],"landscape":["https:\/\/arantv.az\/wp-content\/uploads\/2021\/01\/fa3a1945-1b0d-368d-9401-87c98c988eb7_850.jpg",620,387,false],"portraits":["https:\/\/arantv.az\/wp-content\/uploads\/2021\/01\/fa3a1945-1b0d-368d-9401-87c98c988eb7_850.jpg",620,387,false],"thumbnail":["https:\/\/arantv.az\/wp-content\/uploads\/2021\/01\/fa3a1945-1b0d-368d-9401-87c98c988eb7_850-150x150.jpg",150,150,true],"medium":["https:\/\/arantv.az\/wp-content\/uploads\/2021\/01\/fa3a1945-1b0d-368d-9401-87c98c988eb7_850-300x187.jpg",300,187,true],"large":["https:\/\/arantv.az\/wp-content\/uploads\/2021\/01\/fa3a1945-1b0d-368d-9401-87c98c988eb7_850.jpg",620,387,false],"1536x1536":["https:\/\/arantv.az\/wp-content\/uploads\/2021\/01\/fa3a1945-1b0d-368d-9401-87c98c988eb7_850.jpg",620,387,false],"2048x2048":["https:\/\/arantv.az\/wp-content\/uploads\/2021\/01\/fa3a1945-1b0d-368d-9401-87c98c988eb7_850.jpg",620,387,false],"post-thumbnail":["https:\/\/arantv.az\/wp-content\/uploads\/2021\/01\/fa3a1945-1b0d-368d-9401-87c98c988eb7_850-240x172.jpg",240,172,true],"advps-thumb-one":["https:\/\/arantv.az\/wp-content\/uploads\/2021\/01\/fa3a1945-1b0d-368d-9401-87c98c988eb7_850.jpg",620,387,false]},"rttpg_author":{"display_name":"V\u00fcsal Rafiqo\u011flu","author_link":"https:\/\/arantv.az\/?author=2"},"rttpg_comment":0,"rttpg_category":"<a href=\"https:\/\/arantv.az\/?cat=26\" rel=\"category\">Sosial<\/a>","rttpg_excerpt":"Bab\u0259k rayonunun C\u0259hri q\u0259s\u0259b\u0259sind\u0259ki tarixi Heyd\u0259rxanl\u0131 m\u0259scidi orijinal layih\u0259si \u0259sas\u0131nda yenid\u0259n in\u015fa olunur. Report\u00a0x\u0259b\u0259r verir ki, ibad\u0259t oca\u011f\u0131 ikim\u0259rt\u0259b\u0259li olacaq. Birinci m\u0259rt\u0259b\u0259 ki\u015fil\u0259r, ikinci m\u0259rt\u0259b\u0259 is\u0259 qad\u0131nlar \u00fc\u00e7\u00fcn n\u0259z\u0259rd\u0259 tutulub. M\u0259scidin minar\u0259si 19 metr h\u00fcnd\u00fcrl\u00fcy\u00fcnd\u0259 olacaq. \u018flav\u0259 olaraq burada axund ota\u011f\u0131 da yarad\u0131lacaq. Qeyd ed\u0259k ki, C\u0259hri q\u0259s\u0259b\u0259sind\u0259 yerl\u0259\u015f\u0259n v\u0259 el aras\u0131nda Heyd\u0259rxanl\u0131 m\u0259scidi kimi&hellip;","_links":{"self":[{"href":"https:\/\/arantv.az\/index.php?rest_route=\/wp\/v2\/posts\/269510"}],"collection":[{"href":"https:\/\/arantv.az\/index.php?rest_route=\/wp\/v2\/posts"}],"about":[{"href":"https:\/\/arantv.az\/index.php?rest_route=\/wp\/v2\/types\/post"}],"author":[{"embeddable":true,"href":"https:\/\/arantv.az\/index.php?rest_route=\/wp\/v2\/users\/2"}],"replies":[{"embeddable":true,"href":"https:\/\/arantv.az\/index.php?rest_route=%2Fwp%2Fv2%2Fcomments&post=269510"}],"version-history":[{"count":0,"href":"https:\/\/arantv.az\/index.php?rest_route=\/wp\/v2\/posts\/269510\/revisions"}],"wp:featuredmedia":[{"embeddable":true,"href":"https:\/\/arantv.az\/index.php?rest_route=\/wp\/v2\/media\/269511"}],"wp:attachment":[{"href":"https:\/\/arantv.az\/index.php?rest_route=%2Fwp%2Fv2%2Fmedia&parent=269510"}],"wp:term":[{"taxonomy":"category","embeddable":true,"href":"https:\/\/arantv.az\/index.php?rest_route=%2Fwp%2Fv2%2Fcategories&post=269510"},{"taxonomy":"post_tag","embeddable":true,"href":"https:\/\/arantv.az\/index.php?rest_route=%2Fwp%2Fv2%2Ftags&post=269510"}],"curies":[{"name":"wp","href":"https:\/\/api.w.org\/{rel}","templated":true}]}}