{"id":27028,"date":"2018-12-11T08:30:50","date_gmt":"2018-12-11T05:30:50","guid":{"rendered":"http:\/\/arantv.az\/?p=27028"},"modified":"2018-12-11T08:30:50","modified_gmt":"2018-12-11T05:30:50","slug":"bahar-muradova-erm%c9%99nistandaki-seckil%c9%99rd%c9%99n-danisdi","status":"publish","type":"post","link":"https:\/\/arantv.az\/?p=27028","title":{"rendered":"Bahar Muradova Erm\u0259nistandak\u0131 se\u00e7kil\u0259rd\u0259n dan\u0131\u015fd\u0131"},"content":{"rendered":"<p>Az\u0259rbaycanda siyasi f\u0259aliyy\u0259tin\u0259 g\u00f6r\u0259 he\u00e7 kim t\u0259qib olunmur.<\/p>\n<p><strong>ARANTV.AZ\u00a0<\/strong>\u00a0x\u0259b\u0259r verir ki, bunu Milli M\u0259clis (MM) s\u0259drinin m\u00fcavini<strong>\u00a0Bahar Muradova<\/strong>\u00a0b\u0259zi h\u00fcquq m\u00fcdafi\u0259\u00e7il\u0259rinin Az\u0259rbaycanda 150-y\u0259 yax\u0131n siyasi m\u0259hbusun olmas\u0131 bar\u0259d\u0259 s\u0259sl\u0259ndirdiyi iddialara m\u00fcnasib\u0259t bildir\u0259rk\u0259n deyib.<\/p>\n<p>B.Muradovan\u0131n s\u00f6zl\u0259rin\u0259 g\u00f6r\u0259, siyasi m\u0259hbuslar\u0131n say\u0131 il\u0259 ba\u011fl\u0131 h\u00fcquq m\u00fcdafi\u0259\u00e7il\u0259ri ziddiyy\u0259tli r\u0259q\u0259ml\u0259r s\u0259sl\u0259ndirirl\u0259r:<\/p>\n<div id=\"AdributorNativeVideo0\" class=\"AdributorNativeVideo\"><\/div>\n<p>\u201cM\u0259n \u00f6z\u00fcn\u00fc h\u00fcquq m\u00fcdafi\u0259\u00e7isi adland\u0131ran ayr\u0131-ayr\u0131 f\u0259rdl\u0259rin ir\u0259li s\u00fcrd\u00fcy\u00fc r\u0259q\u0259ml\u0259r\u0259 izah verm\u0259k niyy\u0259tind\u0259 deyil\u0259m. Birm\u0259nal\u0131 olaraq dey\u0259 bil\u0259r\u0259m ki, Az\u0259rbaycanda siyasi f\u0259aliyy\u0259tin\u0259 g\u00f6r\u0259 t\u0259qib olunan \u015f\u0259xs yoxdur\u201d.<\/p>\n<p>O\u00a0deyib ki, \u201csiyasi m\u0259hbus\u201d\u00a0adland\u0131r\u0131lan \u015f\u0259xsl\u0259r bu v\u0259 ya dig\u0259r partiyaya m\u0259nsublu\u011funu qabardaraq bu ad\u0131n onlar\u0131n \u00fcz\u0259rin\u0259 qoyulmas\u0131na \u00e7al\u0131\u015f\u0131rlar:<\/p>\n<p>\u201cOnlar\u0131n Cinay\u0259t M\u0259c\u0259ll\u0259si v\u0259 yaxud\u00a0\u0130nzibati M\u0259c\u0259ll\u0259nin bu v\u0259 ya dig\u0259r m\u00fcdd\u0259as\u0131n\u0131 pozmas\u0131 faktlar\u0131 var. Ona g\u00f6r\u0259\u00a0birm\u0259nal\u0131 \u015f\u0259kild\u0259 Az\u0259rbaycanda \u015f\u0259xsl\u0259rin siyasi bax\u0131\u015flar\u0131na g\u00f6r\u0259 t\u0259qib olunmamas\u0131 q\u0259na\u0259tind\u0259y\u0259m\u201d.<\/p>\n<p>Erm\u0259nistanda ke\u00e7iril\u0259n se\u00e7kil\u0259r\u0259 toxunan B.Muradova\u00a0bunu\u00a0\u201cse\u00e7ki oyunu\u201d\u00a0adland\u0131r\u0131b.<\/p>\n<p>B.Muradova qeyd edib ki, bu se\u00e7kinin \u0259vv\u0259lc\u0259d\u0259n ist\u0259nil\u0259n n\u0259tic\u0259ni verm\u0259si \u00fc\u00e7\u00fcn b\u00fct\u00fcn add\u0131mlar at\u0131ld\u0131, buna mane ola bil\u0259c\u0259k \u015f\u0259xsl\u0259r, dair\u0259l\u0259r, t\u0259\u015fkilatlar s\u0131radan \u00e7\u0131xar\u0131ld\u0131, v\u0259t\u0259nda\u015flar kifay\u0259t q\u0259d\u0259r qorxuduldu:<\/p>\n<p>\u201cErm\u0259nistanda ke\u00e7iril\u0259n se\u00e7kil\u0259rd\u0259 \u201cSe\u00e7s\u0259niz d\u0259, se\u00e7m\u0259s\u0259niz d\u0259, ba\u015f nazir \u00f6z\u00fcm olaca\u011fam\u201d\u00a0 prinsipi il\u0259 h\u0259r\u0259k\u0259t edildi v\u0259 n\u0259tic\u0259 ortadad\u0131r. Erm\u0259nistanda \u0259vv\u0259lc\u0259d\u0259n b\u0259lli olan n\u0259tic\u0259 t\u0259sdiq olunmal\u0131 idi.<\/p>\n<p>D\u00fc\u015f\u00fcn\u00fcr\u0259m ki, Erm\u0259nistan v\u0259t\u0259nda\u015flar\u0131n\u0131n bu m\u0259s\u0259l\u0259y\u0259 m\u00fcnasib\u0259ti ortadad\u0131r v\u0259 bu se\u00e7kinin n\u0259tic\u0259l\u0259rini t\u0259sdiq etm\u0259kl\u0259 legitimlik qazanan siyasi \u015foumenl\u0259rin r\u0259hb\u0259rliyi alt\u0131nda ya\u015famaq, i\u015fl\u0259m\u0259k ist\u0259yib-ist\u0259m\u0259dikl\u0259rin\u0259 \u00f6zl\u0259ri q\u0259rar verm\u0259lidirl\u0259r. Bu,\u00a0onlar\u0131n \u015f\u0259xsi h\u0259yatlar\u0131d\u0131r, daxili i\u015fl\u0259ridir, amma h\u0259r halda regionda ba\u015f ver\u0259n hadis\u0259 kimi bizi d\u0259 narahat edir v\u0259 maraqland\u0131r\u0131r\u201d.<\/p>\n<p>Vitse-spiker \u0259lav\u0259 edib ki, Erm\u0259nistanda ke\u00e7iril\u0259n se\u00e7kil\u0259rl\u0259 ba\u011fl\u0131 d\u00fcnyan\u0131n m\u00fcxt\u0259lif m\u0259rk\u0259zl\u0259ri, se\u00e7kil\u0259rin n\u0259tic\u0259l\u0259rini d\u0259y\u0259rl\u0259ndir\u0259n beyn\u0259lxalq t\u0259\u015fkilatlar, o c\u00fcml\u0259d\u0259n AT\u018fT obyektiv m\u00f6vqe ortaya qoymal\u0131d\u0131r:<\/p>\n<p>\u201cOnlar s\u0259sverm\u0259 g\u00fcn\u00fc bel\u0259, \u0259n m\u00fcxt\u0259lif t\u0259zyiq v\u0259 t\u0259hdid dolu \u00e7a\u011f\u0131r\u0131\u015flar\u0131n m\u00fc\u015fayi\u0259ti il\u0259 ke\u00e7iril\u0259n se\u00e7kil\u0259r\u0259 \u00f6z obyektiv m\u00fcnasib\u0259tl\u0259rini bildirm\u0259lidirl\u0259r\u201d.<\/p>\n<p>B.Muradova\u00a0bildirib ki, bir \u00e7ox ekspertl\u0259rin s\u00f6yl\u0259diyi kimi, se\u00e7kil\u0259rd\u0259n sonra Da\u011fl\u0131q Qaraba\u011f m\u00fcnaqi\u015f\u0259sinin nizamlanmas\u0131 il\u0259 ba\u011fl\u0131 ciddi h\u0259lledici d\u0259yi\u015fiklikl\u0259r\u0259 imza at\u0131laca\u011f\u0131 q\u0259na\u0259tind\u0259 deyil:<\/p>\n<p>\u201cEl\u0259 se\u00e7ki \u00f6nc\u0259si d\u0259 Da\u011fl\u0131q Qaraba\u011fda Erm\u0259nistan v\u0259t\u0259nda\u015flar\u0131n\u0131n h\u0259rbi xidm\u0259t etm\u0259si il\u0259 ba\u011fl\u0131 s\u0259sl\u0259ndiril\u0259n fikirl\u0259r, Pa\u015finyan\u0131n a\u00e7\u0131qlamalar\u0131 &#8211; b\u00fct\u00fcn bunlar se\u00e7kiy\u0259 hesablanm\u0131\u015fd\u0131\u201d.oxu.az<\/p>\n","protected":false},"excerpt":{"rendered":"<p>Az\u0259rbaycanda siyasi f\u0259aliyy\u0259tin\u0259 g\u00f6r\u0259 he\u00e7 kim t\u0259qib olunmur. ARANTV.AZ\u00a0\u00a0x\u0259b\u0259r verir ki, bunu Milli M\u0259clis (MM) s\u0259drinin m\u00fcavini\u00a0Bahar Muradova\u00a0b\u0259zi h\u00fcquq m\u00fcdafi\u0259\u00e7il\u0259rinin Az\u0259rbaycanda 150-y\u0259 yax\u0131n siyasi m\u0259hbusun olmas\u0131 bar\u0259d\u0259 s\u0259sl\u0259ndirdiyi iddialara m\u00fcnasib\u0259t bildir\u0259rk\u0259n deyib. B.Muradovan\u0131n s\u00f6zl\u0259rin\u0259 g\u00f6r\u0259, siyasi m\u0259hbuslar\u0131n say\u0131 il\u0259 ba\u011fl\u0131 h\u00fcquq m\u00fcdafi\u0259\u00e7il\u0259ri ziddiyy\u0259tli r\u0259q\u0259ml\u0259r s\u0259sl\u0259ndirirl\u0259r: \u201cM\u0259n \u00f6z\u00fcn\u00fc h\u00fcquq m\u00fcdafi\u0259\u00e7isi adland\u0131ran ayr\u0131-ayr\u0131 f\u0259rdl\u0259rin ir\u0259li s\u00fcrd\u00fcy\u00fc r\u0259q\u0259ml\u0259r\u0259 izah verm\u0259k niyy\u0259tind\u0259 deyil\u0259m. Birm\u0259nal\u0131 olaraq dey\u0259 bil\u0259r\u0259m ki, Az\u0259rbaycanda siyasi f\u0259aliyy\u0259tin\u0259 g\u00f6r\u0259 t\u0259qib olunan \u015f\u0259xs yoxdur\u201d. O\u00a0deyib ki, \u201csiyasi m\u0259hbus\u201d\u00a0adland\u0131r\u0131lan \u015f\u0259xsl\u0259r bu v\u0259 ya dig\u0259r partiyaya m\u0259nsublu\u011funu qabardaraq bu ad\u0131n onlar\u0131n \u00fcz\u0259rin\u0259 qoyulmas\u0131na \u00e7al\u0131\u015f\u0131rlar:&hellip;<\/p>\n","protected":false},"author":2,"featured_media":27029,"comment_status":"closed","ping_status":"closed","sticky":false,"template":"","format":"standard","meta":{"om_disable_all_campaigns":false,"_monsterinsights_skip_tracking":false,"_monsterinsights_sitenote_active":false,"_monsterinsights_sitenote_note":"","_monsterinsights_sitenote_category":0},"categories":[4],"tags":[],"aioseo_notices":[],"gutentor_comment":0,"rttpg_featured_image_url":{"full":["https:\/\/arantv.az\/wp-content\/uploads\/2018\/12\/bahar-baharrrr.jpg",620,445,false],"landscape":["https:\/\/arantv.az\/wp-content\/uploads\/2018\/12\/bahar-baharrrr.jpg",620,445,false],"portraits":["https:\/\/arantv.az\/wp-content\/uploads\/2018\/12\/bahar-baharrrr.jpg",620,445,false],"thumbnail":["https:\/\/arantv.az\/wp-content\/uploads\/2018\/12\/bahar-baharrrr-150x150.jpg",150,150,true],"medium":["https:\/\/arantv.az\/wp-content\/uploads\/2018\/12\/bahar-baharrrr-300x215.jpg",300,215,true],"large":["https:\/\/arantv.az\/wp-content\/uploads\/2018\/12\/bahar-baharrrr.jpg",620,445,false],"1536x1536":["https:\/\/arantv.az\/wp-content\/uploads\/2018\/12\/bahar-baharrrr.jpg",620,445,false],"2048x2048":["https:\/\/arantv.az\/wp-content\/uploads\/2018\/12\/bahar-baharrrr.jpg",620,445,false],"post-thumbnail":["https:\/\/arantv.az\/wp-content\/uploads\/2018\/12\/bahar-baharrrr-240x172.jpg",240,172,true],"advps-thumb-one":["https:\/\/arantv.az\/wp-content\/uploads\/2018\/12\/bahar-baharrrr.jpg",620,445,false]},"rttpg_author":{"display_name":"V\u00fcsal Rafiqo\u011flu","author_link":"https:\/\/arantv.az\/?author=2"},"rttpg_comment":0,"rttpg_category":"<a href=\"https:\/\/arantv.az\/?cat=4\" rel=\"category\">Siyas\u0259t<\/a>","rttpg_excerpt":"Az\u0259rbaycanda siyasi f\u0259aliyy\u0259tin\u0259 g\u00f6r\u0259 he\u00e7 kim t\u0259qib olunmur. ARANTV.AZ\u00a0\u00a0x\u0259b\u0259r verir ki, bunu Milli M\u0259clis (MM) s\u0259drinin m\u00fcavini\u00a0Bahar Muradova\u00a0b\u0259zi h\u00fcquq m\u00fcdafi\u0259\u00e7il\u0259rinin Az\u0259rbaycanda 150-y\u0259 yax\u0131n siyasi m\u0259hbusun olmas\u0131 bar\u0259d\u0259 s\u0259sl\u0259ndirdiyi iddialara m\u00fcnasib\u0259t bildir\u0259rk\u0259n deyib. B.Muradovan\u0131n s\u00f6zl\u0259rin\u0259 g\u00f6r\u0259, siyasi m\u0259hbuslar\u0131n say\u0131 il\u0259 ba\u011fl\u0131 h\u00fcquq m\u00fcdafi\u0259\u00e7il\u0259ri ziddiyy\u0259tli r\u0259q\u0259ml\u0259r s\u0259sl\u0259ndirirl\u0259r: \u201cM\u0259n \u00f6z\u00fcn\u00fc h\u00fcquq m\u00fcdafi\u0259\u00e7isi adland\u0131ran ayr\u0131-ayr\u0131 f\u0259rdl\u0259rin ir\u0259li s\u00fcrd\u00fcy\u00fc r\u0259q\u0259ml\u0259r\u0259&hellip;","_links":{"self":[{"href":"https:\/\/arantv.az\/index.php?rest_route=\/wp\/v2\/posts\/27028"}],"collection":[{"href":"https:\/\/arantv.az\/index.php?rest_route=\/wp\/v2\/posts"}],"about":[{"href":"https:\/\/arantv.az\/index.php?rest_route=\/wp\/v2\/types\/post"}],"author":[{"embeddable":true,"href":"https:\/\/arantv.az\/index.php?rest_route=\/wp\/v2\/users\/2"}],"replies":[{"embeddable":true,"href":"https:\/\/arantv.az\/index.php?rest_route=%2Fwp%2Fv2%2Fcomments&post=27028"}],"version-history":[{"count":0,"href":"https:\/\/arantv.az\/index.php?rest_route=\/wp\/v2\/posts\/27028\/revisions"}],"wp:featuredmedia":[{"embeddable":true,"href":"https:\/\/arantv.az\/index.php?rest_route=\/wp\/v2\/media\/27029"}],"wp:attachment":[{"href":"https:\/\/arantv.az\/index.php?rest_route=%2Fwp%2Fv2%2Fmedia&parent=27028"}],"wp:term":[{"taxonomy":"category","embeddable":true,"href":"https:\/\/arantv.az\/index.php?rest_route=%2Fwp%2Fv2%2Fcategories&post=27028"},{"taxonomy":"post_tag","embeddable":true,"href":"https:\/\/arantv.az\/index.php?rest_route=%2Fwp%2Fv2%2Ftags&post=27028"}],"curies":[{"name":"wp","href":"https:\/\/api.w.org\/{rel}","templated":true}]}}