{"id":27050,"date":"2018-12-11T08:43:52","date_gmt":"2018-12-11T05:43:52","guid":{"rendered":"http:\/\/arantv.az\/?p=27050"},"modified":"2018-12-11T08:43:52","modified_gmt":"2018-12-11T05:43:52","slug":"usaq-huquqlarinin-t%c9%99sviqi-layih%c9%99si-ugurla-icra-olunur","status":"publish","type":"post","link":"https:\/\/arantv.az\/?p=27050","title":{"rendered":"\u201cU\u015faq h\u00fcquqlar\u0131n\u0131n t\u0259\u015fviqi\u201d layih\u0259si u\u011furla icra olunur"},"content":{"rendered":"<p><strong>ARANTV.AZ<\/strong> x\u0259b\u0259r verir ki, \u00dcmumd\u00fcnya \u0130nsan H\u00fcquqlar\u0131 G\u00fcn\u00fcn\u0259 h\u0259sr olunan \u201cU\u015faq h\u00fcquqlar\u0131 u\u015faqlar\u0131n g\u00f6z\u00fcnd\u0259\u201d adl\u0131 t\u0259dbir ke\u00e7irilib. T\u0259dbir Prezident yan\u0131nda V\u0259t\u0259nda\u015flara Xidm\u0259t v\u0259 Sosial \u0130nnovasiyalar \u00fczr\u0259 D\u00f6vl\u0259t Agentliyi il\u0259 UNICEF-in\u00a0 Az\u0259rbaycan n\u00fcmay\u0259nd\u0259liyinin t\u0259\u015fkilat\u00e7\u0131l\u0131\u011f\u0131 il\u0259\u00a0 ke\u00e7irilib.<\/p>\n<p>\u201cU\u015faq h\u00fcquqlar\u0131 u\u015faqlar\u0131n g\u00f6z\u00fcnd\u0259\u201d adl\u0131 t\u0259dbirin i\u015ftirak\u00e7\u0131lar\u0131 \u0259vv\u0259lc\u0259 UN\u0130CEF v\u0259 \u201cASAN K\u00f6n\u00fcll\u00fcl\u0259ri\u201d T\u0259\u015fkilat\u0131n\u0131n birg\u0259 realla\u015fd\u0131rd\u0131\u011f\u0131 \u201cU\u015faq h\u00fcquqlar\u0131n\u0131n t\u0259\u015fviqi\u201d layih\u0259si \u00e7\u0259r\u00e7iv\u0259sind\u0259 t\u0259\u015fkil olunan t\u0259lim\u00e7il\u0259r \u00fc\u00e7\u00fcn t\u0259lim proqram\u0131 il\u0259 tan\u0131\u015f oldular. M\u0259qs\u0259d \u00f6lk\u0259mizd\u0259 u\u015faq h\u00fcquqlar\u0131n\u0131n qorunmas\u0131 v\u0259 t\u0259bli\u011fi, o c\u00fcml\u0259d\u0259n bu istiqam\u0259td\u0259 pe\u015f\u0259kar t\u0259lim\u00e7i qruplar\u0131n\u0131n formala\u015fd\u0131r\u0131lmas\u0131, paytaxtda v\u0259 regionlarda \u0259halinin maarifl\u0259ndirilm\u0259sidir<\/p>\n<p>\u201cU\u015faq h\u00fcquqlar\u0131n\u0131n t\u0259\u015fviqi\u201d layih\u0259si \u00fczr\u0259 noyabrdan etibar\u0259n ekspertl\u0259r t\u0259r\u0259find\u0259n t\u0259lim\u00e7il\u0259r \u00fc\u00e7\u00fcn t\u0259lim proqram\u0131, maarifl\u0259ndirici sessiyalar v\u0259 u\u015faq h\u00fcquqlar\u0131n\u0131n t\u0259\u015fviqi g\u00fcnl\u0259ri ke\u00e7irilir. H\u0259m\u00e7inin Bak\u0131, Sumqay\u0131t, G\u0259nc\u0259, Ming\u0259\u00e7evir, Sabirabad, B\u0259rd\u0259, Masall\u0131, Q\u0259b\u0259l\u0259 v\u0259 Qubada ya\u015fayan \u0259halinin maarifl\u0259ndirilm\u0259si n\u0259z\u0259rd\u0259 tutulur. T\u0259dbir \u00e7\u0259r\u00e7iv\u0259sind\u0259 \u201cM\u0259nim h\u00fcquqlar\u0131m: u\u015faq h\u00fcquqlar\u0131 u\u015faqlar\u0131n g\u00f6z\u00fcnd\u0259\u201d v\u0259 \u201cASAN M\u0259ktub\u201d layih\u0259sinin s\u0259rgil\u0259ri d\u0259 n\u00fcmayi\u015f edildi.<\/p>\n","protected":false},"excerpt":{"rendered":"<p>ARANTV.AZ x\u0259b\u0259r verir ki, \u00dcmumd\u00fcnya \u0130nsan H\u00fcquqlar\u0131 G\u00fcn\u00fcn\u0259 h\u0259sr olunan \u201cU\u015faq h\u00fcquqlar\u0131 u\u015faqlar\u0131n g\u00f6z\u00fcnd\u0259\u201d adl\u0131 t\u0259dbir ke\u00e7irilib. T\u0259dbir Prezident yan\u0131nda V\u0259t\u0259nda\u015flara Xidm\u0259t v\u0259 Sosial \u0130nnovasiyalar \u00fczr\u0259 D\u00f6vl\u0259t Agentliyi il\u0259 UNICEF-in\u00a0 Az\u0259rbaycan n\u00fcmay\u0259nd\u0259liyinin t\u0259\u015fkilat\u00e7\u0131l\u0131\u011f\u0131 il\u0259\u00a0 ke\u00e7irilib. \u201cU\u015faq h\u00fcquqlar\u0131 u\u015faqlar\u0131n g\u00f6z\u00fcnd\u0259\u201d adl\u0131 t\u0259dbirin i\u015ftirak\u00e7\u0131lar\u0131 \u0259vv\u0259lc\u0259 UN\u0130CEF v\u0259 \u201cASAN K\u00f6n\u00fcll\u00fcl\u0259ri\u201d T\u0259\u015fkilat\u0131n\u0131n birg\u0259 realla\u015fd\u0131rd\u0131\u011f\u0131 \u201cU\u015faq h\u00fcquqlar\u0131n\u0131n t\u0259\u015fviqi\u201d layih\u0259si \u00e7\u0259r\u00e7iv\u0259sind\u0259 t\u0259\u015fkil olunan t\u0259lim\u00e7il\u0259r \u00fc\u00e7\u00fcn t\u0259lim proqram\u0131 il\u0259 tan\u0131\u015f oldular. M\u0259qs\u0259d \u00f6lk\u0259mizd\u0259 u\u015faq h\u00fcquqlar\u0131n\u0131n qorunmas\u0131 v\u0259 t\u0259bli\u011fi, o c\u00fcml\u0259d\u0259n bu istiqam\u0259td\u0259 pe\u015f\u0259kar t\u0259lim\u00e7i qruplar\u0131n\u0131n formala\u015fd\u0131r\u0131lmas\u0131, paytaxtda v\u0259 regionlarda \u0259halinin maarifl\u0259ndirilm\u0259sidir \u201cU\u015faq h\u00fcquqlar\u0131n\u0131n t\u0259\u015fviqi\u201d layih\u0259si \u00fczr\u0259 noyabrdan&hellip;<\/p>\n","protected":false},"author":2,"featured_media":27051,"comment_status":"closed","ping_status":"closed","sticky":false,"template":"","format":"standard","meta":{"om_disable_all_campaigns":false,"_monsterinsights_skip_tracking":false,"_monsterinsights_sitenote_active":false,"_monsterinsights_sitenote_note":"","_monsterinsights_sitenote_category":0},"categories":[1],"tags":[],"aioseo_notices":[],"gutentor_comment":0,"rttpg_featured_image_url":{"full":["https:\/\/arantv.az\/wp-content\/uploads\/2018\/12\/jkshjgte8fmdd2r0alh03hm3j3ush.jpg",1000,565,false],"landscape":["https:\/\/arantv.az\/wp-content\/uploads\/2018\/12\/jkshjgte8fmdd2r0alh03hm3j3ush.jpg",1000,565,false],"portraits":["https:\/\/arantv.az\/wp-content\/uploads\/2018\/12\/jkshjgte8fmdd2r0alh03hm3j3ush.jpg",1000,565,false],"thumbnail":["https:\/\/arantv.az\/wp-content\/uploads\/2018\/12\/jkshjgte8fmdd2r0alh03hm3j3ush-150x150.jpg",150,150,true],"medium":["https:\/\/arantv.az\/wp-content\/uploads\/2018\/12\/jkshjgte8fmdd2r0alh03hm3j3ush-300x170.jpg",300,170,true],"large":["https:\/\/arantv.az\/wp-content\/uploads\/2018\/12\/jkshjgte8fmdd2r0alh03hm3j3ush.jpg",640,362,false],"1536x1536":["https:\/\/arantv.az\/wp-content\/uploads\/2018\/12\/jkshjgte8fmdd2r0alh03hm3j3ush.jpg",1000,565,false],"2048x2048":["https:\/\/arantv.az\/wp-content\/uploads\/2018\/12\/jkshjgte8fmdd2r0alh03hm3j3ush.jpg",1000,565,false],"post-thumbnail":["https:\/\/arantv.az\/wp-content\/uploads\/2018\/12\/jkshjgte8fmdd2r0alh03hm3j3ush-240x172.jpg",240,172,true],"advps-thumb-one":["https:\/\/arantv.az\/wp-content\/uploads\/2018\/12\/jkshjgte8fmdd2r0alh03hm3j3ush.jpg",1000,565,false]},"rttpg_author":{"display_name":"V\u00fcsal Rafiqo\u011flu","author_link":"https:\/\/arantv.az\/?author=2"},"rttpg_comment":0,"rttpg_category":"<a href=\"https:\/\/arantv.az\/?cat=1\" rel=\"category\">C\u0259miyy\u0259t<\/a>","rttpg_excerpt":"ARANTV.AZ x\u0259b\u0259r verir ki, \u00dcmumd\u00fcnya \u0130nsan H\u00fcquqlar\u0131 G\u00fcn\u00fcn\u0259 h\u0259sr olunan \u201cU\u015faq h\u00fcquqlar\u0131 u\u015faqlar\u0131n g\u00f6z\u00fcnd\u0259\u201d adl\u0131 t\u0259dbir ke\u00e7irilib. T\u0259dbir Prezident yan\u0131nda V\u0259t\u0259nda\u015flara Xidm\u0259t v\u0259 Sosial \u0130nnovasiyalar \u00fczr\u0259 D\u00f6vl\u0259t Agentliyi il\u0259 UNICEF-in\u00a0 Az\u0259rbaycan n\u00fcmay\u0259nd\u0259liyinin t\u0259\u015fkilat\u00e7\u0131l\u0131\u011f\u0131 il\u0259\u00a0 ke\u00e7irilib. \u201cU\u015faq h\u00fcquqlar\u0131 u\u015faqlar\u0131n g\u00f6z\u00fcnd\u0259\u201d adl\u0131 t\u0259dbirin i\u015ftirak\u00e7\u0131lar\u0131 \u0259vv\u0259lc\u0259 UN\u0130CEF v\u0259 \u201cASAN K\u00f6n\u00fcll\u00fcl\u0259ri\u201d T\u0259\u015fkilat\u0131n\u0131n birg\u0259 realla\u015fd\u0131rd\u0131\u011f\u0131 \u201cU\u015faq h\u00fcquqlar\u0131n\u0131n t\u0259\u015fviqi\u201d layih\u0259si \u00e7\u0259r\u00e7iv\u0259sind\u0259&hellip;","_links":{"self":[{"href":"https:\/\/arantv.az\/index.php?rest_route=\/wp\/v2\/posts\/27050"}],"collection":[{"href":"https:\/\/arantv.az\/index.php?rest_route=\/wp\/v2\/posts"}],"about":[{"href":"https:\/\/arantv.az\/index.php?rest_route=\/wp\/v2\/types\/post"}],"author":[{"embeddable":true,"href":"https:\/\/arantv.az\/index.php?rest_route=\/wp\/v2\/users\/2"}],"replies":[{"embeddable":true,"href":"https:\/\/arantv.az\/index.php?rest_route=%2Fwp%2Fv2%2Fcomments&post=27050"}],"version-history":[{"count":0,"href":"https:\/\/arantv.az\/index.php?rest_route=\/wp\/v2\/posts\/27050\/revisions"}],"wp:featuredmedia":[{"embeddable":true,"href":"https:\/\/arantv.az\/index.php?rest_route=\/wp\/v2\/media\/27051"}],"wp:attachment":[{"href":"https:\/\/arantv.az\/index.php?rest_route=%2Fwp%2Fv2%2Fmedia&parent=27050"}],"wp:term":[{"taxonomy":"category","embeddable":true,"href":"https:\/\/arantv.az\/index.php?rest_route=%2Fwp%2Fv2%2Fcategories&post=27050"},{"taxonomy":"post_tag","embeddable":true,"href":"https:\/\/arantv.az\/index.php?rest_route=%2Fwp%2Fv2%2Ftags&post=27050"}],"curies":[{"name":"wp","href":"https:\/\/api.w.org\/{rel}","templated":true}]}}