{"id":27056,"date":"2018-12-11T08:46:10","date_gmt":"2018-12-11T05:46:10","guid":{"rendered":"http:\/\/arantv.az\/?p=27056"},"modified":"2018-12-11T08:46:10","modified_gmt":"2018-12-11T05:46:10","slug":"bakida-aqrar-v%c9%99-yasil-texnologiyalar-uzr%c9%99-beyn%c9%99lxalq-forum-kecirilir","status":"publish","type":"post","link":"https:\/\/arantv.az\/?p=27056","title":{"rendered":"Bak\u0131da aqrar v\u0259 ya\u015f\u0131l texnologiyalar \u00fczr\u0259 beyn\u0259lxalq forum ke\u00e7irilir"},"content":{"rendered":"<p><strong>ARANTV.AZ<\/strong> x\u0259b\u0259r verir ki, dekabr\u0131n 10-da Az\u0259rbaycanda ilk d\u0259f\u0259 aqrar v\u0259 ya\u015f\u0131l texnologiyalar \u00fczr\u0259 \u201cAgTech and Green Energy\u201d m\u00f6vzusunda beyn\u0259lxalq forum i\u015f\u0259 ba\u015flay\u0131b.<\/p>\n<p>K\u0259nd T\u0259s\u0259rr\u00fcfat\u0131 v\u0259 Energetika nazirlikl\u0259rinin birg\u0259 t\u0259\u015fkilat\u00e7\u0131l\u0131\u011f\u0131 il\u0259 ADA Universitetind\u0259 ke\u00e7iril\u0259n forumun a\u00e7\u0131l\u0131\u015f m\u0259rasimind\u0259 Heyd\u0259r \u018fliyev Fondunun vitse-prezidenti, BMT-nin \u018frzaq v\u0259 K\u0259nd T\u0259s\u0259rr\u00fcfat\u0131 T\u0259\u015fkilat\u0131n\u0131n (FAO) xo\u015fm\u0259raml\u0131 s\u0259firi, IDEA \u0130ctimai Birliyinin r\u0259hb\u0259ri Leyla \u018fliyeva, d\u00f6vl\u0259t qurumlar\u0131n\u0131n r\u0259smil\u0259ri, fermer t\u0259s\u0259rr\u00fcfatlar\u0131n\u0131n r\u0259hb\u0259rl\u0259ri, ya\u015f\u0131l texnologiyalar \u00fczr\u0259 xarici ekspertl\u0259r, startap v\u0259 texnoloji \u015firk\u0259tl\u0259rin n\u00fcmay\u0259nd\u0259l\u0259ri, \u00f6z\u0259l sektorun t\u0259msil\u00e7il\u0259ri i\u015ftirak edibl\u0259r.<\/p>\n<p>\u201cYa\u015f\u0131l g\u0259l\u0259c\u0259k \u00fc\u00e7\u00fcn innovasiyalar\u201d \u015f\u00fcar\u0131 il\u0259 ke\u00e7iril\u0259n forumda \u00e7\u0131x\u0131\u015f ed\u0259n ADA Universitetinin rektoru, s\u0259fir Hafiz Pa\u015fayev deyib: \u201cHaz\u0131rda ya\u015f\u0131l enerji v\u0259 bu sah\u0259nin inki\u015faf\u0131 \u00fc\u00e7\u00fcn texnologiyalar d\u00fcnyada geni\u015f yay\u0131l\u0131b. ADA Universiteti d\u0259 bu sah\u0259ni diqq\u0259td\u0259 saxlay\u0131r. Universitetin m\u00f6vcud kampusu ya\u015f\u0131l v\u0259 smart texnologiyas\u0131 \u0259sas\u0131nda qurulub. \u00dcmumilikd\u0259, 50 faiz enerji bu m\u0259nb\u0259l\u0259rd\u0259n, x\u00fcsusil\u0259 geotermal enerji m\u0259nb\u0259l\u0259rind\u0259n \u0259ld\u0259 edilir. Haz\u0131rda ADA Universitetind\u0259 yeni binalar da in\u015fa olunur. B\u00fct\u00fcn bu texnologiyalar\u0131n t\u0259tbiqi burada t\u0259hsil alan t\u0259l\u0259b\u0259l\u0259rin t\u0259cr\u00fcb\u0259 v\u0259 bilikl\u0259rinin art\u0131r\u0131lmas\u0131na \u00f6z t\u0259sirini g\u00f6st\u0259rir. Heyd\u0259r \u018fliyev Fondunun vitse-prezidenti, BMT-nin \u018frzaq v\u0259 K\u0259nd T\u0259s\u0259rr\u00fcfat\u0131 T\u0259\u015fkilat\u0131n\u0131n xo\u015fm\u0259raml\u0131 s\u0259firi, IDEA \u0130ctimai Birliyinin r\u0259hb\u0259ri Leyla \u018fliyeva \u0259traf m\u00fchitin qorunmas\u0131, t\u0259hl\u00fck\u0259siz, sa\u011flam v\u0259 ya\u015f\u0131l g\u0259l\u0259c\u0259y\u0259 t\u0259minat ver\u0259n \u00e7oxsayl\u0131 t\u0259\u015f\u0259bb\u00fcsl\u0259rl\u0259 yana\u015f\u0131, ADA Universitetind\u0259 ke\u00e7iril\u0259n beyn\u0259lxalq t\u0259dbirl\u0259rd\u0259 m\u0259mnuniyy\u0259tl\u0259 i\u015ftirak edir\u201d.<\/p>\n<p>K\u0259nd t\u0259s\u0259rr\u00fcfat\u0131 naziri \u0130nam K\u0259rimov bildirib ki, bu c\u00fcr \u0259h\u0259miyy\u0259tli beyn\u0259lxalq forumun \u00f6lk\u0259mizd\u0259 ke\u00e7irilm\u0259si Az\u0259rbaycan\u0131n b\u00fct\u00fcn \u0259m\u0259kda\u015fl\u0131q sah\u0259l\u0259ri \u00fczr\u0259 h\u0259r zaman etibarl\u0131 t\u0259r\u0259fda\u015f oldu\u011funu t\u0259sdiql\u0259yir: \u201cHaz\u0131rda Az\u0259rbaycanda qeyri-neft sektorunun inki\u015faf\u0131 \u0259n aktual m\u0259s\u0259l\u0259l\u0259rd\u0259n birin\u0259 \u00e7evrilib. Qeyri-neft sektorunun \u00f6n\u0259mli bir sah\u0259si olan aqrar sah\u0259 \u00f6z\u00fcn\u00fcn yeni inki\u015faf m\u0259rh\u0259l\u0259sin\u0259 q\u0259d\u0259m qoyub. \u00d6lk\u0259d\u0259 k\u0259nd t\u0259s\u0259rr\u00fcfat\u0131 s\u00fcr\u0259tl\u0259 inki\u015faf edir. \u00dcmumi daxili m\u0259hsulda k\u0259nd t\u0259s\u0259rr\u00fcfat\u0131n\u0131n pay\u0131 art\u0131r. \u0130xracda qeyri-neft sektorunun pay\u0131, o c\u00fcml\u0259d\u0259n k\u0259nd t\u0259s\u0259rr\u00fcfat\u0131 m\u0259hsullar\u0131n\u0131n pay\u0131 y\u00fcks\u0259lib\u201d.<\/p>\n<p>Nazir deyib ki, aqrar sah\u0259ni iqtisadiyyat\u0131n prioritet sah\u0259si kimi m\u00fc\u0259yy\u0259n ed\u0259n Prezident \u0130lham \u018fliyev \u0259rzaq t\u0259hl\u00fck\u0259sizliyinin t\u0259min edilm\u0259si il\u0259 ba\u011fl\u0131 tap\u015f\u0131r\u0131qlar m\u00fc\u0259yy\u0259nl\u0259\u015fdirib: \u201cBu tap\u015f\u0131r\u0131qlar m\u00f6vcud resurslardan s\u0259m\u0259r\u0259li istifad\u0259 etm\u0259k, m\u0259hsuldarl\u0131\u011f\u0131 art\u0131rmaq, \u0259traf m\u00fchitin qorunmas\u0131n\u0131 t\u0259min etm\u0259kd\u0259n ibar\u0259tdir. M\u00fc\u0259yy\u0259nl\u0259\u015f\u0259n v\u0259zif\u0259l\u0259r\u0259 uy\u011fun olaraq f\u0259aliyy\u0259t prinsipl\u0259rimizd\u0259 d\u00fczg\u00fcn v\u0259 s\u0259m\u0259r\u0259li idar\u0259\u00e7ilik, k\u0259ndli v\u0259 fermerl\u0259r\u0259 yax\u0131nl\u0131q, innovasiyalar\u0131n t\u0259tbiqini \u0259sas g\u00f6t\u00fcr\u00fcr\u00fck. Sevindirici hald\u0131r ki, d\u00f6vl\u0259tin g\u00f6st\u0259rdiyi diqq\u0259t n\u0259tic\u0259sind\u0259 qar\u015f\u0131m\u0131za qoyulan v\u0259zif\u0259l\u0259rin icras\u0131 istiqam\u0259tind\u0259 u\u011furlu n\u0259tic\u0259l\u0259r \u0259ld\u0259 olunub. \u00d6lk\u0259d\u0259 \u0259halinin \u0259rzaqla \u00f6z\u00fcn\u00fc t\u0259minetm\u0259 s\u0259viyy\u0259si y\u00fcks\u0259lib. Bu ilin 9 ay\u0131 \u0259rzind\u0259 k\u0259nd t\u0259s\u0259rr\u00fcfat\u0131 m\u0259hsulunun \u00fcmumi h\u0259cmi \u00f6t\u0259n ill\u0259 m\u00fcqayis\u0259d\u0259 4,3 faiz art\u0131b. \u018ft v\u0259 s\u00fcd m\u0259hsullar\u0131 il\u0259 \u00f6z\u00fcn\u00fc t\u0259minetm\u0259 art\u0131q 90 faiz\u0259 \u00e7at\u0131b. B\u00fct\u00fcn n\u00f6v t\u0259r\u0259v\u0259z v\u0259 meyv\u0259 \u00fczr\u0259 bu g\u00f6st\u0259rici 100 faizd\u0259n \u00e7oxdur. M\u00fcasir innovasiyalar\u0131n t\u0259tbiqi il\u0259 bu g\u00f6st\u0259ricil\u0259ri daha da y\u00fcks\u0259ltm\u0259k m\u00fcmk\u00fcn olacaq\u201d.<\/p>\n<p>\u0130.K\u0259rimov qeyd edib ki, bu forum fermerl\u0259r\u0259 bel\u0259 innovativ yenilikl\u0259rl\u0259 tan\u0131\u015f olmaq imkan\u0131 verir: \u201cT\u0259dbir, eyni zamanda, t\u0259cr\u00fcb\u0259 m\u00fcbadil\u0259si aparmaq \u00fc\u00e7\u00fcn yeni platforma rolunu oynay\u0131r. Bel\u0259 bir forumun ke\u00e7irilm\u0259sin\u0259 verdiyi d\u0259st\u0259y\u0259 g\u00f6r\u0259 Heyd\u0259r \u018fliyev Fondunun vitse-prezidenti, BMT-nin \u018frzaq v\u0259 K\u0259nd T\u0259s\u0259rr\u00fcfat\u0131 T\u0259\u015fkilat\u0131n\u0131n xo\u015fm\u0259raml\u0131 s\u0259firi, IDEA \u0130ctimai Birliyinin r\u0259hb\u0259ri Leyla xan\u0131m \u018fliyevaya t\u0259\u015f\u0259kk\u00fcr edir\u0259m. Hesab edirik ki, Az\u0259rbaycan aqrar sah\u0259d\u0259 innovasiyalar\u0131n daha \u00e7ox t\u0259tbiq olundu\u011fu lider \u00f6lk\u0259l\u0259rd\u0259n birin\u0259 \u00e7evril\u0259c\u0259k\u201d.<\/p>\n<p>T\u00fcrkiy\u0259nin k\u0259nd t\u0259s\u0259rr\u00fcfat\u0131 v\u0259 me\u015f\u0259\u00e7ilik naziri Bekir Pakdemirli deyib ki, \u00f6lk\u0259si k\u0259nd t\u0259s\u0259rr\u00fcfat\u0131 sah\u0259sind\u0259 t\u0259tbiq etdiyi yenilikl\u0259ri Az\u0259rbaycanla b\u00f6l\u00fc\u015f\u0259 bil\u0259r. T\u00fcrkiy\u0259d\u0259 k\u0259nd t\u0259s\u0259rr\u00fcfat\u0131 sah\u0259sind\u0259 h\u0259yata ke\u00e7iril\u0259n islahatlar bar\u0259d\u0259 m\u0259lumat ver\u0259n nazir bildirib ki, bu istiqam\u0259td\u0259 Az\u0259rbaycanla fikir m\u00fcbadil\u0259si aparmaq iki \u00f6lk\u0259nin \u0259m\u0259kda\u015fl\u0131\u011f\u0131n\u0131n inki\u015fafina t\u00f6hf\u0259 ver\u0259c\u0259k: \u201cT\u00fcrkiy\u0259 k\u0259nd t\u0259s\u0259rr\u00fcfat\u0131n\u0131n inki\u015faf etmi\u015f sah\u0259l\u0259rind\u0259 t\u0259tbiq etdiyi \u00fcsullarla, texnoloji yenilikl\u0259rl\u0259 ba\u011fl\u0131 t\u0259cr\u00fcb\u0259sini Az\u0259rbaycanla b\u00f6l\u00fc\u015fm\u0259y\u0259 haz\u0131rd\u0131r\u201d.<\/p>\n<p>Az\u0259rbaycan Respublikas\u0131 Prezidentinin aqrar siyas\u0259t m\u0259s\u0259l\u0259l\u0259ri \u00fczr\u0259 k\u00f6m\u0259k\u00e7isi &#8211; \u015f\u00f6b\u0259 m\u00fcdiri Az\u0259r \u018fmiraslanov qeyd edib ki, \u00f6lk\u0259d\u0259 \u0259halinin \u0259rzaq m\u0259hsullar\u0131 il\u0259 etibarl\u0131 t\u0259minat\u0131 v\u0259 rasional qidalanmas\u0131n\u0131n t\u0259min edilm\u0259si diqq\u0259td\u0259 saxlan\u0131l\u0131r: \u201cK\u0259nd t\u0259s\u0259rr\u00fcfat\u0131 iqtisadiyyat\u0131n m\u00fch\u00fcm sah\u0259sidir. Aqrar sektor n\u0259 q\u0259d\u0259r inki\u015faf ets\u0259 d\u0259, biz ekoloji t\u0259l\u0259bl\u0259ri g\u00f6zl\u0259m\u0259li, ekosistemi qorumal\u0131y\u0131q. BMT-nin \u018frzaq v\u0259 K\u0259nd T\u0259s\u0259rr\u00fcfat\u0131 T\u0259\u015fkilat\u0131n\u0131n xo\u015fm\u0259raml\u0131 s\u0259firi Leyla xan\u0131m \u018fliyevan\u0131n t\u0259\u015f\u0259bb\u00fcs\u00fc il\u0259 bu istiqam\u0259td\u0259 h\u0259yata ke\u00e7irdiyi ekoloji layih\u0259l\u0259r x\u00fcsusi olaraq qeyd edilm\u0259lidir\u201d.<\/p>\n<p>A.\u018fmiraslanov deyib: \u201cBu g\u00fcn aqrar siyas\u0259tin ba\u015fl\u0131ca v\u0259zif\u0259si effektivlik meyarlar\u0131n\u0131n v\u0259 ekoloji t\u0259l\u0259bl\u0259ri s\u0259m\u0259r\u0259li \u015f\u0259kild\u0259 uzla\u015fd\u0131rmaqdan ibar\u0259tdir. Haz\u0131rda \u00f6lk\u0259d\u0259 k\u0259nd t\u0259s\u0259rr\u00fcfat\u0131n\u0131n inki\u015faf\u0131na y\u00f6n\u0259lmi\u015f sistemli v\u0259 kompleks t\u0259dbirl\u0259r g\u00f6r\u00fcl\u00fcr. Aqrar sah\u0259nin inki\u015faf\u0131 \u00fc\u00e7\u00fcn strateji m\u0259qs\u0259dl\u0259r, v\u0259zif\u0259l\u0259r, prinsipl\u0259r v\u0259 h\u0259d\u0259fl\u0259r m\u00fc\u0259yy\u0259n olunub. Aqrar sektor Az\u0259rbaycanda prioritet sah\u0259 elan edilib. \u00c7\u00fcnki o, dayan\u0131ql\u0131 inki\u015faf\u0131n t\u0259min olunmas\u0131nda, iqtisadiyyat\u0131n \u015fax\u0259l\u0259ndirilm\u0259sind\u0259, yoxsullu\u011fun azald\u0131lmas\u0131nda, \u0259n \u0259sas\u0131 is\u0259 sosial probleml\u0259rin h\u0259llind\u0259 v\u0259 \u0259rzaq t\u0259minat\u0131nda x\u00fcsusi rol oynay\u0131r. M\u0259hz bu amill\u0259r\u0259 g\u00f6r\u0259 \u00f6lk\u0259 ba\u015f\u00e7\u0131s\u0131 aqrar sah\u0259y\u0259 h\u0259ssasl\u0131qla yana\u015f\u0131r, k\u0259nd t\u0259s\u0259rr\u00fcfat\u0131n\u0131n inki\u015faf\u0131na h\u0259m iqtisadi, h\u0259m d\u0259 sosial m\u0259s\u0259l\u0259 kimi bax\u0131r\u201d.<\/p>\n<p>Az\u0259rbaycan Respublikas\u0131 Prezidentinin aqrar siyas\u0259t m\u0259s\u0259l\u0259l\u0259ri \u00fczr\u0259 k\u00f6m\u0259k\u00e7isi qeyd edib ki, k\u0259nd t\u0259s\u0259rr\u00fcfat\u0131 son yar\u0131m \u0259srd\u0259 \u00e7ox ciddi texnoloji yenil\u0259\u015fm\u0259 d\u00f6vr\u00fc ke\u00e7ib: \u201cHaz\u0131rda m\u00fcasir k\u0259nd t\u0259s\u0259rr\u00fcfat\u0131 m\u00fcr\u0259kk\u0259b v\u0259 bahal\u0131 texnologiyalara \u0259saslanan, eyni zamanda, b\u00f6y\u00fck investisiyalar t\u0259l\u0259b ed\u0259n istehsal sah\u0259sin\u0259 \u00e7evrilib. Yeni bitki sortlar\u0131n\u0131n t\u0259tbiqi, m\u00fct\u0259r\u0259qqi suvarma sisteml\u0259rinin istifad\u0259 edilm\u0259si, k\u0259nd t\u0259s\u0259rr\u00fcfat\u0131n\u0131n s\u0259nayel\u0259\u015fdirilm\u0259si ya\u015f\u0131l inqilab\u0131n \u0259sas istiqam\u0259tl\u0259ridir. Bu istiqam\u0259td\u0259 \u00f6lk\u0259mizd\u0259 d\u0259 m\u00fch\u00fcm add\u0131mlar at\u0131l\u0131b. Lakin h\u0259l\u0259 g\u00f6r\u00fcl\u0259c\u0259k xeyli i\u015fl\u0259r var. Prezident \u0130lham \u018fliyevin \u0259sas tap\u015f\u0131r\u0131qlar\u0131ndan biri aqrar sah\u0259d\u0259 yeni texnologiyalar\u0131n geni\u015f t\u0259tbiqi, elektron k\u0259nd t\u0259s\u0259rr\u00fcfat\u0131 sisteminin t\u0259tbiq olunmas\u0131, yer s\u0259thinin m\u00fc\u015fahid\u0259 peykinin imkanlar\u0131ndan h\u0259m ekoloji siyas\u0259tin, h\u0259m d\u0259 aqrar siyas\u0259tin m\u0259qs\u0259dl\u0259ri \u00fc\u00e7\u00fcn geni\u015f istifad\u0259 edilm\u0259sind\u0259n ibar\u0259tdir. R\u0259q\u0259msal texnologiyalar\u0131n k\u0259nd t\u0259s\u0259rr\u00fcfat\u0131nda t\u0259tbiqi m\u0259qs\u0259d deyil, vasit\u0259dir. Bu, m\u0259hsuldarl\u0131\u011f\u0131n y\u00fcks\u0259ldilm\u0259si, aqrar idar\u0259etm\u0259nin t\u0259kmill\u0259\u015fdirilm\u0259si, k\u0259nd t\u0259s\u0259rr\u00fcfat\u0131na d\u00f6vl\u0259t d\u0259st\u0259yinin daha s\u0259m\u0259r\u0259li t\u0259\u015fkil edilm\u0259sinin vasit\u0259sidir. Bug\u00fcnk\u00fc forum da aqrar innovasiyalar\u0131n t\u0259tbiqi il\u0259 ba\u011fl\u0131 m\u0259s\u0259l\u0259l\u0259rin s\u0259m\u0259r\u0259li m\u00fczakir\u0259sin\u0259 v\u0259 t\u0259cr\u00fcb\u0259 m\u00fcbadil\u0259sin\u0259 \u00f6z t\u00f6hf\u0259sini ver\u0259c\u0259k\u201d.<\/p>\n<p>Energetika naziri P\u0259rviz \u015eahbazov is\u0259 deyib: \u201cPrezident \u0130lham \u018fliyevin t\u0259\u015f\u0259bb\u00fcs\u00fc v\u0259 r\u0259hb\u0259rliyi il\u0259 \u00f6lk\u0259 iqtisadiyyat\u0131n\u0131n b\u00fct\u00fcn sah\u0259l\u0259rind\u0259 oldu\u011fu kimi k\u0259nd t\u0259s\u0259rr\u00fcfat\u0131 v\u0259 energetika sah\u0259l\u0259rind\u0259 d\u0259 beyn\u0259lxalq t\u0259cr\u00fcb\u0259y\u0259 uy\u011fun islahatlar\u0131n apar\u0131ld\u0131\u011f\u0131 bir d\u00f6vrd\u0259 bu forumun ke\u00e7irilm\u0259si x\u00fcsusi \u0259h\u0259miyy\u0259t k\u0259sb edir. Bug\u00fcnk\u00fc forumun \u0259sas m\u0259qs\u0259di aqrar v\u0259 energetika sah\u0259l\u0259rinin g\u0259l\u0259c\u0259yi, aqrar sah\u0259d\u0259 yeni texnologiyalar\u0131n, o c\u00fcml\u0259d\u0259n ya\u015f\u0131l enerjinin t\u0259tbiqi kimi aktual m\u00f6vzular \u0259traf\u0131nda fikir m\u00fcbadil\u0259sinin apar\u0131lmas\u0131ndan, bu sah\u0259d\u0259 qabaqc\u0131l t\u0259cr\u00fcb\u0259y\u0259 v\u0259 d\u00fcnyada m\u00fc\u015fahid\u0259 olunan trendl\u0259r\u0259 n\u0259z\u0259r salmaqdan ibar\u0259tdir. Az\u0259rbaycan enerji siyas\u0259tini yeni \u00e7a\u011f\u0131r\u0131\u015flara uy\u011funla\u015fd\u0131raraq, enerji t\u0259hl\u00fck\u0259sizliyi m\u0259s\u0259l\u0259sin\u0259 \u00e7ox\u015fax\u0259li yana\u015f\u0131r\u201d.<\/p>\n<p>Nazir bildirib ki, bu g\u00fcn \u00f6lk\u0259nin \u00fcmumi elektroenergetika sisteminin qoyulu\u015f g\u00fcc\u00fcnd\u0259 iri su elektrik stansiyalar\u0131 da daxil olmaqla b\u0259rpaolunan enerji m\u0259nb\u0259l\u0259rinin pay\u0131 t\u0259xmin\u0259n 18 faiz\u0259 yax\u0131nd\u0131r: \u201cLakin bizd\u0259 b\u0259rpaolunan enerji m\u0259nb\u0259l\u0259rinin potensial\u0131 daha y\u00fcks\u0259kdir. T\u0259xmin\u0259n 25 geqavat h\u0259cmind\u0259dir v\u0259 yax\u0131n ill\u0259rd\u0259 k\u00fcl\u0259k, g\u00fcn\u0259\u015f v\u0259 bioenerji \u00fczr\u0259 yeni enerji g\u00fccl\u0259rinin istifad\u0259y\u0259 verilm\u0259si planla\u015fd\u0131r\u0131l\u0131r. Haz\u0131rda b\u0259rpaolunan enerjinin \u00fcmumi enerji balans\u0131ndak\u0131 h\u0259cminin art\u0131r\u0131lmas\u0131 v\u0259 enerji s\u0259m\u0259r\u0259liliyi il\u0259 ba\u011fl\u0131 kompleks t\u0259dbirl\u0259r h\u0259yata ke\u00e7irilir. B\u0259rpaolunan enerji m\u0259nb\u0259l\u0259ri s\u0259nayesinin inki\u015faf\u0131na t\u0259kan verm\u0259k, bazar\u0131n\u0131 yaratmaq, r\u0259qab\u0259t qabiliyy\u0259tini art\u0131rmaq \u00fc\u00e7\u00fcn beyn\u0259lxalq ekspertl\u0259rin d\u0259st\u0259yi il\u0259 \u201cB\u0259rpaolunan enerji m\u0259nb\u0259l\u0259ri haqq\u0131nda\u201d qanun layih\u0259si haz\u0131rlan\u0131r. Bu qanunun q\u0259bulu ya\u015f\u0131l enerjinin k\u0259nd t\u0259s\u0259rr\u00fcfat\u0131 sektorunda da geni\u015f istifad\u0259sin\u0259 \u015f\u0259rait yaradacaq. Eyni zamanda, Avropa Yenid\u0259nqurma v\u0259 \u0130nki\u015faf Bank\u0131 il\u0259 birg\u0259 b\u0259rpaolunan enerjinin \u015f\u0259b\u0259k\u0259y\u0259 inteqrasiyas\u0131 v\u0259 \u015f\u0259b\u0259k\u0259nin g\u00fccl\u0259ndirilm\u0259si layih\u0259sin\u0259 ba\u015flan\u0131l\u0131b. B\u0259rpaolunan enerji sah\u0259sind\u0259 \u00f6z\u0259l sektorun i\u015ftirak\u0131 \u00fc\u00e7\u00fcn \u0259lveri\u015fli investisiya m\u00fchitinin yarad\u0131lmas\u0131 istiqam\u0259tind\u0259 add\u0131mlar at\u0131l\u0131r. Bu sah\u0259d\u0259 ixtisasla\u015fm\u0131\u015f bir s\u0131ra \u015firk\u0259tl\u0259rl\u0259 m\u0259sl\u0259h\u0259tl\u0259\u015fm\u0259l\u0259r apar\u0131l\u0131r, i\u015f\u00e7i qruplar\u0131 yarad\u0131l\u0131b. Haz\u0131rda Asiya \u0130nki\u015faf Bank\u0131n\u0131n d\u0259st\u0259yi il\u0259 B\u00f6y\u00fck\u015for g\u00f6l\u00fcnd\u0259 \u201c\u00dcz\u0259n G\u00fcn\u0259\u015f Paneli\u201d pilot layih\u0259si h\u0259yata ke\u00e7irilir\u201d.<\/p>\n<p>N\u0259qliyyat, rabit\u0259 v\u0259 y\u00fcks\u0259k texnologiyalar naziri Ramin Quluzad\u0259 deyib ki, forum aktual m\u00f6vzuya h\u0259sr olunub v\u0259 BMT-nin 2030-cu il\u0259 q\u0259d\u0259r Dayan\u0131ql\u0131 \u0130nki\u015faf M\u0259qs\u0259dl\u0259rinin icras\u0131 bax\u0131m\u0131ndan da olduqca \u0259h\u0259miyy\u0259tlidir: \u201cBu g\u00fcn \u00f6lk\u0259miz yeni inki\u015faf m\u0259rh\u0259l\u0259sind\u0259dir. Prezident \u0130lham \u018fliyevin r\u0259hb\u0259rliyi il\u0259 \u00f6lk\u0259d\u0259 u\u011furlu islahatlar apar\u0131l\u0131r. \u00d6lk\u0259d\u0259 ixrac potensial\u0131n\u0131n g\u00fccl\u0259ndirilm\u0259si, \u0259lveri\u015fli investisiya m\u00fchitinin formala\u015fd\u0131r\u0131lmas\u0131, innovasiya f\u0259aliyy\u0259tinin geni\u015fl\u0259ndirilm\u0259si istiqam\u0259tind\u0259 ciddi add\u0131mlar at\u0131l\u0131r. Q\u0259bul olunmu\u015f Strateji Yol x\u0259rit\u0259l\u0259ri milli iqtisadiyyat\u0131n inki\u015faf\u0131 \u00fc\u00e7\u00fcn yeni imkanlar a\u00e7\u0131r. B\u00fct\u00fcn bunlar beyn\u0259lxalq hesabatlarda da \u00f6z \u0259ksini tapmaqdad\u0131r. D\u00fcnya Bank\u0131n\u0131n son \u201cDoing Business\u201d hesabat\u0131nda Az\u0259rbaycan 190 \u00f6lk\u0259 aras\u0131nda 25-ci yeri tutub. Eyni zamanda, \u00f6lk\u0259miz d\u00fcnyan\u0131n 10 \u0259n \u00e7ox islahat aparan d\u00f6vl\u0259tl\u0259ri siyah\u0131s\u0131na daxil edilib\u201d.<\/p>\n<p>Nazir qeyd edib ki, d\u00fcnyada iqtisadiyyat\u0131n inki\u015faf\u0131nda y\u00fcks\u0259k texnologiyalar\u0131n, innovasiyalar\u0131n rolu ild\u0259n-il\u0259 art\u0131r. Az\u0259rbaycan da bu m\u0259s\u0259l\u0259l\u0259r\u0259 x\u00fcsusi diqq\u0259t yetirir. \u00d6lk\u0259mizd\u0259 k\u0259nd t\u0259s\u0259rr\u00fcfat\u0131 sah\u0259si \u00fczr\u0259 informasiya ehtiyatlar\u0131 v\u0259 sisteml\u0259ri yarad\u0131l\u0131b v\u0259 bu proses davam etm\u0259kd\u0259dir: \u201cBununla b\u0259rab\u0259r k\u0259nd t\u0259s\u0259rr\u00fcfat\u0131nda y\u00fcks\u0259k texnologiyalar\u0131n t\u0259tbiqi imkanlar\u0131 daha da geni\u015fdir. \u201c\u018f\u015fyalar\u0131n interneti\u201d, dronlar, \u201cBig Data\u201d texnologiyalar\u0131 bu sektoru yeni m\u0259rh\u0259l\u0259y\u0259 apar\u0131r. Bir \u00e7ox \u00f6lk\u0259l\u0259rd\u0259 m\u0259hsuldarl\u0131\u011f\u0131n, m\u0259hsulun keyfiyy\u0259tinin art\u0131r\u0131lmas\u0131nda \u201c\u018f\u015fyalar\u0131n interneti\u201d m\u00fch\u00fcm rol oynay\u0131r. Dronlar\u0131n t\u0259tbiqi is\u0259 fermerl\u0259r\u0259 ist\u0259nil\u0259n yerd\u0259n \u0259kin sah\u0259l\u0259rin\u0259 n\u0259zar\u0259t etm\u0259k imkan\u0131 verir. Bu texnologiyalar\u0131n t\u0259tbiqind\u0259 N\u0259qliyyat, Rabit\u0259 v\u0259 Y\u00fcks\u0259k Texnologiyalar Nazirliyi \u00f6z t\u00f6hf\u0259sini ver\u0259 bil\u0259r\u201d.<\/p>\n<p>\u201cNazirliyin tabeliyind\u0259ki \u0130nnovasiyalar Agentliyi vasit\u0259sil\u0259 aqrar sah\u0259d\u0259 f\u0259aliyy\u0259t g\u00f6st\u0259r\u0259n sahibkarlar\u0131n (fermerl\u0259rin) m\u00fcasir texnologiyalar\u0131 \u0259ld\u0259 etm\u0259si v\u0259 m\u0259nims\u0259m\u0259si, h\u0259m\u00e7inin aqrar sah\u0259d\u0259 y\u00fcks\u0259k texnologiyalar\u0131n t\u0259tbiqini n\u0259z\u0259rd\u0259 tutan innovativ layih\u0259l\u0259rin, o c\u00fcml\u0259d\u0259n startaplar\u0131n maliyy\u0259l\u0259\u015fdirilm\u0259si istiqam\u0259tind\u0259 geni\u015f \u0259m\u0259kda\u015fl\u0131q perspektivl\u0259ri var. Biz aqrar sah\u0259 \u00fczr\u0259 informasiya ehtiyatlar\u0131 v\u0259 sisteml\u0259rinin, b\u00f6y\u00fck h\u0259cmli informasiyalar\u0131n intellektual analizi \u00fc\u00e7\u00fcn nazirliyin regionda yegan\u0259 TIER 3 s\u0259viyy\u0259li data m\u0259rk\u0259zinin xidm\u0259tl\u0259rind\u0259n istifad\u0259 edilm\u0259sini t\u0259klif edirik. Bundan \u0259lav\u0259, nazirliyin \u0130KT-nin T\u0259tbiqi v\u0259 T\u0259drisi M\u0259rk\u0259zind\u0259 yarad\u0131lacaq \u201c\u018f\u015fyalar\u0131n interneti\u201d laboratoriyas\u0131n\u0131n imkanlar\u0131ndan istifad\u0259 etm\u0259k olar. M\u0259rk\u0259zd\u0259 aqrar sah\u0259d\u0259 y\u00fcks\u0259k texnologiyalar\u0131n t\u0259tbiqi \u00fczr\u0259 kadr haz\u0131rl\u0131\u011f\u0131na d\u0259st\u0259k verm\u0259k m\u0259qs\u0259dil\u0259 m\u00fcxt\u0259lif t\u0259liml\u0259rin t\u0259\u015fkili d\u0259 \u0259m\u0259kda\u015fl\u0131q istiqam\u0259ti ola bil\u0259r. Bu forum, yeni \u0259m\u0259kda\u015fl\u0131q platformalar\u0131n\u0131n yaranmas\u0131na, \u00f6lk\u0259mizd\u0259 aidiyy\u0259ti qurumlar\u0131n, o c\u00fcml\u0259d\u0259n K\u0259nd T\u0259s\u0259rr\u00fcfat\u0131 v\u0259 T\u0259hsil nazirlikl\u0259ri, Az\u0259rbaycan Milli Elml\u0259r Akademiyas\u0131, \u0130nnovasiya Agentliyinin birg\u0259 s\u0259yl\u0259ri n\u0259tic\u0259sind\u0259 \u201cAgrotech\u201d klasterinin formala\u015fd\u0131r\u0131lmas\u0131na v\u0259 inki\u015faf\u0131na b\u00f6y\u00fck t\u00f6hf\u0259 ver\u0259c\u0259k\u201d, &#8211; dey\u0259 R.Quluzad\u0259 \u0259lav\u0259 edib.<\/p>\n<p>Forum \u00e7\u0259r\u00e7iv\u0259sind\u0259 ya\u015f\u0131l texnologiyalara h\u0259sr olunan s\u0259rgi d\u0259 n\u00fcmayi\u015f etdirilib. Burada yeni innovativ ekosisteml\u0259r, ya\u015f\u0131l texnologiyalar v\u0259 onlar\u0131n t\u0259tbiqi il\u0259 haz\u0131rlanan m\u0259hsullar s\u0259rgil\u0259nir. Heyd\u0259r \u018fliyev Fondunun vitse-prezidenti Leyla \u018fliyeva s\u0259rgi il\u0259 tan\u0131\u015f oldu.<\/p>\n<p>D\u00fcnyan\u0131n 15-\u0259 yax\u0131n \u00f6lk\u0259sind\u0259n 40-d\u0259k xarici m\u00fct\u0259x\u0259ssisi bir araya toplayan forumun \u0259sas m\u0259qs\u0259di Az\u0259rbaycanda k\u0259nd t\u0259s\u0259rr\u00fcfat\u0131 v\u0259 enerji sah\u0259l\u0259rinin innovativ inki\u015faf\u0131na nail olmaq, m\u00fcxt\u0259lif maraql\u0131 t\u0259r\u0259fl\u0259r aras\u0131nda \u0259laq\u0259l\u0259ri g\u00fccl\u0259ndirm\u0259k, dayan\u0131ql\u0131 biznes modell\u0259ri v\u0259 \u0259laq\u0259l\u0259r qurmaqd\u0131r. \u0130ki g\u00fcn davam ed\u0259c\u0259k forumda AB\u015e, T\u00fcrkiy\u0259, \u0130srail, Rusiya, Niderland, Ukrayna v\u0259 bir \u00e7ox \u00f6lk\u0259l\u0259rd\u0259n sahibkarlar, ven\u00e7ur kapitalistl\u0259r, elm xadiml\u0259ri, apar\u0131c\u0131 texnologiya \u015firk\u0259tl\u0259rinin n\u00fcmay\u0259nd\u0259l\u0259rinin \u00e7\u0131x\u0131\u015flar\u0131 n\u0259z\u0259rd\u0259 tutulur. H\u0259m\u00e7inin \u201cEnergetika v\u0259 aqrar texnologiyalar\u0131n g\u0259l\u0259c\u0259yi\u201d, \u201cAqrar v\u0259 ya\u015f\u0131l enerji \u00fc\u00e7\u00fcn texnologiyalar\u201d, \u201cAqrar v\u0259 energetika texnologiyalar\u0131 \u00fczr\u0259 Akademiya\u201d, \u201cSiyas\u0259tin t\u0259siri\u201d, \u201cYeni innovativ ekosisteml\u0259r\u201d, \u201cFermerl\u0259r \u00fc\u00e7\u00fcn seksiya\u201d, \u201cAqrar sah\u0259 v\u0259 energetika \u00fc\u00e7\u00fcn biznes: AgTech sessiyas\u0131\u201d, \u201cAqrar sah\u0259 v\u0259 energetika \u00fc\u00e7\u00fcn biznes: Green Energy sessiyas\u0131\u201d, \u201cStartap v\u0259 innovasiya ekosistemi seminar\u0131\u201d panell\u0259ri \u00fczr\u0259 ke\u00e7iril\u0259c\u0259k.<\/p>\n","protected":false},"excerpt":{"rendered":"<p>ARANTV.AZ x\u0259b\u0259r verir ki, dekabr\u0131n 10-da Az\u0259rbaycanda ilk d\u0259f\u0259 aqrar v\u0259 ya\u015f\u0131l texnologiyalar \u00fczr\u0259 \u201cAgTech and Green Energy\u201d m\u00f6vzusunda beyn\u0259lxalq forum i\u015f\u0259 ba\u015flay\u0131b. K\u0259nd T\u0259s\u0259rr\u00fcfat\u0131 v\u0259 Energetika nazirlikl\u0259rinin birg\u0259 t\u0259\u015fkilat\u00e7\u0131l\u0131\u011f\u0131 il\u0259 ADA Universitetind\u0259 ke\u00e7iril\u0259n forumun a\u00e7\u0131l\u0131\u015f m\u0259rasimind\u0259 Heyd\u0259r \u018fliyev Fondunun vitse-prezidenti, BMT-nin \u018frzaq v\u0259 K\u0259nd T\u0259s\u0259rr\u00fcfat\u0131 T\u0259\u015fkilat\u0131n\u0131n (FAO) xo\u015fm\u0259raml\u0131 s\u0259firi, IDEA \u0130ctimai Birliyinin r\u0259hb\u0259ri Leyla \u018fliyeva, d\u00f6vl\u0259t qurumlar\u0131n\u0131n r\u0259smil\u0259ri, fermer t\u0259s\u0259rr\u00fcfatlar\u0131n\u0131n r\u0259hb\u0259rl\u0259ri, ya\u015f\u0131l texnologiyalar \u00fczr\u0259 xarici ekspertl\u0259r, startap v\u0259 texnoloji \u015firk\u0259tl\u0259rin n\u00fcmay\u0259nd\u0259l\u0259ri, \u00f6z\u0259l sektorun t\u0259msil\u00e7il\u0259ri i\u015ftirak edibl\u0259r. \u201cYa\u015f\u0131l g\u0259l\u0259c\u0259k \u00fc\u00e7\u00fcn innovasiyalar\u201d \u015f\u00fcar\u0131 il\u0259 ke\u00e7iril\u0259n forumda \u00e7\u0131x\u0131\u015f ed\u0259n ADA Universitetinin rektoru,&hellip;<\/p>\n","protected":false},"author":2,"featured_media":27057,"comment_status":"closed","ping_status":"closed","sticky":false,"template":"","format":"standard","meta":{"om_disable_all_campaigns":false,"_monsterinsights_skip_tracking":false,"_monsterinsights_sitenote_active":false,"_monsterinsights_sitenote_note":"","_monsterinsights_sitenote_category":0},"categories":[19],"tags":[],"aioseo_notices":[],"gutentor_comment":0,"rttpg_featured_image_url":{"full":["https:\/\/arantv.az\/wp-content\/uploads\/2018\/12\/jkshjgte8fmdd2r0alh03hm3j3for.jpg",1000,658,false],"landscape":["https:\/\/arantv.az\/wp-content\/uploads\/2018\/12\/jkshjgte8fmdd2r0alh03hm3j3for.jpg",1000,658,false],"portraits":["https:\/\/arantv.az\/wp-content\/uploads\/2018\/12\/jkshjgte8fmdd2r0alh03hm3j3for.jpg",1000,658,false],"thumbnail":["https:\/\/arantv.az\/wp-content\/uploads\/2018\/12\/jkshjgte8fmdd2r0alh03hm3j3for-150x150.jpg",150,150,true],"medium":["https:\/\/arantv.az\/wp-content\/uploads\/2018\/12\/jkshjgte8fmdd2r0alh03hm3j3for-300x197.jpg",300,197,true],"large":["https:\/\/arantv.az\/wp-content\/uploads\/2018\/12\/jkshjgte8fmdd2r0alh03hm3j3for.jpg",640,421,false],"1536x1536":["https:\/\/arantv.az\/wp-content\/uploads\/2018\/12\/jkshjgte8fmdd2r0alh03hm3j3for.jpg",1000,658,false],"2048x2048":["https:\/\/arantv.az\/wp-content\/uploads\/2018\/12\/jkshjgte8fmdd2r0alh03hm3j3for.jpg",1000,658,false],"post-thumbnail":["https:\/\/arantv.az\/wp-content\/uploads\/2018\/12\/jkshjgte8fmdd2r0alh03hm3j3for-240x172.jpg",240,172,true],"advps-thumb-one":["https:\/\/arantv.az\/wp-content\/uploads\/2018\/12\/jkshjgte8fmdd2r0alh03hm3j3for-1000x620.jpg",1000,620,true]},"rttpg_author":{"display_name":"V\u00fcsal Rafiqo\u011flu","author_link":"https:\/\/arantv.az\/?author=2"},"rttpg_comment":0,"rttpg_category":"<a href=\"https:\/\/arantv.az\/?cat=19\" rel=\"category\">G\u00fcnd\u0259m<\/a>","rttpg_excerpt":"ARANTV.AZ x\u0259b\u0259r verir ki, dekabr\u0131n 10-da Az\u0259rbaycanda ilk d\u0259f\u0259 aqrar v\u0259 ya\u015f\u0131l texnologiyalar \u00fczr\u0259 \u201cAgTech and Green Energy\u201d m\u00f6vzusunda beyn\u0259lxalq forum i\u015f\u0259 ba\u015flay\u0131b. K\u0259nd T\u0259s\u0259rr\u00fcfat\u0131 v\u0259 Energetika nazirlikl\u0259rinin birg\u0259 t\u0259\u015fkilat\u00e7\u0131l\u0131\u011f\u0131 il\u0259 ADA Universitetind\u0259 ke\u00e7iril\u0259n forumun a\u00e7\u0131l\u0131\u015f m\u0259rasimind\u0259 Heyd\u0259r \u018fliyev Fondunun vitse-prezidenti, BMT-nin \u018frzaq v\u0259 K\u0259nd T\u0259s\u0259rr\u00fcfat\u0131 T\u0259\u015fkilat\u0131n\u0131n (FAO) xo\u015fm\u0259raml\u0131 s\u0259firi, IDEA \u0130ctimai Birliyinin r\u0259hb\u0259ri Leyla&hellip;","_links":{"self":[{"href":"https:\/\/arantv.az\/index.php?rest_route=\/wp\/v2\/posts\/27056"}],"collection":[{"href":"https:\/\/arantv.az\/index.php?rest_route=\/wp\/v2\/posts"}],"about":[{"href":"https:\/\/arantv.az\/index.php?rest_route=\/wp\/v2\/types\/post"}],"author":[{"embeddable":true,"href":"https:\/\/arantv.az\/index.php?rest_route=\/wp\/v2\/users\/2"}],"replies":[{"embeddable":true,"href":"https:\/\/arantv.az\/index.php?rest_route=%2Fwp%2Fv2%2Fcomments&post=27056"}],"version-history":[{"count":0,"href":"https:\/\/arantv.az\/index.php?rest_route=\/wp\/v2\/posts\/27056\/revisions"}],"wp:featuredmedia":[{"embeddable":true,"href":"https:\/\/arantv.az\/index.php?rest_route=\/wp\/v2\/media\/27057"}],"wp:attachment":[{"href":"https:\/\/arantv.az\/index.php?rest_route=%2Fwp%2Fv2%2Fmedia&parent=27056"}],"wp:term":[{"taxonomy":"category","embeddable":true,"href":"https:\/\/arantv.az\/index.php?rest_route=%2Fwp%2Fv2%2Fcategories&post=27056"},{"taxonomy":"post_tag","embeddable":true,"href":"https:\/\/arantv.az\/index.php?rest_route=%2Fwp%2Fv2%2Ftags&post=27056"}],"curies":[{"name":"wp","href":"https:\/\/api.w.org\/{rel}","templated":true}]}}