{"id":27092,"date":"2018-12-11T09:54:01","date_gmt":"2018-12-11T06:54:01","guid":{"rendered":"http:\/\/arantv.az\/?p=27092"},"modified":"2018-12-11T09:54:01","modified_gmt":"2018-12-11T06:54:01","slug":"deputatlarimiz-hindistan-turkiy%c9%99-v%c9%99-gurcustana-gedir","status":"publish","type":"post","link":"https:\/\/arantv.az\/?p=27092","title":{"rendered":"Deputatlar\u0131m\u0131z Hindistan, T\u00fcrkiy\u0259 v\u0259 G\u00fcrc\u00fcstana gedir"},"content":{"rendered":"<p><strong>Dekabr\u0131n 12-d\u0259 v\u0259 13-d\u0259 Hindistan\u0131n Nyu Dehli \u015f\u0259h\u0259rind\u0259 \u018fhali v\u0259 \u0130nki\u015faf \u00fczr\u0259 Avropa Parlament Forumu ke\u00e7iril\u0259c\u0259k.<\/strong><\/p>\n<p><strong>ARANTV.AZ<\/strong> trend\u00a0-\u0259 istinad\u0259n x\u0259b\u0259r verir ki, t\u0259dbird\u0259 Milli M\u0259clisin deputatlar\u0131 M\u0259lah\u0259t \u0130brahimq\u0131z\u0131 v\u0259 Kamil\u0259 \u018fliyeva i\u015ftirak ed\u0259c\u0259kl\u0259r.<\/p>\n<p>\u00dcmumd\u00fcnya S\u0259hiyy\u0259 T\u0259\u015fkilat\u0131n\u0131n Hindistan\u0131n S\u0259hiyy\u0259 v\u0259 Ail\u0259 Rifah\u0131 Nazirliyi il\u0259 birlikd\u0259 t\u0259\u015fkil etdiyi Forumda ana, u\u015faq v\u0259 yeniyetm\u0259l\u0259rin sa\u011flaml\u0131\u011f\u0131n\u0131n qorunmas\u0131, bu sah\u0259d\u0259 f\u0259aliyy\u0259tin t\u0259kmill\u0259\u015fdirilm\u0259si, t\u0259cr\u00fcb\u0259 m\u00fcbadil\u0259si v\u0259 tibbi yenilikl\u0259r m\u00fczakir\u0259 olunacaq.<\/p>\n<p>Milli M\u0259clisin T\u00fcrkiy\u0259 il\u0259 parlamentl\u0259raras\u0131 \u0259laq\u0259l\u0259r \u00fczr\u0259 i\u015f\u00e7i qrupunun r\u0259hb\u0259ri, S\u0259hiyy\u0259 komit\u0259sinin s\u0259dri \u018fhliman \u018fmiraslanov v\u0259 qrupun \u00fczv\u00fc, Aqrar siyas\u0259t komit\u0259sinin s\u0259dri Eldar \u0130brahimov T\u00fcrkiy\u0259nin paytaxt\u0131 Ankara \u015f\u0259h\u0259rind\u0259 s\u0259f\u0259rd\u0259 olacaqlar.<\/p>\n<p>Deputatlar\u0131m\u0131z \u00fcmummilli lider Heyd\u0259r \u018fliyevin an\u0131m m\u0259rasimind\u0259 i\u015ftirak ed\u0259c\u0259kl\u0259r. M\u0259rasim\u0259 h\u0259r iki \u00f6lk\u0259nin r\u0259smi \u015f\u0259xsl\u0259ri, siyasi xadiml\u0259r, diaspor \u00fczvl\u0259ri, ictimaiyy\u0259tin n\u00fcmay\u0259nd\u0259l\u0259ri qat\u0131lacaqlar.<\/p>\n<p>Milli M\u0259clisin deputatlar\u0131 &#8211; G\u00fcrc\u00fcstanla parlamentl\u0259raras\u0131 \u0259laq\u0259l\u0259r \u00fczr\u0259 i\u015f\u00e7i qrupunun r\u0259hb\u0259ri \u018fflatun Ama\u015fov v\u0259 qrupun \u00fczv\u00fc Rasim Musab\u0259yov ulu \u00f6nd\u0259r Heyd\u0259r \u018fliyevin an\u0131m m\u0259rasimind\u0259 i\u015ftirak etm\u0259k \u00fc\u00e7\u00fcn dekabr\u0131n 11-d\u0259 G\u00fcrc\u00fcstan\u0131n paytaxt\u0131 Tbilisiy\u0259 s\u0259f\u0259r ed\u0259c\u0259kl\u0259r.<\/p>\n<p>T\u0259dbird\u0259 xalq\u0131m\u0131z\u0131n \u00fcmummilli lideri Heyd\u0259r \u018fliyevin xatir\u0259si an\u0131lacaq, onun h\u0259yat\u0131, siyasi f\u0259aliyy\u0259ti, xilaskarl\u0131q missiyas\u0131, m\u00fcasir Az\u0259rbaycan d\u00f6vl\u0259tinin qurucusu kimi g\u0259rgin \u0259m\u0259yi bar\u0259d\u0259 s\u00f6hb\u0259t a\u00e7\u0131lacaq. S\u0259f\u0259r dekabr\u0131n 13-d\u0259 ba\u015fa \u00e7atacaq.<\/p>\n","protected":false},"excerpt":{"rendered":"<p>Dekabr\u0131n 12-d\u0259 v\u0259 13-d\u0259 Hindistan\u0131n Nyu Dehli \u015f\u0259h\u0259rind\u0259 \u018fhali v\u0259 \u0130nki\u015faf \u00fczr\u0259 Avropa Parlament Forumu ke\u00e7iril\u0259c\u0259k. ARANTV.AZ trend\u00a0-\u0259 istinad\u0259n x\u0259b\u0259r verir ki, t\u0259dbird\u0259 Milli M\u0259clisin deputatlar\u0131 M\u0259lah\u0259t \u0130brahimq\u0131z\u0131 v\u0259 Kamil\u0259 \u018fliyeva i\u015ftirak ed\u0259c\u0259kl\u0259r. \u00dcmumd\u00fcnya S\u0259hiyy\u0259 T\u0259\u015fkilat\u0131n\u0131n Hindistan\u0131n S\u0259hiyy\u0259 v\u0259 Ail\u0259 Rifah\u0131 Nazirliyi il\u0259 birlikd\u0259 t\u0259\u015fkil etdiyi Forumda ana, u\u015faq v\u0259 yeniyetm\u0259l\u0259rin sa\u011flaml\u0131\u011f\u0131n\u0131n qorunmas\u0131, bu sah\u0259d\u0259 f\u0259aliyy\u0259tin t\u0259kmill\u0259\u015fdirilm\u0259si, t\u0259cr\u00fcb\u0259 m\u00fcbadil\u0259si v\u0259 tibbi yenilikl\u0259r m\u00fczakir\u0259 olunacaq. Milli M\u0259clisin T\u00fcrkiy\u0259 il\u0259 parlamentl\u0259raras\u0131 \u0259laq\u0259l\u0259r \u00fczr\u0259 i\u015f\u00e7i qrupunun r\u0259hb\u0259ri, S\u0259hiyy\u0259 komit\u0259sinin s\u0259dri \u018fhliman \u018fmiraslanov v\u0259 qrupun \u00fczv\u00fc, Aqrar siyas\u0259t komit\u0259sinin s\u0259dri Eldar \u0130brahimov T\u00fcrkiy\u0259nin paytaxt\u0131&hellip;<\/p>\n","protected":false},"author":2,"featured_media":27093,"comment_status":"closed","ping_status":"closed","sticky":false,"template":"","format":"standard","meta":{"om_disable_all_campaigns":false,"_monsterinsights_skip_tracking":false,"_monsterinsights_sitenote_active":false,"_monsterinsights_sitenote_note":"","_monsterinsights_sitenote_category":0},"categories":[19],"tags":[],"aioseo_notices":[],"gutentor_comment":0,"rttpg_featured_image_url":{"full":["https:\/\/arantv.az\/wp-content\/uploads\/2018\/12\/milli_meclis_0001-2.jpg",482,361,false],"landscape":["https:\/\/arantv.az\/wp-content\/uploads\/2018\/12\/milli_meclis_0001-2.jpg",482,361,false],"portraits":["https:\/\/arantv.az\/wp-content\/uploads\/2018\/12\/milli_meclis_0001-2.jpg",482,361,false],"thumbnail":["https:\/\/arantv.az\/wp-content\/uploads\/2018\/12\/milli_meclis_0001-2-150x150.jpg",150,150,true],"medium":["https:\/\/arantv.az\/wp-content\/uploads\/2018\/12\/milli_meclis_0001-2-300x225.jpg",300,225,true],"large":["https:\/\/arantv.az\/wp-content\/uploads\/2018\/12\/milli_meclis_0001-2.jpg",482,361,false],"1536x1536":["https:\/\/arantv.az\/wp-content\/uploads\/2018\/12\/milli_meclis_0001-2.jpg",482,361,false],"2048x2048":["https:\/\/arantv.az\/wp-content\/uploads\/2018\/12\/milli_meclis_0001-2.jpg",482,361,false],"post-thumbnail":["https:\/\/arantv.az\/wp-content\/uploads\/2018\/12\/milli_meclis_0001-2-240x172.jpg",240,172,true],"advps-thumb-one":["https:\/\/arantv.az\/wp-content\/uploads\/2018\/12\/milli_meclis_0001-2.jpg",482,361,false]},"rttpg_author":{"display_name":"V\u00fcsal Rafiqo\u011flu","author_link":"https:\/\/arantv.az\/?author=2"},"rttpg_comment":0,"rttpg_category":"<a href=\"https:\/\/arantv.az\/?cat=19\" rel=\"category\">G\u00fcnd\u0259m<\/a>","rttpg_excerpt":"Dekabr\u0131n 12-d\u0259 v\u0259 13-d\u0259 Hindistan\u0131n Nyu Dehli \u015f\u0259h\u0259rind\u0259 \u018fhali v\u0259 \u0130nki\u015faf \u00fczr\u0259 Avropa Parlament Forumu ke\u00e7iril\u0259c\u0259k. ARANTV.AZ trend\u00a0-\u0259 istinad\u0259n x\u0259b\u0259r verir ki, t\u0259dbird\u0259 Milli M\u0259clisin deputatlar\u0131 M\u0259lah\u0259t \u0130brahimq\u0131z\u0131 v\u0259 Kamil\u0259 \u018fliyeva i\u015ftirak ed\u0259c\u0259kl\u0259r. \u00dcmumd\u00fcnya S\u0259hiyy\u0259 T\u0259\u015fkilat\u0131n\u0131n Hindistan\u0131n S\u0259hiyy\u0259 v\u0259 Ail\u0259 Rifah\u0131 Nazirliyi il\u0259 birlikd\u0259 t\u0259\u015fkil etdiyi Forumda ana, u\u015faq v\u0259 yeniyetm\u0259l\u0259rin sa\u011flaml\u0131\u011f\u0131n\u0131n qorunmas\u0131, bu sah\u0259d\u0259&hellip;","_links":{"self":[{"href":"https:\/\/arantv.az\/index.php?rest_route=\/wp\/v2\/posts\/27092"}],"collection":[{"href":"https:\/\/arantv.az\/index.php?rest_route=\/wp\/v2\/posts"}],"about":[{"href":"https:\/\/arantv.az\/index.php?rest_route=\/wp\/v2\/types\/post"}],"author":[{"embeddable":true,"href":"https:\/\/arantv.az\/index.php?rest_route=\/wp\/v2\/users\/2"}],"replies":[{"embeddable":true,"href":"https:\/\/arantv.az\/index.php?rest_route=%2Fwp%2Fv2%2Fcomments&post=27092"}],"version-history":[{"count":0,"href":"https:\/\/arantv.az\/index.php?rest_route=\/wp\/v2\/posts\/27092\/revisions"}],"wp:featuredmedia":[{"embeddable":true,"href":"https:\/\/arantv.az\/index.php?rest_route=\/wp\/v2\/media\/27093"}],"wp:attachment":[{"href":"https:\/\/arantv.az\/index.php?rest_route=%2Fwp%2Fv2%2Fmedia&parent=27092"}],"wp:term":[{"taxonomy":"category","embeddable":true,"href":"https:\/\/arantv.az\/index.php?rest_route=%2Fwp%2Fv2%2Fcategories&post=27092"},{"taxonomy":"post_tag","embeddable":true,"href":"https:\/\/arantv.az\/index.php?rest_route=%2Fwp%2Fv2%2Ftags&post=27092"}],"curies":[{"name":"wp","href":"https:\/\/api.w.org\/{rel}","templated":true}]}}