{"id":27099,"date":"2018-12-11T11:23:19","date_gmt":"2018-12-11T08:23:19","guid":{"rendered":"http:\/\/arantv.az\/?p=27099"},"modified":"2018-12-11T11:23:19","modified_gmt":"2018-12-11T08:23:19","slug":"az%c9%99rbaycanin-huquqi-v%c9%99-fiziki-s%c9%99xsl%c9%99rin%c9%99-qrant-ver%c9%99-bil%c9%99n-qurumlarin-sayi-artib-f%c9%99rman","status":"publish","type":"post","link":"https:\/\/arantv.az\/?p=27099","title":{"rendered":"Az\u0259rbaycan\u0131n h\u00fcquqi v\u0259 fiziki \u015f\u0259xsl\u0259rin\u0259 qrant ver\u0259 bil\u0259n qurumlar\u0131n say\u0131 art\u0131b &#8211; F\u018fRMAN"},"content":{"rendered":"<p>Prezident \u0130lham \u018fliyev Az\u0259rbaycan Respublikas\u0131 Prezidentinin 2015-ci il 21 oktyabr tarixli 654 n\u00f6mr\u0259li F\u0259rman\u0131 il\u0259 t\u0259sdiq edilmi\u015f &#8220;Az\u0259rbaycan Respublikas\u0131n\u0131n d\u00f6vl\u0259t b\u00fcdc\u0259sind\u0259n maliyy\u0259l\u0259\u015fdiril\u0259n, f\u0259aliyy\u0259t sah\u0259l\u0259rin\u0259 uy\u011fun olaraq Az\u0259rbaycan Respublikas\u0131n\u0131n h\u00fcquqi v\u0259 fiziki \u015f\u0259xsl\u0259rin\u0259 qrant ver\u0259 bil\u0259n qurumlar\u0131n Siyah\u0131s\u0131&#8221;nda d\u0259yi\u015fiklik edilm\u0259si haqq\u0131nda f\u0259rman imzalay\u0131b.<\/p>\n<p><strong>ARANTV.AZ<\/strong> az\u0259rtac-a istinad\u0259n x\u0259b\u0259r verir ki, f\u0259rmanda deyilir:<\/p>\n<p>&#8220;Az\u0259rbaycan Respublikas\u0131 Konstitusiyas\u0131n\u0131n 109-cu madd\u0259sinin 32-ci b\u0259ndini r\u0259hb\u0259r tutaraq q\u0259rara al\u0131ram:<\/p>\n<p>1. Az\u0259rbaycan Respublikas\u0131 Prezidentinin 2015-ci il 21 oktyabr tarixli 654 n\u00f6mr\u0259li F\u0259rman\u0131 (Az\u0259rbaycan Respublikas\u0131n\u0131n Qanunvericilik Toplusu, 2015, \u2116 10, madd\u0259 1126; 2016, \u2116 12, madd\u0259 2068; 2017, \u2116 8, madd\u0259 1521) il\u0259 t\u0259sdiq edilmi\u015f &#8220;Az\u0259rbaycan Respublikas\u0131n\u0131n d\u00f6vl\u0259t b\u00fcdc\u0259sind\u0259n maliyy\u0259l\u0259\u015fdiril\u0259n, f\u0259aliyy\u0259t sah\u0259l\u0259rin\u0259 uy\u011fun olaraq Az\u0259rbaycan Respublikas\u0131n\u0131n h\u00fcquqi v\u0259 fiziki \u015f\u0259xsl\u0259rin\u0259 qrant ver\u0259 bil\u0259n qurumlar\u0131n Siyah\u0131s\u0131&#8221;na a\u015fa\u011f\u0131dak\u0131 m\u0259zmunda 7-2-ci v\u0259 7-3-c\u00fc hiss\u0259l\u0259r \u0259lav\u0259 edilsin:<\/p>\n<p>&#8220;7-2. Az\u0259rbaycan Respublikas\u0131n\u0131n \u018fm\u0259k v\u0259 \u018fhalinin Sosial M\u00fcdafi\u0259si Nazirliyi<\/p>\n<p>7-3. Az\u0259rbaycan Respublikas\u0131n\u0131n Dini Qurumlarla \u0130\u015f \u00fczr\u0259 D\u00f6vl\u0259t Komit\u0259si&#8221;.<\/p>\n<p>2. Az\u0259rbaycan Respublikas\u0131n\u0131n Nazirl\u0259r Kabineti:<\/p>\n<p>2.1. Az\u0259rbaycan Respublikas\u0131 Prezidentinin aktlar\u0131n\u0131n bu F\u0259rmana uy\u011funla\u015fd\u0131r\u0131lmas\u0131 il\u0259 ba\u011fl\u0131 t\u0259klifl\u0259rini \u00fc\u00e7 ay m\u00fcdd\u0259tind\u0259 haz\u0131rlay\u0131b Az\u0259rbaycan Respublikas\u0131n\u0131n Prezidentin\u0259 t\u0259qdim etsin;<\/p>\n<p>2.2. Az\u0259rbaycan Respublikas\u0131 Nazirl\u0259r Kabinetinin normativ h\u00fcquqi aktlar\u0131n\u0131n bu F\u0259rmana uy\u011funla\u015fd\u0131r\u0131lmas\u0131n\u0131 \u00fc\u00e7 ay m\u00fcdd\u0259tind\u0259 t\u0259min edib Az\u0259rbaycan Respublikas\u0131n\u0131n Prezidentin\u0259 m\u0259lumat versin;<\/p>\n<p>2.3. m\u0259rk\u0259zi icra hakimiyy\u0259ti orqanlar\u0131n\u0131n normativ h\u00fcquqi aktlar\u0131n\u0131n bu F\u0259rmana uy\u011funla\u015fd\u0131r\u0131lmas\u0131n\u0131 n\u0259zar\u0259td\u0259 saxlas\u0131n v\u0259 bunun icras\u0131 bar\u0259d\u0259 be\u015f ay m\u00fcdd\u0259tind\u0259 Az\u0259rbaycan Respublikas\u0131n\u0131n Prezidentin\u0259 m\u0259lumat versin;<\/p>\n<p>2.4. bu F\u0259rmandan ir\u0259li g\u0259l\u0259n dig\u0259r m\u0259s\u0259l\u0259l\u0259ri h\u0259ll etsin.<\/p>\n<p>3. Az\u0259rbaycan Respublikas\u0131n\u0131n \u018fdliyy\u0259 Nazirliyi m\u0259rk\u0259zi icra hakimiyy\u0259ti orqanlar\u0131n\u0131n normativ h\u00fcquqi aktlar\u0131n\u0131n v\u0259 normativ xarakterli aktlar\u0131n bu F\u0259rmana uy\u011funla\u015fd\u0131r\u0131lmas\u0131n\u0131 t\u0259min edib Az\u0259rbaycan Respublikas\u0131n\u0131n Nazirl\u0259r Kabinetin\u0259 m\u0259lumat versin&#8221;.<\/p>\n","protected":false},"excerpt":{"rendered":"<p>Prezident \u0130lham \u018fliyev Az\u0259rbaycan Respublikas\u0131 Prezidentinin 2015-ci il 21 oktyabr tarixli 654 n\u00f6mr\u0259li F\u0259rman\u0131 il\u0259 t\u0259sdiq edilmi\u015f &#8220;Az\u0259rbaycan Respublikas\u0131n\u0131n d\u00f6vl\u0259t b\u00fcdc\u0259sind\u0259n maliyy\u0259l\u0259\u015fdiril\u0259n, f\u0259aliyy\u0259t sah\u0259l\u0259rin\u0259 uy\u011fun olaraq Az\u0259rbaycan Respublikas\u0131n\u0131n h\u00fcquqi v\u0259 fiziki \u015f\u0259xsl\u0259rin\u0259 qrant ver\u0259 bil\u0259n qurumlar\u0131n Siyah\u0131s\u0131&#8221;nda d\u0259yi\u015fiklik edilm\u0259si haqq\u0131nda f\u0259rman imzalay\u0131b. ARANTV.AZ az\u0259rtac-a istinad\u0259n x\u0259b\u0259r verir ki, f\u0259rmanda deyilir: &#8220;Az\u0259rbaycan Respublikas\u0131 Konstitusiyas\u0131n\u0131n 109-cu madd\u0259sinin 32-ci b\u0259ndini r\u0259hb\u0259r tutaraq q\u0259rara al\u0131ram: 1. Az\u0259rbaycan Respublikas\u0131 Prezidentinin 2015-ci il 21 oktyabr tarixli 654 n\u00f6mr\u0259li F\u0259rman\u0131 (Az\u0259rbaycan Respublikas\u0131n\u0131n Qanunvericilik Toplusu, 2015, \u2116 10, madd\u0259 1126; 2016, \u2116 12, madd\u0259 2068; 2017, \u2116 8,&hellip;<\/p>\n","protected":false},"author":2,"featured_media":27100,"comment_status":"closed","ping_status":"closed","sticky":false,"template":"","format":"standard","meta":{"om_disable_all_campaigns":false,"_monsterinsights_skip_tracking":false,"_monsterinsights_sitenote_active":false,"_monsterinsights_sitenote_note":"","_monsterinsights_sitenote_category":0},"categories":[8],"tags":[],"aioseo_notices":[],"gutentor_comment":0,"rttpg_featured_image_url":{"full":["https:\/\/arantv.az\/wp-content\/uploads\/2018\/12\/2018_ilham_aliyev_01.jpg",1200,900,false],"landscape":["https:\/\/arantv.az\/wp-content\/uploads\/2018\/12\/2018_ilham_aliyev_01.jpg",1200,900,false],"portraits":["https:\/\/arantv.az\/wp-content\/uploads\/2018\/12\/2018_ilham_aliyev_01.jpg",1200,900,false],"thumbnail":["https:\/\/arantv.az\/wp-content\/uploads\/2018\/12\/2018_ilham_aliyev_01-150x150.jpg",150,150,true],"medium":["https:\/\/arantv.az\/wp-content\/uploads\/2018\/12\/2018_ilham_aliyev_01-300x225.jpg",300,225,true],"large":["https:\/\/arantv.az\/wp-content\/uploads\/2018\/12\/2018_ilham_aliyev_01-1024x768.jpg",640,480,true],"1536x1536":["https:\/\/arantv.az\/wp-content\/uploads\/2018\/12\/2018_ilham_aliyev_01.jpg",1200,900,false],"2048x2048":["https:\/\/arantv.az\/wp-content\/uploads\/2018\/12\/2018_ilham_aliyev_01.jpg",1200,900,false],"post-thumbnail":["https:\/\/arantv.az\/wp-content\/uploads\/2018\/12\/2018_ilham_aliyev_01-240x172.jpg",240,172,true],"advps-thumb-one":["https:\/\/arantv.az\/wp-content\/uploads\/2018\/12\/2018_ilham_aliyev_01-1200x620.jpg",1200,620,true]},"rttpg_author":{"display_name":"V\u00fcsal Rafiqo\u011flu","author_link":"https:\/\/arantv.az\/?author=2"},"rttpg_comment":0,"rttpg_category":"<a href=\"https:\/\/arantv.az\/?cat=8\" rel=\"category\">\u018fsas s\u0259hif\u0259<\/a>","rttpg_excerpt":"Prezident \u0130lham \u018fliyev Az\u0259rbaycan Respublikas\u0131 Prezidentinin 2015-ci il 21 oktyabr tarixli 654 n\u00f6mr\u0259li F\u0259rman\u0131 il\u0259 t\u0259sdiq edilmi\u015f &#8220;Az\u0259rbaycan Respublikas\u0131n\u0131n d\u00f6vl\u0259t b\u00fcdc\u0259sind\u0259n maliyy\u0259l\u0259\u015fdiril\u0259n, f\u0259aliyy\u0259t sah\u0259l\u0259rin\u0259 uy\u011fun olaraq Az\u0259rbaycan Respublikas\u0131n\u0131n h\u00fcquqi v\u0259 fiziki \u015f\u0259xsl\u0259rin\u0259 qrant ver\u0259 bil\u0259n qurumlar\u0131n Siyah\u0131s\u0131&#8221;nda d\u0259yi\u015fiklik edilm\u0259si haqq\u0131nda f\u0259rman imzalay\u0131b. ARANTV.AZ az\u0259rtac-a istinad\u0259n x\u0259b\u0259r verir ki, f\u0259rmanda deyilir: &#8220;Az\u0259rbaycan Respublikas\u0131 Konstitusiyas\u0131n\u0131n 109-cu madd\u0259sinin&hellip;","_links":{"self":[{"href":"https:\/\/arantv.az\/index.php?rest_route=\/wp\/v2\/posts\/27099"}],"collection":[{"href":"https:\/\/arantv.az\/index.php?rest_route=\/wp\/v2\/posts"}],"about":[{"href":"https:\/\/arantv.az\/index.php?rest_route=\/wp\/v2\/types\/post"}],"author":[{"embeddable":true,"href":"https:\/\/arantv.az\/index.php?rest_route=\/wp\/v2\/users\/2"}],"replies":[{"embeddable":true,"href":"https:\/\/arantv.az\/index.php?rest_route=%2Fwp%2Fv2%2Fcomments&post=27099"}],"version-history":[{"count":0,"href":"https:\/\/arantv.az\/index.php?rest_route=\/wp\/v2\/posts\/27099\/revisions"}],"wp:featuredmedia":[{"embeddable":true,"href":"https:\/\/arantv.az\/index.php?rest_route=\/wp\/v2\/media\/27100"}],"wp:attachment":[{"href":"https:\/\/arantv.az\/index.php?rest_route=%2Fwp%2Fv2%2Fmedia&parent=27099"}],"wp:term":[{"taxonomy":"category","embeddable":true,"href":"https:\/\/arantv.az\/index.php?rest_route=%2Fwp%2Fv2%2Fcategories&post=27099"},{"taxonomy":"post_tag","embeddable":true,"href":"https:\/\/arantv.az\/index.php?rest_route=%2Fwp%2Fv2%2Ftags&post=27099"}],"curies":[{"name":"wp","href":"https:\/\/api.w.org\/{rel}","templated":true}]}}