{"id":27112,"date":"2018-12-11T13:11:11","date_gmt":"2018-12-11T10:11:11","guid":{"rendered":"http:\/\/arantv.az\/?p=27112"},"modified":"2018-12-11T13:11:11","modified_gmt":"2018-12-11T10:11:11","slug":"turkiy%c9%99-yeni-h%c9%99rbi-d%c9%99niz-bazasi-yaradir","status":"publish","type":"post","link":"https:\/\/arantv.az\/?p=27112","title":{"rendered":"T\u00fcrkiy\u0259 yeni h\u0259rbi d\u0259niz bazas\u0131 yarad\u0131r"},"content":{"rendered":"<p>T\u00fcrkiy\u0259\u00a0M\u00fcdafi\u0259 Nazirliyi\u00a0Trabzonun Qara d\u0259niz sahilind\u0259 yeni h\u0259rbi d\u0259niz bazas\u0131n\u0131n in\u015fas\u0131na ba\u015flay\u0131b.<\/p>\n<p><strong>ARANTV.AZ\u00a0<\/strong>\u00a0x\u0259b\u0259r verir ki, bu haqda T\u00fcrkiy\u0259nin NTV telekanal\u0131 h\u0259rbi m\u0259nb\u0259l\u0259r\u0259 istinad\u0259n m\u0259lumat yay\u0131b.<\/p>\n<p>\u0130n\u015fa olunacaq baza T\u00fcrkiy\u0259 h\u0259rbi d\u0259niz q\u00fcvv\u0259l\u0259rinin sayca doqquzuncu bazas\u0131 olacaq. Haz\u0131rda T\u00fcrkiy\u0259nin Aral\u0131q d\u0259nizind\u0259 Mersin v\u0259 \u0130sk\u0259nd\u0259run, Egey d\u0259nizind\u0259 Akzas v\u0259 Fo\u00e7, M\u0259rm\u0259r\u0259 d\u0259nizind\u0259 G\u00f6lc\u00fck, Qara d\u0259nizd\u0259 Ereqli, h\u0259m\u00e7inin Bosfor v\u0259 Dardanel bo\u011fazlar\u0131n\u0131n sular\u0131nda (\u0130stanbulda v\u0259 \u00c7anaqqalada) h\u0259rbi d\u0259niz bazalar\u0131 f\u0259aliyy\u0259t g\u00f6st\u0259rir.<\/p>\n<div id=\"AdributorNativeVideo0\" class=\"AdributorNativeVideo\"><\/div>\n<p>Yeni sal\u0131nacaq bazada 400 h\u0259rb\u00e7i v\u0259 200 m\u00fclki m\u00fct\u0259x\u0259ssisin xidm\u0259t ed\u0259c\u0259yi bildirilir.<\/p>\n<p>oxu.az<\/p>\n","protected":false},"excerpt":{"rendered":"<p>T\u00fcrkiy\u0259\u00a0M\u00fcdafi\u0259 Nazirliyi\u00a0Trabzonun Qara d\u0259niz sahilind\u0259 yeni h\u0259rbi d\u0259niz bazas\u0131n\u0131n in\u015fas\u0131na ba\u015flay\u0131b. ARANTV.AZ\u00a0\u00a0x\u0259b\u0259r verir ki, bu haqda T\u00fcrkiy\u0259nin NTV telekanal\u0131 h\u0259rbi m\u0259nb\u0259l\u0259r\u0259 istinad\u0259n m\u0259lumat yay\u0131b. \u0130n\u015fa olunacaq baza T\u00fcrkiy\u0259 h\u0259rbi d\u0259niz q\u00fcvv\u0259l\u0259rinin sayca doqquzuncu bazas\u0131 olacaq. Haz\u0131rda T\u00fcrkiy\u0259nin Aral\u0131q d\u0259nizind\u0259 Mersin v\u0259 \u0130sk\u0259nd\u0259run, Egey d\u0259nizind\u0259 Akzas v\u0259 Fo\u00e7, M\u0259rm\u0259r\u0259 d\u0259nizind\u0259 G\u00f6lc\u00fck, Qara d\u0259nizd\u0259 Ereqli, h\u0259m\u00e7inin Bosfor v\u0259 Dardanel bo\u011fazlar\u0131n\u0131n sular\u0131nda (\u0130stanbulda v\u0259 \u00c7anaqqalada) h\u0259rbi d\u0259niz bazalar\u0131 f\u0259aliyy\u0259t g\u00f6st\u0259rir. Yeni sal\u0131nacaq bazada 400 h\u0259rb\u00e7i v\u0259 200 m\u00fclki m\u00fct\u0259x\u0259ssisin xidm\u0259t ed\u0259c\u0259yi bildirilir. oxu.az<\/p>\n","protected":false},"author":2,"featured_media":27113,"comment_status":"closed","ping_status":"closed","sticky":false,"template":"","format":"standard","meta":{"om_disable_all_campaigns":false,"_monsterinsights_skip_tracking":false,"_monsterinsights_sitenote_active":false,"_monsterinsights_sitenote_note":"","_monsterinsights_sitenote_category":0},"categories":[7],"tags":[],"aioseo_notices":[],"gutentor_comment":0,"rttpg_featured_image_url":{"full":["https:\/\/arantv.az\/wp-content\/uploads\/2018\/12\/1490905059_0_0_960_720_1440x900_80_0_1_ab5b2996d90dfef92466d4eedc9c7401.jpg",620,465,false],"landscape":["https:\/\/arantv.az\/wp-content\/uploads\/2018\/12\/1490905059_0_0_960_720_1440x900_80_0_1_ab5b2996d90dfef92466d4eedc9c7401.jpg",620,465,false],"portraits":["https:\/\/arantv.az\/wp-content\/uploads\/2018\/12\/1490905059_0_0_960_720_1440x900_80_0_1_ab5b2996d90dfef92466d4eedc9c7401.jpg",620,465,false],"thumbnail":["https:\/\/arantv.az\/wp-content\/uploads\/2018\/12\/1490905059_0_0_960_720_1440x900_80_0_1_ab5b2996d90dfef92466d4eedc9c7401-150x150.jpg",150,150,true],"medium":["https:\/\/arantv.az\/wp-content\/uploads\/2018\/12\/1490905059_0_0_960_720_1440x900_80_0_1_ab5b2996d90dfef92466d4eedc9c7401-300x225.jpg",300,225,true],"large":["https:\/\/arantv.az\/wp-content\/uploads\/2018\/12\/1490905059_0_0_960_720_1440x900_80_0_1_ab5b2996d90dfef92466d4eedc9c7401.jpg",620,465,false],"1536x1536":["https:\/\/arantv.az\/wp-content\/uploads\/2018\/12\/1490905059_0_0_960_720_1440x900_80_0_1_ab5b2996d90dfef92466d4eedc9c7401.jpg",620,465,false],"2048x2048":["https:\/\/arantv.az\/wp-content\/uploads\/2018\/12\/1490905059_0_0_960_720_1440x900_80_0_1_ab5b2996d90dfef92466d4eedc9c7401.jpg",620,465,false],"post-thumbnail":["https:\/\/arantv.az\/wp-content\/uploads\/2018\/12\/1490905059_0_0_960_720_1440x900_80_0_1_ab5b2996d90dfef92466d4eedc9c7401-240x172.jpg",240,172,true],"advps-thumb-one":["https:\/\/arantv.az\/wp-content\/uploads\/2018\/12\/1490905059_0_0_960_720_1440x900_80_0_1_ab5b2996d90dfef92466d4eedc9c7401.jpg",620,465,false]},"rttpg_author":{"display_name":"V\u00fcsal Rafiqo\u011flu","author_link":"https:\/\/arantv.az\/?author=2"},"rttpg_comment":0,"rttpg_category":"<a href=\"https:\/\/arantv.az\/?cat=7\" rel=\"category\">D\u00fcnya<\/a>","rttpg_excerpt":"T\u00fcrkiy\u0259\u00a0M\u00fcdafi\u0259 Nazirliyi\u00a0Trabzonun Qara d\u0259niz sahilind\u0259 yeni h\u0259rbi d\u0259niz bazas\u0131n\u0131n in\u015fas\u0131na ba\u015flay\u0131b. ARANTV.AZ\u00a0\u00a0x\u0259b\u0259r verir ki, bu haqda T\u00fcrkiy\u0259nin NTV telekanal\u0131 h\u0259rbi m\u0259nb\u0259l\u0259r\u0259 istinad\u0259n m\u0259lumat yay\u0131b. \u0130n\u015fa olunacaq baza T\u00fcrkiy\u0259 h\u0259rbi d\u0259niz q\u00fcvv\u0259l\u0259rinin sayca doqquzuncu bazas\u0131 olacaq. Haz\u0131rda T\u00fcrkiy\u0259nin Aral\u0131q d\u0259nizind\u0259 Mersin v\u0259 \u0130sk\u0259nd\u0259run, Egey d\u0259nizind\u0259 Akzas v\u0259 Fo\u00e7, M\u0259rm\u0259r\u0259 d\u0259nizind\u0259 G\u00f6lc\u00fck, Qara d\u0259nizd\u0259 Ereqli, h\u0259m\u00e7inin Bosfor&hellip;","_links":{"self":[{"href":"https:\/\/arantv.az\/index.php?rest_route=\/wp\/v2\/posts\/27112"}],"collection":[{"href":"https:\/\/arantv.az\/index.php?rest_route=\/wp\/v2\/posts"}],"about":[{"href":"https:\/\/arantv.az\/index.php?rest_route=\/wp\/v2\/types\/post"}],"author":[{"embeddable":true,"href":"https:\/\/arantv.az\/index.php?rest_route=\/wp\/v2\/users\/2"}],"replies":[{"embeddable":true,"href":"https:\/\/arantv.az\/index.php?rest_route=%2Fwp%2Fv2%2Fcomments&post=27112"}],"version-history":[{"count":0,"href":"https:\/\/arantv.az\/index.php?rest_route=\/wp\/v2\/posts\/27112\/revisions"}],"wp:featuredmedia":[{"embeddable":true,"href":"https:\/\/arantv.az\/index.php?rest_route=\/wp\/v2\/media\/27113"}],"wp:attachment":[{"href":"https:\/\/arantv.az\/index.php?rest_route=%2Fwp%2Fv2%2Fmedia&parent=27112"}],"wp:term":[{"taxonomy":"category","embeddable":true,"href":"https:\/\/arantv.az\/index.php?rest_route=%2Fwp%2Fv2%2Fcategories&post=27112"},{"taxonomy":"post_tag","embeddable":true,"href":"https:\/\/arantv.az\/index.php?rest_route=%2Fwp%2Fv2%2Ftags&post=27112"}],"curies":[{"name":"wp","href":"https:\/\/api.w.org\/{rel}","templated":true}]}}