{"id":27115,"date":"2018-12-11T13:17:49","date_gmt":"2018-12-11T10:17:49","guid":{"rendered":"http:\/\/arantv.az\/?p=27115"},"modified":"2018-12-11T13:17:49","modified_gmt":"2018-12-11T10:17:49","slug":"dovl%c9%99t-t%c9%99hluk%c9%99sizlik-xidm%c9%99tinin-s%c9%99xsi-hey%c9%99ti-ulu-ond%c9%99r-heyd%c9%99r-%c9%99liyevin-xatir%c9%99sini-yad-edib","status":"publish","type":"post","link":"https:\/\/arantv.az\/?p=27115","title":{"rendered":"D\u00f6vl\u0259t T\u0259hl\u00fck\u0259sizlik Xidm\u0259tinin \u015f\u0259xsi hey\u0259ti ulu \u00f6nd\u0259r Heyd\u0259r \u018fliyevin xatir\u0259sini yad edib"},"content":{"rendered":"<p><span lang=\"EN-US\"><strong>ARANTV.AZ<\/strong> x\u0259b\u0259r verir ki, DTX-nin \u015f\u0259xsi hey\u0259ti ulu \u00f6nd\u0259r Heyd\u0259r \u018fliyevin an\u0131m g\u00fcn\u00fc il\u0259 ba\u011fl\u0131 F\u0259xri xiyabana g\u0259ldi. DTX-nin r\u0259isi general-polkovnik M\u0259d\u0259t Quliyev<\/span><span lang=\"AZ-LATIN\">,\u00a0<\/span><span lang=\"EN-US\">Xidm\u0259tin \u0259m\u0259kda\u015flar\u0131, t\u0259hl\u00fck\u0259sizlik orqanlar\u0131n\u0131n veteranlar\u0131, DTX-nin N sayl\u0131 h\u0259rbi hiss\u0259sinin zabit v\u0259 \u0259sg\u0259rl\u0259ri F\u0259xri xiyabanda Ulu \u00d6nd\u0259rin m\u0259zar\u0131 \u00f6n\u00fcn\u0259 \u0259klil qoydular, xatir\u0259sin\u0259 ehtiramlar\u0131n\u0131 bildirdil\u0259r.<\/span><\/p>\n<p><span lang=\"EN-US\">G\u00f6rk\u0259mli oftalmoloq-alim, akademik Z\u0259rif\u0259 \u018fliyevan\u0131n da xatir\u0259si yad olundu.<\/span><\/p>\n<p><span lang=\"EN-US\">\u00dcmummilli lider Heyd\u0259r \u018fliyevin Az\u0259rbaycan t\u0259hl\u00fck\u0259sizlik orqanlar\u0131n\u0131n inki\u015faf\u0131nda da m\u00fch\u00fcm xidm\u0259tl\u0259ri var. H\u0259l\u0259 sovet d\u00f6vr\u00fcnd\u0259 bu xidm\u0259td\u0259 millil\u0259\u015fm\u0259 siyas\u0259tinin apar\u0131lmas\u0131nda dahi \u015f\u0259xsiyy\u0259tin rolu b\u00f6y\u00fckd\u00fcr. Ulu \u00d6nd\u0259rin \u0259sas\u0131n\u0131 qoydu\u011fu \u015fanl\u0131 m\u0259kt\u0259bin \u0259n\u0259n\u0259l\u0259rini q\u00fcrur v\u0259 \u015f\u0259r\u0259fl\u0259 ya\u015fadan DTX-nin \u015f\u0259xsi hey\u0259ti m\u00fcst\u0259qilliyimizin v\u0259 d\u00f6vl\u0259t\u00e7iliyimizin etibarl\u0131 qorunmas\u0131 i\u015fini \u0259zml\u0259 davam etdirir v\u0259 Xidm\u0259tin h\u0259r bir \u0259m\u0259kda\u015f\u0131 bununla f\u0259xr edir. Bu g\u00fcn xalq\u0131m\u0131z q\u0259tiyy\u0259tl\u0259 \u0259mindir ki, Heyd\u0259r \u018fliyev kursunun layiqli davam\u00e7\u0131s\u0131 Prezident \u0130lham \u018fliyevin r\u0259hb\u0259rliyi il\u0259 g\u0259l\u0259c\u0259y\u0259 daha da inamla add\u0131mlayan \u00f6lk\u0259miz yeni-yeni u\u011furlara imza atacaq v\u0259 Az\u0259rbaycan \u0259sg\u0259ri qar\u015f\u0131s\u0131na qoyulan ist\u0259nil\u0259n tap\u015f\u0131r\u0131\u011f\u0131 y\u00fcks\u0259k s\u0259viyy\u0259d\u0259 yerin\u0259 yetirm\u0259y\u0259 qadirdir.<\/span><\/p>\n","protected":false},"excerpt":{"rendered":"<p>ARANTV.AZ x\u0259b\u0259r verir ki, DTX-nin \u015f\u0259xsi hey\u0259ti ulu \u00f6nd\u0259r Heyd\u0259r \u018fliyevin an\u0131m g\u00fcn\u00fc il\u0259 ba\u011fl\u0131 F\u0259xri xiyabana g\u0259ldi. DTX-nin r\u0259isi general-polkovnik M\u0259d\u0259t Quliyev,\u00a0Xidm\u0259tin \u0259m\u0259kda\u015flar\u0131, t\u0259hl\u00fck\u0259sizlik orqanlar\u0131n\u0131n veteranlar\u0131, DTX-nin N sayl\u0131 h\u0259rbi hiss\u0259sinin zabit v\u0259 \u0259sg\u0259rl\u0259ri F\u0259xri xiyabanda Ulu \u00d6nd\u0259rin m\u0259zar\u0131 \u00f6n\u00fcn\u0259 \u0259klil qoydular, xatir\u0259sin\u0259 ehtiramlar\u0131n\u0131 bildirdil\u0259r. G\u00f6rk\u0259mli oftalmoloq-alim, akademik Z\u0259rif\u0259 \u018fliyevan\u0131n da xatir\u0259si yad olundu. \u00dcmummilli lider Heyd\u0259r \u018fliyevin Az\u0259rbaycan t\u0259hl\u00fck\u0259sizlik orqanlar\u0131n\u0131n inki\u015faf\u0131nda da m\u00fch\u00fcm xidm\u0259tl\u0259ri var. H\u0259l\u0259 sovet d\u00f6vr\u00fcnd\u0259 bu xidm\u0259td\u0259 millil\u0259\u015fm\u0259 siyas\u0259tinin apar\u0131lmas\u0131nda dahi \u015f\u0259xsiyy\u0259tin rolu b\u00f6y\u00fckd\u00fcr. Ulu \u00d6nd\u0259rin \u0259sas\u0131n\u0131 qoydu\u011fu \u015fanl\u0131 m\u0259kt\u0259bin \u0259n\u0259n\u0259l\u0259rini q\u00fcrur v\u0259 \u015f\u0259r\u0259fl\u0259 ya\u015fadan&hellip;<\/p>\n","protected":false},"author":2,"featured_media":27116,"comment_status":"closed","ping_status":"closed","sticky":false,"template":"","format":"standard","meta":{"om_disable_all_campaigns":false,"_monsterinsights_skip_tracking":false,"_monsterinsights_sitenote_active":false,"_monsterinsights_sitenote_note":"","_monsterinsights_sitenote_category":0},"categories":[4],"tags":[],"aioseo_notices":[],"gutentor_comment":0,"rttpg_featured_image_url":{"full":["https:\/\/arantv.az\/wp-content\/uploads\/2018\/12\/o1p2vpirm7v4b2igpd97nfn8v2fx.jpg",800,600,false],"landscape":["https:\/\/arantv.az\/wp-content\/uploads\/2018\/12\/o1p2vpirm7v4b2igpd97nfn8v2fx.jpg",800,600,false],"portraits":["https:\/\/arantv.az\/wp-content\/uploads\/2018\/12\/o1p2vpirm7v4b2igpd97nfn8v2fx.jpg",800,600,false],"thumbnail":["https:\/\/arantv.az\/wp-content\/uploads\/2018\/12\/o1p2vpirm7v4b2igpd97nfn8v2fx-150x150.jpg",150,150,true],"medium":["https:\/\/arantv.az\/wp-content\/uploads\/2018\/12\/o1p2vpirm7v4b2igpd97nfn8v2fx-300x225.jpg",300,225,true],"large":["https:\/\/arantv.az\/wp-content\/uploads\/2018\/12\/o1p2vpirm7v4b2igpd97nfn8v2fx.jpg",640,480,false],"1536x1536":["https:\/\/arantv.az\/wp-content\/uploads\/2018\/12\/o1p2vpirm7v4b2igpd97nfn8v2fx.jpg",800,600,false],"2048x2048":["https:\/\/arantv.az\/wp-content\/uploads\/2018\/12\/o1p2vpirm7v4b2igpd97nfn8v2fx.jpg",800,600,false],"post-thumbnail":["https:\/\/arantv.az\/wp-content\/uploads\/2018\/12\/o1p2vpirm7v4b2igpd97nfn8v2fx-240x172.jpg",240,172,true],"advps-thumb-one":["https:\/\/arantv.az\/wp-content\/uploads\/2018\/12\/o1p2vpirm7v4b2igpd97nfn8v2fx.jpg",800,600,false]},"rttpg_author":{"display_name":"V\u00fcsal Rafiqo\u011flu","author_link":"https:\/\/arantv.az\/?author=2"},"rttpg_comment":0,"rttpg_category":"<a href=\"https:\/\/arantv.az\/?cat=4\" rel=\"category\">Siyas\u0259t<\/a>","rttpg_excerpt":"ARANTV.AZ x\u0259b\u0259r verir ki, DTX-nin \u015f\u0259xsi hey\u0259ti ulu \u00f6nd\u0259r Heyd\u0259r \u018fliyevin an\u0131m g\u00fcn\u00fc il\u0259 ba\u011fl\u0131 F\u0259xri xiyabana g\u0259ldi. DTX-nin r\u0259isi general-polkovnik M\u0259d\u0259t Quliyev,\u00a0Xidm\u0259tin \u0259m\u0259kda\u015flar\u0131, t\u0259hl\u00fck\u0259sizlik orqanlar\u0131n\u0131n veteranlar\u0131, DTX-nin N sayl\u0131 h\u0259rbi hiss\u0259sinin zabit v\u0259 \u0259sg\u0259rl\u0259ri F\u0259xri xiyabanda Ulu \u00d6nd\u0259rin m\u0259zar\u0131 \u00f6n\u00fcn\u0259 \u0259klil qoydular, xatir\u0259sin\u0259 ehtiramlar\u0131n\u0131 bildirdil\u0259r. G\u00f6rk\u0259mli oftalmoloq-alim, akademik Z\u0259rif\u0259 \u018fliyevan\u0131n da xatir\u0259si yad olundu.&hellip;","_links":{"self":[{"href":"https:\/\/arantv.az\/index.php?rest_route=\/wp\/v2\/posts\/27115"}],"collection":[{"href":"https:\/\/arantv.az\/index.php?rest_route=\/wp\/v2\/posts"}],"about":[{"href":"https:\/\/arantv.az\/index.php?rest_route=\/wp\/v2\/types\/post"}],"author":[{"embeddable":true,"href":"https:\/\/arantv.az\/index.php?rest_route=\/wp\/v2\/users\/2"}],"replies":[{"embeddable":true,"href":"https:\/\/arantv.az\/index.php?rest_route=%2Fwp%2Fv2%2Fcomments&post=27115"}],"version-history":[{"count":0,"href":"https:\/\/arantv.az\/index.php?rest_route=\/wp\/v2\/posts\/27115\/revisions"}],"wp:featuredmedia":[{"embeddable":true,"href":"https:\/\/arantv.az\/index.php?rest_route=\/wp\/v2\/media\/27116"}],"wp:attachment":[{"href":"https:\/\/arantv.az\/index.php?rest_route=%2Fwp%2Fv2%2Fmedia&parent=27115"}],"wp:term":[{"taxonomy":"category","embeddable":true,"href":"https:\/\/arantv.az\/index.php?rest_route=%2Fwp%2Fv2%2Fcategories&post=27115"},{"taxonomy":"post_tag","embeddable":true,"href":"https:\/\/arantv.az\/index.php?rest_route=%2Fwp%2Fv2%2Ftags&post=27115"}],"curies":[{"name":"wp","href":"https:\/\/api.w.org\/{rel}","templated":true}]}}