{"id":27118,"date":"2018-12-11T13:19:44","date_gmt":"2018-12-11T10:19:44","guid":{"rendered":"http:\/\/arantv.az\/?p=27118"},"modified":"2018-12-11T13:19:44","modified_gmt":"2018-12-11T10:19:44","slug":"nazirl%c9%99r-kabinetind%c9%99-%c9%99halinin-siyahiyaalinmasina-yardim-uzr%c9%99-m%c9%99rk%c9%99zi-komissiyanin-iclasi-kecirilib","status":"publish","type":"post","link":"https:\/\/arantv.az\/?p=27118","title":{"rendered":"Nazirl\u0259r Kabinetind\u0259 \u018fhalinin Siyah\u0131yaal\u0131nmas\u0131na Yard\u0131m \u00fczr\u0259 M\u0259rk\u0259zi Komissiyan\u0131n iclas\u0131 ke\u00e7irilib"},"content":{"rendered":"<p><strong>ARANTV.AZ<\/strong> x\u0259b\u0259r verir ki, Nazirl\u0259r Kabinetind\u0259 \u018fhalinin Siyah\u0131yaal\u0131nmas\u0131na Yard\u0131m \u00fczr\u0259 M\u0259rk\u0259zi Komissiyan\u0131n iclas\u0131 ke\u00e7irilib. H\u0259r 10 ild\u0259n bir ba\u015f tutan \u0259halinin siyah\u0131ya al\u0131nmas\u0131 n\u00f6vb\u0259ti d\u0259f\u0259 2019-cu ilin oktyabr\u0131nda t\u0259\u015fkil olunacaq. Proses\u0259 43 min insan\u0131n c\u0259lb olunub.<\/p>\n<p>\u018fhalinin siyah\u0131ya al\u0131nmas\u0131 Prezident \u0130lham \u018fliyevin 2016-c\u0131 ild\u0259 imzalad\u0131\u011f\u0131\u00a0 \u201c2019-cu ild\u0259 Az\u0259rbaycan Respublikas\u0131nda \u0259halinin siyah\u0131ya al\u0131nmas\u0131n\u0131n ke\u00e7irilm\u0259si haqq\u0131nda f\u0259rman\u0131na\u201d uy\u011fun apar\u0131l\u0131r. Ba\u015f nazirin m\u00fcavini, \u018fhalinin Siyah\u0131yaal\u0131nmas\u0131na Yard\u0131m \u00fczr\u0259 M\u0259rk\u0259zi Komissiyan\u0131n s\u0259dri \u018fli H\u0259s\u0259nov bildirdi ki, iclas\u0131n \u0259sas m\u0259qs\u0259di siyah\u0131yaalma prosesini ciddi m\u00fczakir\u0259 etm\u0259k v\u0259 prosesi s\u00fcr\u0259tl\u0259ndirm\u0259kd\u0259n ibar\u0259tdir. H\u0259r 10 ild\u0259n bir ba\u015f tutan \u0259halinin siyah\u0131ya al\u0131nmas\u0131 n\u00f6vb\u0259ti d\u0259f\u0259 2019-cu ilin oktyabr\u0131nda ke\u00e7iril\u0259c\u0259k. Proses\u0259 43 min insan\u0131n c\u0259lb olundu\u011funu dey\u0259n Ba\u015f nazirin m\u00fcavini qeyd etdi ki, sor\u011fu v\u0259r\u0259q\u0259l\u0259ri art\u0131q haz\u0131rd\u0131r. 28 b\u0259ndd\u0259n ibar\u0259t sor\u011fuda 180 g\u00f6st\u0259rici yer al\u0131b. \u0130clasda vur\u011fuland\u0131 ki, bu prosesin geni\u015f v\u0259 t\u0259fsilat\u0131 il\u0259 \u0259haliy\u0259 \u00e7atd\u0131r\u0131lmas\u0131 \u00fc\u00e7\u00fcn K\u0130V-l\u0259rin \u00f6hd\u0259sin\u0259 b\u00f6y\u00fck m\u0259suliyy\u0259t d\u00fc\u015f\u00fcr. D\u00f6vl\u0259t Statistika Komit\u0259sinin s\u0259dri Tahir Budaqov da haz\u0131rl\u0131q prosesi il\u0259 ba\u011fl\u0131 \u0259trafl\u0131 m\u0259lumat verdi. Sonra maraq do\u011furan m\u0259s\u0259l\u0259l\u0259r t\u0259hlil edildi.<\/p>\n","protected":false},"excerpt":{"rendered":"<p>ARANTV.AZ x\u0259b\u0259r verir ki, Nazirl\u0259r Kabinetind\u0259 \u018fhalinin Siyah\u0131yaal\u0131nmas\u0131na Yard\u0131m \u00fczr\u0259 M\u0259rk\u0259zi Komissiyan\u0131n iclas\u0131 ke\u00e7irilib. H\u0259r 10 ild\u0259n bir ba\u015f tutan \u0259halinin siyah\u0131ya al\u0131nmas\u0131 n\u00f6vb\u0259ti d\u0259f\u0259 2019-cu ilin oktyabr\u0131nda t\u0259\u015fkil olunacaq. Proses\u0259 43 min insan\u0131n c\u0259lb olunub. \u018fhalinin siyah\u0131ya al\u0131nmas\u0131 Prezident \u0130lham \u018fliyevin 2016-c\u0131 ild\u0259 imzalad\u0131\u011f\u0131\u00a0 \u201c2019-cu ild\u0259 Az\u0259rbaycan Respublikas\u0131nda \u0259halinin siyah\u0131ya al\u0131nmas\u0131n\u0131n ke\u00e7irilm\u0259si haqq\u0131nda f\u0259rman\u0131na\u201d uy\u011fun apar\u0131l\u0131r. Ba\u015f nazirin m\u00fcavini, \u018fhalinin Siyah\u0131yaal\u0131nmas\u0131na Yard\u0131m \u00fczr\u0259 M\u0259rk\u0259zi Komissiyan\u0131n s\u0259dri \u018fli H\u0259s\u0259nov bildirdi ki, iclas\u0131n \u0259sas m\u0259qs\u0259di siyah\u0131yaalma prosesini ciddi m\u00fczakir\u0259 etm\u0259k v\u0259 prosesi s\u00fcr\u0259tl\u0259ndirm\u0259kd\u0259n ibar\u0259tdir. H\u0259r 10 ild\u0259n bir ba\u015f tutan \u0259halinin&hellip;<\/p>\n","protected":false},"author":2,"featured_media":27119,"comment_status":"closed","ping_status":"closed","sticky":false,"template":"","format":"standard","meta":{"om_disable_all_campaigns":false,"_monsterinsights_skip_tracking":false,"_monsterinsights_sitenote_active":false,"_monsterinsights_sitenote_note":"","_monsterinsights_sitenote_category":0},"categories":[1],"tags":[],"aioseo_notices":[],"gutentor_comment":0,"rttpg_featured_image_url":{"full":["https:\/\/arantv.az\/wp-content\/uploads\/2018\/12\/o1p2vpirm7v4b2igpd97nfn8v2naz.jpg",1000,627,false],"landscape":["https:\/\/arantv.az\/wp-content\/uploads\/2018\/12\/o1p2vpirm7v4b2igpd97nfn8v2naz.jpg",1000,627,false],"portraits":["https:\/\/arantv.az\/wp-content\/uploads\/2018\/12\/o1p2vpirm7v4b2igpd97nfn8v2naz.jpg",1000,627,false],"thumbnail":["https:\/\/arantv.az\/wp-content\/uploads\/2018\/12\/o1p2vpirm7v4b2igpd97nfn8v2naz-150x150.jpg",150,150,true],"medium":["https:\/\/arantv.az\/wp-content\/uploads\/2018\/12\/o1p2vpirm7v4b2igpd97nfn8v2naz-300x188.jpg",300,188,true],"large":["https:\/\/arantv.az\/wp-content\/uploads\/2018\/12\/o1p2vpirm7v4b2igpd97nfn8v2naz.jpg",640,401,false],"1536x1536":["https:\/\/arantv.az\/wp-content\/uploads\/2018\/12\/o1p2vpirm7v4b2igpd97nfn8v2naz.jpg",1000,627,false],"2048x2048":["https:\/\/arantv.az\/wp-content\/uploads\/2018\/12\/o1p2vpirm7v4b2igpd97nfn8v2naz.jpg",1000,627,false],"post-thumbnail":["https:\/\/arantv.az\/wp-content\/uploads\/2018\/12\/o1p2vpirm7v4b2igpd97nfn8v2naz-240x172.jpg",240,172,true],"advps-thumb-one":["https:\/\/arantv.az\/wp-content\/uploads\/2018\/12\/o1p2vpirm7v4b2igpd97nfn8v2naz-1000x620.jpg",1000,620,true]},"rttpg_author":{"display_name":"V\u00fcsal Rafiqo\u011flu","author_link":"https:\/\/arantv.az\/?author=2"},"rttpg_comment":0,"rttpg_category":"<a href=\"https:\/\/arantv.az\/?cat=1\" rel=\"category\">C\u0259miyy\u0259t<\/a>","rttpg_excerpt":"ARANTV.AZ x\u0259b\u0259r verir ki, Nazirl\u0259r Kabinetind\u0259 \u018fhalinin Siyah\u0131yaal\u0131nmas\u0131na Yard\u0131m \u00fczr\u0259 M\u0259rk\u0259zi Komissiyan\u0131n iclas\u0131 ke\u00e7irilib. H\u0259r 10 ild\u0259n bir ba\u015f tutan \u0259halinin siyah\u0131ya al\u0131nmas\u0131 n\u00f6vb\u0259ti d\u0259f\u0259 2019-cu ilin oktyabr\u0131nda t\u0259\u015fkil olunacaq. Proses\u0259 43 min insan\u0131n c\u0259lb olunub. \u018fhalinin siyah\u0131ya al\u0131nmas\u0131 Prezident \u0130lham \u018fliyevin 2016-c\u0131 ild\u0259 imzalad\u0131\u011f\u0131\u00a0 \u201c2019-cu ild\u0259 Az\u0259rbaycan Respublikas\u0131nda \u0259halinin siyah\u0131ya al\u0131nmas\u0131n\u0131n ke\u00e7irilm\u0259si haqq\u0131nda f\u0259rman\u0131na\u201d&hellip;","_links":{"self":[{"href":"https:\/\/arantv.az\/index.php?rest_route=\/wp\/v2\/posts\/27118"}],"collection":[{"href":"https:\/\/arantv.az\/index.php?rest_route=\/wp\/v2\/posts"}],"about":[{"href":"https:\/\/arantv.az\/index.php?rest_route=\/wp\/v2\/types\/post"}],"author":[{"embeddable":true,"href":"https:\/\/arantv.az\/index.php?rest_route=\/wp\/v2\/users\/2"}],"replies":[{"embeddable":true,"href":"https:\/\/arantv.az\/index.php?rest_route=%2Fwp%2Fv2%2Fcomments&post=27118"}],"version-history":[{"count":0,"href":"https:\/\/arantv.az\/index.php?rest_route=\/wp\/v2\/posts\/27118\/revisions"}],"wp:featuredmedia":[{"embeddable":true,"href":"https:\/\/arantv.az\/index.php?rest_route=\/wp\/v2\/media\/27119"}],"wp:attachment":[{"href":"https:\/\/arantv.az\/index.php?rest_route=%2Fwp%2Fv2%2Fmedia&parent=27118"}],"wp:term":[{"taxonomy":"category","embeddable":true,"href":"https:\/\/arantv.az\/index.php?rest_route=%2Fwp%2Fv2%2Fcategories&post=27118"},{"taxonomy":"post_tag","embeddable":true,"href":"https:\/\/arantv.az\/index.php?rest_route=%2Fwp%2Fv2%2Ftags&post=27118"}],"curies":[{"name":"wp","href":"https:\/\/api.w.org\/{rel}","templated":true}]}}