{"id":27121,"date":"2018-12-11T13:24:43","date_gmt":"2018-12-11T10:24:43","guid":{"rendered":"http:\/\/arantv.az\/?p=27121"},"modified":"2018-12-11T13:24:43","modified_gmt":"2018-12-11T10:24:43","slug":"%c9%99li-h%c9%99s%c9%99nov-nazirl%c9%99r-kabinetind%c9%99-iclas-kecirdi","status":"publish","type":"post","link":"https:\/\/arantv.az\/?p=27121","title":{"rendered":"\u018fli H\u0259s\u0259nov Nazirl\u0259r Kabinetind\u0259 iclas ke\u00e7irdi"},"content":{"rendered":"<div class=\"spot\">Dekabr\u0131n 11-d\u0259 Nazirl\u0259r Kabinetind\u0259 \u018fhalinin Siyah\u0131yaal\u0131nmas\u0131na Yard\u0131m \u00fczr\u0259 M\u0259rk\u0259zi Komissiyan\u0131n iclas\u0131 ke\u00e7irilib.<\/div>\n<p><strong>ARANTV.AZ<\/strong> AZ\u018fRTAC-a istinad\u0259n x\u0259b\u0259r verir ki, Ba\u015f nazirin m\u00fcavini, komissiyan\u0131n s\u0259dri \u018fli H\u0259s\u0259novun yan\u0131nda ke\u00e7iril\u0259n iclasda m\u00fcvafiq d\u00f6vl\u0259t qurumlar\u0131n\u0131n r\u0259hb\u0259rl\u0259ri v\u0259 n\u00fcmay\u0259nd\u0259l\u0259ri m\u00fczakir\u0259l\u0259r apar\u0131blar.<\/p>\n<p>Ba\u015f nazirin m\u00fcavini bildirib ki, \u0259halinin siyah\u0131ya al\u0131nmas\u0131 Prezident \u0130lham \u018fliyevin 2016-c\u0131 ild\u0259 imzalad\u0131\u011f\u0131 \u201c2019-cu ild\u0259 Az\u0259rbaycan Respublikas\u0131nda \u0259halinin siyah\u0131ya al\u0131nmas\u0131n\u0131n ke\u00e7irilm\u0259si haqq\u0131nda\u201d F\u0259rmana uy\u011fun apar\u0131l\u0131r. Nazirl\u0259r Kabinetinin 2016-c\u0131 il 16 dekabr tarixli q\u0259rar\u0131 il\u0259 yarad\u0131lan komissiyan\u0131n bug\u00fcnk\u00fc iclas\u0131n\u0131n ke\u00e7irilm\u0259sind\u0259 \u0259sas m\u0259qs\u0259d siyah\u0131yaalma prosesini ciddi m\u00fczakir\u0259 etm\u0259k v\u0259 prosesi s\u00fcr\u0259tl\u0259ndirm\u0259kd\u0259n ibar\u0259tdir. H\u0259r 10 ild\u0259n bir ba\u015f tutan \u0259halinin siyah\u0131ya al\u0131nmas\u0131 n\u00f6vb\u0259ti d\u0259f\u0259 2019-cu ilin oktyabr ay\u0131nda ke\u00e7iril\u0259c\u0259k.<\/p>\n<p>Haz\u0131rl\u0131q prosesin\u0259 43 min insan\u0131n c\u0259lb olundu\u011funu dey\u0259n Ba\u015f nazirin m\u00fcavini qeyd edib ki, sor\u011fu v\u0259r\u0259q\u0259l\u0259ri art\u0131q haz\u0131rlan\u0131b. \u018fhalinin say\u0131na uy\u011fun v\u0259r\u0259q\u0259l\u0259r haz\u0131rd\u0131r. 28 b\u0259ndd\u0259n ibar\u0259t sor\u011fuda 180 g\u00f6st\u0259rici yer al\u0131b. \u018fhalinin bu sor\u011fulara tam, dol\u011fun cavab verm\u0259si m\u00fch\u00fcm \u0259h\u0259miyy\u0259t k\u0259sb edir.<\/p>\n<p>\u0130clasda vur\u011fulan\u0131b ki, bu prosesin \u0259haliy\u0259 geni\u015f \u015f\u0259kild\u0259 \u00e7atd\u0131r\u0131lmas\u0131 \u00fc\u00e7\u00fcn K\u0130V-l\u0259rin \u00fcz\u0259rin\u0259 b\u00f6y\u00fck v\u0259zif\u0259 d\u00fc\u015f\u00fcr.<\/p>\n<div id=\"AdributorNativeVideo0\" class=\"AdributorNativeVideo\"><\/div>\n<p>Sonra D\u00f6vl\u0259t Statistika Komit\u0259sinin s\u0259dri Tahir Budaqov haz\u0131rl\u0131q prosesi il\u0259 ba\u011fl\u0131 \u0259trafl\u0131 m\u0259lumat verib.<\/p>\n<p>Daha sonra maraq do\u011furan m\u0259s\u0259l\u0259l\u0259r t\u0259hlil edilib, aidiyy\u0259ti \u00fczr\u0259 tap\u015f\u0131r\u0131qlar verilib.<\/p>\n","protected":false},"excerpt":{"rendered":"<p>Dekabr\u0131n 11-d\u0259 Nazirl\u0259r Kabinetind\u0259 \u018fhalinin Siyah\u0131yaal\u0131nmas\u0131na Yard\u0131m \u00fczr\u0259 M\u0259rk\u0259zi Komissiyan\u0131n iclas\u0131 ke\u00e7irilib. ARANTV.AZ AZ\u018fRTAC-a istinad\u0259n x\u0259b\u0259r verir ki, Ba\u015f nazirin m\u00fcavini, komissiyan\u0131n s\u0259dri \u018fli H\u0259s\u0259novun yan\u0131nda ke\u00e7iril\u0259n iclasda m\u00fcvafiq d\u00f6vl\u0259t qurumlar\u0131n\u0131n r\u0259hb\u0259rl\u0259ri v\u0259 n\u00fcmay\u0259nd\u0259l\u0259ri m\u00fczakir\u0259l\u0259r apar\u0131blar. Ba\u015f nazirin m\u00fcavini bildirib ki, \u0259halinin siyah\u0131ya al\u0131nmas\u0131 Prezident \u0130lham \u018fliyevin 2016-c\u0131 ild\u0259 imzalad\u0131\u011f\u0131 \u201c2019-cu ild\u0259 Az\u0259rbaycan Respublikas\u0131nda \u0259halinin siyah\u0131ya al\u0131nmas\u0131n\u0131n ke\u00e7irilm\u0259si haqq\u0131nda\u201d F\u0259rmana uy\u011fun apar\u0131l\u0131r. Nazirl\u0259r Kabinetinin 2016-c\u0131 il 16 dekabr tarixli q\u0259rar\u0131 il\u0259 yarad\u0131lan komissiyan\u0131n bug\u00fcnk\u00fc iclas\u0131n\u0131n ke\u00e7irilm\u0259sind\u0259 \u0259sas m\u0259qs\u0259d siyah\u0131yaalma prosesini ciddi m\u00fczakir\u0259 etm\u0259k v\u0259 prosesi s\u00fcr\u0259tl\u0259ndirm\u0259kd\u0259n ibar\u0259tdir. H\u0259r 10 ild\u0259n&hellip;<\/p>\n","protected":false},"author":2,"featured_media":27122,"comment_status":"closed","ping_status":"closed","sticky":false,"template":"","format":"standard","meta":{"om_disable_all_campaigns":false,"_monsterinsights_skip_tracking":false,"_monsterinsights_sitenote_active":false,"_monsterinsights_sitenote_note":"","_monsterinsights_sitenote_category":0},"categories":[4],"tags":[],"aioseo_notices":[],"gutentor_comment":0,"rttpg_featured_image_url":{"full":["https:\/\/arantv.az\/wp-content\/uploads\/2018\/12\/eli.jpg",620,375,false],"landscape":["https:\/\/arantv.az\/wp-content\/uploads\/2018\/12\/eli.jpg",620,375,false],"portraits":["https:\/\/arantv.az\/wp-content\/uploads\/2018\/12\/eli.jpg",620,375,false],"thumbnail":["https:\/\/arantv.az\/wp-content\/uploads\/2018\/12\/eli-150x150.jpg",150,150,true],"medium":["https:\/\/arantv.az\/wp-content\/uploads\/2018\/12\/eli-300x181.jpg",300,181,true],"large":["https:\/\/arantv.az\/wp-content\/uploads\/2018\/12\/eli.jpg",620,375,false],"1536x1536":["https:\/\/arantv.az\/wp-content\/uploads\/2018\/12\/eli.jpg",620,375,false],"2048x2048":["https:\/\/arantv.az\/wp-content\/uploads\/2018\/12\/eli.jpg",620,375,false],"post-thumbnail":["https:\/\/arantv.az\/wp-content\/uploads\/2018\/12\/eli-240x172.jpg",240,172,true],"advps-thumb-one":["https:\/\/arantv.az\/wp-content\/uploads\/2018\/12\/eli.jpg",620,375,false]},"rttpg_author":{"display_name":"V\u00fcsal Rafiqo\u011flu","author_link":"https:\/\/arantv.az\/?author=2"},"rttpg_comment":0,"rttpg_category":"<a href=\"https:\/\/arantv.az\/?cat=4\" rel=\"category\">Siyas\u0259t<\/a>","rttpg_excerpt":"Dekabr\u0131n 11-d\u0259 Nazirl\u0259r Kabinetind\u0259 \u018fhalinin Siyah\u0131yaal\u0131nmas\u0131na Yard\u0131m \u00fczr\u0259 M\u0259rk\u0259zi Komissiyan\u0131n iclas\u0131 ke\u00e7irilib. ARANTV.AZ AZ\u018fRTAC-a istinad\u0259n x\u0259b\u0259r verir ki, Ba\u015f nazirin m\u00fcavini, komissiyan\u0131n s\u0259dri \u018fli H\u0259s\u0259novun yan\u0131nda ke\u00e7iril\u0259n iclasda m\u00fcvafiq d\u00f6vl\u0259t qurumlar\u0131n\u0131n r\u0259hb\u0259rl\u0259ri v\u0259 n\u00fcmay\u0259nd\u0259l\u0259ri m\u00fczakir\u0259l\u0259r apar\u0131blar. Ba\u015f nazirin m\u00fcavini bildirib ki, \u0259halinin siyah\u0131ya al\u0131nmas\u0131 Prezident \u0130lham \u018fliyevin 2016-c\u0131 ild\u0259 imzalad\u0131\u011f\u0131 \u201c2019-cu ild\u0259 Az\u0259rbaycan Respublikas\u0131nda \u0259halinin&hellip;","_links":{"self":[{"href":"https:\/\/arantv.az\/index.php?rest_route=\/wp\/v2\/posts\/27121"}],"collection":[{"href":"https:\/\/arantv.az\/index.php?rest_route=\/wp\/v2\/posts"}],"about":[{"href":"https:\/\/arantv.az\/index.php?rest_route=\/wp\/v2\/types\/post"}],"author":[{"embeddable":true,"href":"https:\/\/arantv.az\/index.php?rest_route=\/wp\/v2\/users\/2"}],"replies":[{"embeddable":true,"href":"https:\/\/arantv.az\/index.php?rest_route=%2Fwp%2Fv2%2Fcomments&post=27121"}],"version-history":[{"count":0,"href":"https:\/\/arantv.az\/index.php?rest_route=\/wp\/v2\/posts\/27121\/revisions"}],"wp:featuredmedia":[{"embeddable":true,"href":"https:\/\/arantv.az\/index.php?rest_route=\/wp\/v2\/media\/27122"}],"wp:attachment":[{"href":"https:\/\/arantv.az\/index.php?rest_route=%2Fwp%2Fv2%2Fmedia&parent=27121"}],"wp:term":[{"taxonomy":"category","embeddable":true,"href":"https:\/\/arantv.az\/index.php?rest_route=%2Fwp%2Fv2%2Fcategories&post=27121"},{"taxonomy":"post_tag","embeddable":true,"href":"https:\/\/arantv.az\/index.php?rest_route=%2Fwp%2Fv2%2Ftags&post=27121"}],"curies":[{"name":"wp","href":"https:\/\/api.w.org\/{rel}","templated":true}]}}