{"id":27154,"date":"2018-12-11T15:11:05","date_gmt":"2018-12-11T12:11:05","guid":{"rendered":"http:\/\/arantv.az\/?p=27154"},"modified":"2018-12-11T15:11:05","modified_gmt":"2018-12-11T12:11:05","slug":"%c9%99sg%c9%99r-heyd%c9%99r-%c9%99liyev-m%c9%99d%c9%99t-quliyevl%c9%99-birg%c9%99-babasinin-m%c9%99zari-onund%c9%99-video","status":"publish","type":"post","link":"https:\/\/arantv.az\/?p=27154","title":{"rendered":"\u018fsg\u0259r Heyd\u0259r \u018fliyev M\u0259d\u0259t Quliyevl\u0259 birg\u0259 BABASININ M\u018fZARI \u00d6N\u00dcND\u018f &#8211; V\u0130DEO"},"content":{"rendered":"<div id=\"entry\" class=\"entry\">Az\u0259rbaycan Respublikas\u0131n\u0131n Prezidenti \u0130lham \u018fliyevin o\u011flu \u0259sg\u0259r Heyd\u0259r \u018fliyev babas\u0131, \u00dcmumilli lider Heyd\u0259r \u018fliyevin m\u0259zar\u0131n\u0131 ziyar\u0259t edib.<\/p>\n<div id=\"AdributorNativeVideo0\" class=\"AdributorNativeVideo\"><\/div>\n<p><b>ARANTV.AZ\u00a0<\/b>\u00a0x\u0259b\u0259r verir ki, o, D\u00f6vl\u0259t T\u0259hl\u00fck\u0259sizliyi Xidm\u0259tinin r\u0259isi general-polkovnik M\u0259d\u0259t Quliyev, habel\u0259 DTX-n\u0131n \u015f\u0259xsi hey\u0259ti, \u0259sg\u0259r yolda\u015flar\u0131 il\u0259 birg\u0259 F\u0259xri Xiyabana g\u0259l\u0259r\u0259k \u00dcmummili liderin an\u0131m g\u00fcn\u00fc il\u0259 \u0259laq\u0259dar onun m\u0259zar\u0131 \u00f6n\u00fcn\u0259 g\u00fcl d\u0259st\u0259l\u0259ri d\u00fcz\u00fcb, xatir\u0259sin\u0259 ehtiramlar\u0131n\u0131 bildiribl\u0259r.<\/p>\n<p>D\u00f6vl\u0259t T\u0259hl\u00fck\u0259sizliyi Xidm\u0259tinin r\u0259smi feysbuk s\u0259hif\u0259sinin payla\u015fd\u0131\u011f\u0131 videonu t\u0259qdim edirik.<\/p>\n<div class=\"embed-responsive embed-responsive-16by9\"><iframe loading=\"lazy\" id=\"nmqembedid\" class=\"embed-responsive-item\" title=\"video player\" src=\"https:\/\/izle.az\/embed\/qyyxNYoPSTSKck10MQwFAA~~\" width=\"600\" height=\"340\" frameborder=\"0\" scrolling=\"no\" allowfullscreen=\"allowfullscreen\" data-mce-fragment=\"1\"><\/iframe><\/div>\n<\/div>\n<p><b>big.az<\/b><\/p>\n","protected":false},"excerpt":{"rendered":"<p>Az\u0259rbaycan Respublikas\u0131n\u0131n Prezidenti \u0130lham \u018fliyevin o\u011flu \u0259sg\u0259r Heyd\u0259r \u018fliyev babas\u0131, \u00dcmumilli lider Heyd\u0259r \u018fliyevin m\u0259zar\u0131n\u0131 ziyar\u0259t edib. ARANTV.AZ\u00a0\u00a0x\u0259b\u0259r verir ki, o, D\u00f6vl\u0259t T\u0259hl\u00fck\u0259sizliyi Xidm\u0259tinin r\u0259isi general-polkovnik M\u0259d\u0259t Quliyev, habel\u0259 DTX-n\u0131n \u015f\u0259xsi hey\u0259ti, \u0259sg\u0259r yolda\u015flar\u0131 il\u0259 birg\u0259 F\u0259xri Xiyabana g\u0259l\u0259r\u0259k \u00dcmummili liderin an\u0131m g\u00fcn\u00fc il\u0259 \u0259laq\u0259dar onun m\u0259zar\u0131 \u00f6n\u00fcn\u0259 g\u00fcl d\u0259st\u0259l\u0259ri d\u00fcz\u00fcb, xatir\u0259sin\u0259 ehtiramlar\u0131n\u0131 bildiribl\u0259r. D\u00f6vl\u0259t T\u0259hl\u00fck\u0259sizliyi Xidm\u0259tinin r\u0259smi feysbuk s\u0259hif\u0259sinin payla\u015fd\u0131\u011f\u0131 videonu t\u0259qdim edirik. big.az<\/p>\n","protected":false},"author":2,"featured_media":27155,"comment_status":"closed","ping_status":"closed","sticky":false,"template":"","format":"standard","meta":{"om_disable_all_campaigns":false,"_monsterinsights_skip_tracking":false,"_monsterinsights_sitenote_active":false,"_monsterinsights_sitenote_note":"","_monsterinsights_sitenote_category":0},"categories":[4],"tags":[],"aioseo_notices":[],"gutentor_comment":0,"rttpg_featured_image_url":{"full":["https:\/\/arantv.az\/wp-content\/uploads\/2018\/12\/1_61532679160_91544529069.jpg",649,365,false],"landscape":["https:\/\/arantv.az\/wp-content\/uploads\/2018\/12\/1_61532679160_91544529069.jpg",649,365,false],"portraits":["https:\/\/arantv.az\/wp-content\/uploads\/2018\/12\/1_61532679160_91544529069.jpg",649,365,false],"thumbnail":["https:\/\/arantv.az\/wp-content\/uploads\/2018\/12\/1_61532679160_91544529069-150x150.jpg",150,150,true],"medium":["https:\/\/arantv.az\/wp-content\/uploads\/2018\/12\/1_61532679160_91544529069-300x169.jpg",300,169,true],"large":["https:\/\/arantv.az\/wp-content\/uploads\/2018\/12\/1_61532679160_91544529069.jpg",640,360,false],"1536x1536":["https:\/\/arantv.az\/wp-content\/uploads\/2018\/12\/1_61532679160_91544529069.jpg",649,365,false],"2048x2048":["https:\/\/arantv.az\/wp-content\/uploads\/2018\/12\/1_61532679160_91544529069.jpg",649,365,false],"post-thumbnail":["https:\/\/arantv.az\/wp-content\/uploads\/2018\/12\/1_61532679160_91544529069-240x172.jpg",240,172,true],"advps-thumb-one":["https:\/\/arantv.az\/wp-content\/uploads\/2018\/12\/1_61532679160_91544529069.jpg",649,365,false]},"rttpg_author":{"display_name":"V\u00fcsal Rafiqo\u011flu","author_link":"https:\/\/arantv.az\/?author=2"},"rttpg_comment":0,"rttpg_category":"<a href=\"https:\/\/arantv.az\/?cat=4\" rel=\"category\">Siyas\u0259t<\/a>","rttpg_excerpt":"Az\u0259rbaycan Respublikas\u0131n\u0131n Prezidenti \u0130lham \u018fliyevin o\u011flu \u0259sg\u0259r Heyd\u0259r \u018fliyev babas\u0131, \u00dcmumilli lider Heyd\u0259r \u018fliyevin m\u0259zar\u0131n\u0131 ziyar\u0259t edib. ARANTV.AZ\u00a0\u00a0x\u0259b\u0259r verir ki, o, D\u00f6vl\u0259t T\u0259hl\u00fck\u0259sizliyi Xidm\u0259tinin r\u0259isi general-polkovnik M\u0259d\u0259t Quliyev, habel\u0259 DTX-n\u0131n \u015f\u0259xsi hey\u0259ti, \u0259sg\u0259r yolda\u015flar\u0131 il\u0259 birg\u0259 F\u0259xri Xiyabana g\u0259l\u0259r\u0259k \u00dcmummili liderin an\u0131m g\u00fcn\u00fc il\u0259 \u0259laq\u0259dar onun m\u0259zar\u0131 \u00f6n\u00fcn\u0259 g\u00fcl d\u0259st\u0259l\u0259ri d\u00fcz\u00fcb, xatir\u0259sin\u0259 ehtiramlar\u0131n\u0131 bildiribl\u0259r. D\u00f6vl\u0259t&hellip;","_links":{"self":[{"href":"https:\/\/arantv.az\/index.php?rest_route=\/wp\/v2\/posts\/27154"}],"collection":[{"href":"https:\/\/arantv.az\/index.php?rest_route=\/wp\/v2\/posts"}],"about":[{"href":"https:\/\/arantv.az\/index.php?rest_route=\/wp\/v2\/types\/post"}],"author":[{"embeddable":true,"href":"https:\/\/arantv.az\/index.php?rest_route=\/wp\/v2\/users\/2"}],"replies":[{"embeddable":true,"href":"https:\/\/arantv.az\/index.php?rest_route=%2Fwp%2Fv2%2Fcomments&post=27154"}],"version-history":[{"count":0,"href":"https:\/\/arantv.az\/index.php?rest_route=\/wp\/v2\/posts\/27154\/revisions"}],"wp:featuredmedia":[{"embeddable":true,"href":"https:\/\/arantv.az\/index.php?rest_route=\/wp\/v2\/media\/27155"}],"wp:attachment":[{"href":"https:\/\/arantv.az\/index.php?rest_route=%2Fwp%2Fv2%2Fmedia&parent=27154"}],"wp:term":[{"taxonomy":"category","embeddable":true,"href":"https:\/\/arantv.az\/index.php?rest_route=%2Fwp%2Fv2%2Fcategories&post=27154"},{"taxonomy":"post_tag","embeddable":true,"href":"https:\/\/arantv.az\/index.php?rest_route=%2Fwp%2Fv2%2Ftags&post=27154"}],"curies":[{"name":"wp","href":"https:\/\/api.w.org\/{rel}","templated":true}]}}