{"id":27164,"date":"2018-12-11T15:22:01","date_gmt":"2018-12-11T12:22:01","guid":{"rendered":"http:\/\/arantv.az\/?p=27164"},"modified":"2018-12-11T15:22:01","modified_gmt":"2018-12-11T12:22:01","slug":"moskvada-ulu-ond%c9%99r-heyd%c9%99r-%c9%99liyevin-xatir%c9%99-gec%c9%99si-kecirilib","status":"publish","type":"post","link":"https:\/\/arantv.az\/?p=27164","title":{"rendered":"Moskvada ulu \u00f6nd\u0259r Heyd\u0259r \u018fliyevin xatir\u0259 gec\u0259si ke\u00e7irilib"},"content":{"rendered":"<p><strong>ARANTV.AZ<\/strong> x\u0259b\u0259r verir ki, Moskvada Az\u0259rbaycan xalq\u0131n\u0131n \u00fcmummilli lideri Heyd\u0259r \u018fliyevin xatir\u0259 gec\u0259si ke\u00e7irilib.<\/p>\n<p>Az\u0259rbaycan\u0131n Rusiyadak\u0131 s\u0259firliyi t\u0259r\u0259find\u0259n t\u0259\u015fkil edilmi\u015f t\u0259dbirin qonaqlar\u0131 aras\u0131nda m\u0259\u015fhur siyasi v\u0259 ictimai xadiml\u0259r, Heyd\u0259r \u018fliyevin dostlar\u0131 v\u0259 m\u0259sl\u0259kda\u015flar\u0131, dost \u00f6lk\u0259l\u0259ri s\u0259firl\u0259ri vard\u0131.<\/p>\n<p>T\u0259dbirin \u0259vv\u0259lind\u0259 Ulu \u00d6nd\u0259r haqq\u0131nda Heyd\u0259r \u018fliyev Fondu t\u0259r\u0259find\u0259n haz\u0131rlanm\u0131\u015f film n\u00fcmayi\u015f etdirilib.<\/p>\n<p>Gec\u0259ni Az\u0259rbaycan\u0131n Rusiyadak\u0131 s\u0259firi Polad B\u00fclb\u00fclo\u011flu a\u00e7\u0131b. O, t\u0259dbir i\u015ftirak\u00e7\u0131lar\u0131n\u0131n ham\u0131s\u0131na t\u0259\u015f\u0259kk\u00fcr bildir\u0259r\u0259k qeyd edib ki, bu g\u00fcn g\u00f6rk\u0259mli d\u00f6vl\u0259t xadimi, Az\u0259rbaycan xalq\u0131n\u0131n \u00fcmummilli lideri Heyd\u0259r \u018fliyevin an\u0131m g\u00fcn\u00fcd\u00fcr. S\u0259fir deyib: \u201cBuraya Heyd\u0259r \u018fliyevi \u015f\u0259xs\u0259n tan\u0131yan, onunla d\u0259f\u0259l\u0259rl\u0259 g\u00f6r\u00fc\u015fm\u00fc\u015f insanlar topla\u015f\u0131b. \u0130nanmaq \u00e7\u0259tindir ki, art\u0131q 15 ildir Heyd\u0259r \u018fliyev aram\u0131zda yoxdur. M\u0259n f\u0259xr edir\u0259m ki, 10 il Heyd\u0259r \u018fliyevl\u0259 i\u015fl\u0259mi\u015f\u0259m, onun d\u00f6vr\u00fcnd\u0259 m\u0259d\u0259niyy\u0259t naziri olmu\u015fam. Bu, \u00e7ox m\u00fcr\u0259kk\u0259b d\u00f6vr idi, \u00e7\u00fcnki Sovet \u0130ttifaq\u0131 da\u011f\u0131landan sonra Az\u0259rbaycan Respublikas\u0131 qon\u015fu \u00f6lk\u0259 t\u0259r\u0259find\u0259n t\u0259cav\u00fcz\u0259 m\u0259ruz qalm\u0131\u015fd\u0131. Bu \u015f\u0259raitd\u0259 Az\u0259rbaycan \u00f6z \u0259laq\u0259l\u0259rini, o c\u00fcml\u0259d\u0259n beyn\u0259lxalq \u0259laq\u0259l\u0259rini nizamlamal\u0131, art\u0131q suveren \u00f6lk\u0259 kimi \u00f6z\u00fcn\u00fc g\u00f6st\u0259rm\u0259li idi. \u018fn m\u00fcr\u0259kk\u0259b vaxtda Az\u0259rbaycan\u0131n firavanlasan \u00f6lk\u0259y\u0259 \u00e7evrilm\u0259si \u00fc\u00e7\u00fcn b\u00fct\u00fcn z\u0259ruri t\u0259dbirl\u0259r Heyd\u0259r \u018fliyevin bilavasit\u0259 r\u0259hb\u0259rliyi alt\u0131nda g\u00f6r\u00fcl\u00fcrd\u00fc. M\u00fcasir Az\u0259rbaycan\u0131n memar\u0131 Heyd\u0259r \u018fliyevdir\u201d.<\/p>\n<p>Diplomat 10 il \u0259rzind\u0259 Heyd\u0259r \u018fliyevl\u0259 i\u015fl\u0259diyini vur\u011fulayaraq deyib: \u201cBu 10 il \u0259rzind\u0259 qazand\u0131\u011f\u0131m t\u0259cr\u00fcb\u0259ni m\u0259n d\u00fcnyan\u0131n he\u00e7 bir yerind\u0259 verilm\u0259y\u0259n diplom adland\u0131r\u0131ram. Bu, b\u00f6y\u00fck m\u0259kt\u0259bdir \u2013 h\u0259m idar\u0259\u00e7ilik, h\u0259m d\u0259 insanl\u0131q m\u0259kt\u0259bi. B\u00f6y\u00fck m\u00fc\u0259llim, b\u00f6y\u00fck filosof v\u0259 m\u00fcdrik insan Heyd\u0259r \u018flirza o\u011flu \u018fliyevin biz\u0259 ke\u00e7diyi d\u0259rsl\u0259ri, onun biz\u0259 \u00f6yr\u0259tdiyi qaydalar\u0131 onunla i\u015fl\u0259y\u0259nl\u0259rin h\u0259r biri kimi, m\u0259n d\u0259 daim yadda saxlayaca\u011fam\u201d.<\/p>\n<p>S\u0259fir xat\u0131rlad\u0131b ki, Heyd\u0259r \u018fliyevin r\u0259hb\u0259rliyi il\u0259 Az\u0259rbaycanda v\u0259 Sovet \u0130ttifaq\u0131nda s\u0259hiyy\u0259, tikinti, m\u0259d\u0259niyy\u0259t sah\u0259l\u0259rind\u0259 n\u0259h\u0259ng layih\u0259l\u0259r h\u0259yata ke\u00e7irilib. Heyd\u0259r \u018fliyev f\u00f6vq\u0259lad\u0259 hallarla ba\u011fl\u0131, o c\u00fcml\u0259d\u0259n \u201cAdmiral Naximov\u201d paroxodu, Volqada teploxodun q\u0259zaya u\u011framas\u0131 il\u0259 ba\u011fl\u0131 v\u0259 bir s\u0131ra ba\u015fqa komissiyalara r\u0259hb\u0259rlik edib. P.B\u00fclb\u00fclo\u011flu deyib: \u201c1993-c\u00fc ild\u0259 Az\u0259rbaycan xalq\u0131n\u0131n t\u0259kidli xahi\u015fi il\u0259 Heyd\u0259r \u018fliyev Nax\u00e7\u0131vandan Bak\u0131ya qay\u0131td\u0131 v\u0259 \u00e7ox m\u00fcr\u0259kk\u0259b bir d\u00f6vrd\u0259 respublikaya r\u0259hb\u0259rlik etdi. O vaxt \u00e7oxlar\u0131 inanm\u0131rd\u0131 ki, Az\u0259rbaycan\u0131 bu a\u011f\u0131r v\u0259ziyy\u0259td\u0259n xilas etm\u0259k v\u0259 m\u00fcst\u0259qil, suveren respublika qurmaq m\u00fcmk\u00fcn olacaq. Heyd\u0259r \u018fliyev buna parlaq \u015f\u0259kild\u0259 nail oldu\u201d.<\/p>\n<p>S\u0259fir daha sonra vur\u011fulay\u0131b: \u201cSiz Heyd\u0259r \u018fliyev haqq\u0131nda Heyd\u0259r \u018fliyev Fondunun haz\u0131rlad\u0131\u011f\u0131 ki\u00e7ik film\u0259 baxd\u0131n\u0131z. Buna g\u00f6r\u0259 biz \u00e7ox t\u0259\u015f\u0259kk\u00fcr edirik. Yax\u015f\u0131 deyibl\u0259r ki, ot k\u00f6k\u00fc \u00fcst\u00fcnd\u0259 bit\u0259r. Biz indic\u0259 xat\u0131rlad\u0131q ki, Heyd\u0259r \u018fliyevin fenomenal yadda\u015f\u0131 vard\u0131, ka\u011f\u0131za baxmadan dan\u0131\u015fma\u011f\u0131, b\u0259z\u0259n r\u0259q\u0259ml\u0259rin, faktlar\u0131n \u00e7ox m\u00fcr\u0259kk\u0259b ard\u0131c\u0131ll\u0131\u011f\u0131n\u0131 yadda saxlama\u011f\u0131 bacar\u0131rd\u0131. \u0130lham Heyd\u0259r o\u011flu \u018fliyev d\u0259 b\u00fct\u00fcn bunlar\u0131 \u00f6z dahi atas\u0131ndan m\u0259nims\u0259yib v\u0259 art\u0131q 15 ildir ki, \u00f6lk\u0259ni q\u0259tiyy\u0259tl\u0259 firavanl\u0131\u011fa do\u011fru apar\u0131r. Bu g\u00fcn Az\u0259rbaycan d\u00fcnyan\u0131n siyasi x\u0259rit\u0259sind\u0259 layiqli yer tutur\u201d.<\/p>\n<p>P.B\u00fclb\u00fclo\u011flu xat\u0131rlad\u0131b ki, bu yax\u0131nlarda Moskva D\u00f6vl\u0259t Beyn\u0259lxalq M\u00fcnasib\u0259tl\u0259r \u0130nstitutunda b\u00f6y\u00fck Az\u0259rbaycan \u015fairi N\u0259siminin b\u00fcst\u00fcn\u00fcn a\u00e7\u0131l\u0131\u015f\u0131 olub. H\u0259min t\u0259dbird\u0259 Heyd\u0259r \u018fliyevin n\u0259v\u0259si Leyla \u018fliyeva i\u015ftirak edib. Diplomat \u00e7\u0131x\u0131\u015f\u0131n\u0131 bu s\u00f6zl\u0259rl\u0259 bitirib: \u201cB\u00fcst\u00fcn a\u00e7\u0131l\u0131\u015f\u0131nda fikirl\u0259\u015fdim ki, Heyd\u0259r \u018fliyev m\u0259d\u0259niyy\u0259t xadiml\u0259rin\u0259, klassikl\u0259r\u0259 \u00e7ox diqq\u0259t g\u00f6st\u0259rirdi. Nizami, F\u00fczuli, N\u0259simi kimi dahi \u015f\u0259xsiyy\u0259tl\u0259r\u0259 v\u0259 Az\u0259rbaycan torpa\u011f\u0131n\u0131n d\u00fcnyaya b\u0259x\u015f etdiyi bir s\u0131ra ba\u015fqa m\u00fct\u0259f\u0259kkirl\u0259r\u0259 x\u00fcsusi diqq\u0259t yetirilirdi. \u0130ndi Heyd\u0259r \u018fliyevin n\u0259v\u0259si Moskvada N\u0259simiy\u0259 abid\u0259nin a\u00e7\u0131l\u0131\u015f m\u0259rasimini ke\u00e7irir, y\u0259ni Heyd\u0259r \u018fliyevin i\u015fini davam etdirir. M\u0259n Heyd\u0259r \u018fliyev\u0259 ehtiram b\u0259sl\u0259y\u0259n v\u0259 onu xat\u0131rlayan b\u00fct\u00fcn rusiyal\u0131lara, b\u00fct\u00fcn moskval\u0131lara bir daha t\u0259\u015f\u0259kk\u00fcr\u00fcm\u00fc bildirm\u0259k ist\u0259yir\u0259m\u201d.<\/p>\n<p>Rusiya Prezidentinin X\u0259z\u0259r regionu d\u00f6vl\u0259tl\u0259ri il\u0259 humanitar v\u0259 iqtisadi \u0259m\u0259kda\u015fl\u0131q m\u0259s\u0259l\u0259l\u0259ri \u00fczr\u0259 x\u00fcsusi n\u00fcmay\u0259nd\u0259si Ramazan Abdulatipov deyib: \u201cHesab edir\u0259m ki, Heyd\u0259r \u018fliyev b\u00fct\u00fcn Qafqaz\u0131n tarixind\u0259 g\u00f6rk\u0259mli simalardan biridir. O, ke\u00e7mi\u015f Sovet \u0130ttifaq\u0131nda n\u00fcfuzlu adam idi. M\u00fcasir Rusiyada onun xatir\u0259sini ehtiramla yad edirl\u0259r. Prezident Vladimir Putin Heyd\u0259r \u018fliyev\u0259 h\u0259mi\u015f\u0259 \u00e7ox b\u00f6y\u00fck h\u00f6rm\u0259t b\u0259sl\u0259yib\u201d.<\/p>\n<p>Ramazan Abdulatipov bildirib ki, \u00f6z\u00fcn\u00fc Heyd\u0259r \u018fliyevin \u015fagirdi hesab edir. Onun s\u00f6zl\u0259rin\u0259 g\u00f6r\u0259, Da\u011f\u0131standa \u018fliyevl\u0259r n\u0259slin\u0259 b\u00f6y\u00fck ehtiram b\u0259sl\u0259yirl\u0259r. O deyib: \u201cBu, Da\u011f\u0131stan \u00fc\u00e7\u00fcn x\u00fcsusi \u0259h\u0259miyy\u0259t k\u0259sb edir, \u00e7\u00fcnki m\u00fcharib\u0259nin \u0259n m\u00fcr\u0259kk\u0259b d\u00f6vr\u00fcnd\u0259 Da\u011f\u0131stan\u0131n r\u0259hb\u0259ri \u018fziz \u018fliyev olub. D\u0259rb\u0259ndd\u0259 bir k\u00fc\u00e7\u0259y\u0259 Heyd\u0259r \u018fliyevin ad\u0131n\u0131n verilm\u0259si t\u0259\u015f\u0259bb\u00fcs\u00fcn\u00fc ir\u0259li s\u00fcr\u0259nl\u0259rd\u0259n biri m\u0259n olmu\u015fam. Bu k\u00fc\u00e7\u0259nin abadla\u015fd\u0131r\u0131lmas\u0131 \u00fc\u00e7\u00fcn \u0130lham Heyd\u0259r o\u011flu \u00e7ox i\u015f g\u00f6r\u00fcb. Maha\u00e7qalada \u018fziz \u018fliyev\u0259 abid\u0259 qoyulmas\u0131 t\u0259\u015f\u0259bb\u00fcs\u00fcn\u00fc ir\u0259li s\u00fcr\u0259nl\u0259rd\u0259n d\u0259 biri m\u0259n olmu\u015fam. Dem\u0259k ist\u0259yir\u0259m ki, bizim \u00f6lk\u0259l\u0259r tarix\u0259n Da\u011f\u0131stan vasit\u0259sil\u0259, dig\u0259r regionlar vasit\u0259sil\u0259 bir-birin\u0259 ba\u011fl\u0131 olub. Heyd\u0259r \u018fliyevin xatir\u0259si bizim \u00fc\u00e7\u00fcn m\u00fcq\u0259dd\u0259sdir\u201d.<\/p>\n<p>\u015eimali Qafqaz m\u0259s\u0259l\u0259l\u0259ri \u00fczr\u0259 nazir Sergey \u00c7ebotaryov \u00f6z \u00e7\u0131x\u0131\u015f\u0131nda Ulu \u00d6nd\u0259rin h\u0259yat yolu bar\u0259d\u0259 dan\u0131\u015f\u0131b. O deyib: \u201cBu b\u00f6y\u00fck siyasi xadimi, son d\u0259r\u0259c\u0259 qeyri-ordinar insan\u0131 sizinl\u0259 birlikd\u0259 xat\u0131rlamaq m\u0259nim \u00fc\u00e7\u00fcn b\u00f6y\u00fck \u015f\u0259r\u0259fdir. Onu Az\u0259rbaycanda da, Rusiyada da xat\u0131rlamal\u0131d\u0131rlar. Heyd\u0259r ad\u0131n\u0131n bir m\u0259nas\u0131 \u201cir\u0259lid\u0259 ged\u0259n\u201d dem\u0259kdir. H\u0259qiq\u0259t\u0259n o, b\u00fct\u00fcn h\u0259yat\u0131 boyu ir\u0259lid\u0259 olub. O, \u00e7ox istedadl\u0131 idi, u\u015faql\u0131qda yax\u015f\u0131 r\u0259sml\u0259r \u00e7\u0259kirdi. Bak\u0131da onun karanda\u015fla v\u0259 ya q\u0259l\u0259ml\u0259 \u00e7\u0259kdiyi g\u00f6z\u0259l r\u0259sml\u0259ri g\u00f6rm\u00fc\u015f\u00fck\u201d.<\/p>\n<p>S.\u00c7ebotaryov xat\u0131rlad\u0131b ki, Heyd\u0259r \u018fliyev Sov. \u0130KP MK-n\u0131n Siyasi B\u00fcro \u00fczv\u00fc olub. Nazir vur\u011fulay\u0131b: \u201cO, Sovet \u0130ttifaq\u0131n\u0131n daxili siyas\u0259tinin \u0259sas istiqam\u0259tl\u0259rin\u0259 g\u00f6r\u0259 cavabdeh idi, o c\u00fcml\u0259d\u0259n Baykal-Amur Magistral\u0131n\u0131n (BAM) tikintisin\u0259 n\u0259zar\u0259t edirdi. M\u0259n \u00f6z\u00fcm Uzaq \u015e\u0259rqd\u0259n\u0259m, bunun n\u0259 dem\u0259k oldu\u011funu bilir\u0259m. \u018fsrin tikintisi say\u0131lan bu magistral\u0131 Sovet \u0130ttifaq\u0131 da\u011f\u0131landan sonra la\u011fa qoyurdular. Lakin indi zaman g\u00f6st\u0259rir ki, Sovet H\u00f6kum\u0259tinin v\u0259 Heyd\u0259r \u018fliyevin bu q\u0259rar\u0131 \u00e7ox m\u00fcdrik q\u0259rar olub, bu insan strateji t\u0259f\u0259kk\u00fcr\u0259 malik idi. \u0130ndi BAM yenid\u0259n tikilir ki, m\u0259hz bu d\u0259miryol magistral\u0131 Uzaq \u015e\u0259rqin v\u0259 b\u00fct\u00fcn Rusiyan\u0131n iqtisadiyyat\u0131n\u0131n inki\u015faf\u0131na k\u00f6m\u0259k etsin\u201d.<\/p>\n<p>S.\u00c7ebotaryov qeyd edib ki, Heyd\u0259r \u018fliyev Az\u0259rbaycan \u00fc\u00e7\u00fcn \u0259n \u00e7\u0259tin ill\u0259rd\u0259 m\u0259suliyy\u0259ti \u00f6z \u00fcz\u0259rin\u0259 g\u00f6t\u00fcr\u0259r\u0259k \u00f6lk\u0259y\u0259 r\u0259hb\u0259rlik edib. Nazir deyib: \u201cHeyd\u0259r \u018fliyev Az\u0259rbaycan xalq\u0131n\u0131 s\u0259f\u0259rb\u0259r etdi, respublikan\u0131n inki\u015faf\u0131 \u00fc\u00e7\u00fcn strateji prioritetl\u0259ri m\u00fc\u0259yy\u0259nl\u0259\u015fdirdi. Bu g\u00fcn respublikan\u0131n firavanla\u015fmas\u0131 da Heyd\u0259r \u018fliyevin xidm\u0259tidir.<\/p>\n<p>&#8230; 1948-ci ild\u0259 Heyd\u0259r \u018fliyev Kislovodskda Z\u0259rif\u0259 adl\u0131 g\u00f6z\u0259l bir g\u0259nc alim, oftalmoloq-h\u0259kiml\u0259 tan\u0131\u015f olur. Bu g\u00f6r\u00fc\u015f sonradan Az\u0259rbaycan\u0131n inki\u015faf yolunu m\u00fc\u0259yy\u0259n etdi. Onlar evl\u0259ndil\u0259r, Sevil v\u0259 \u0130lham adl\u0131 \u00f6vladlar\u0131 d\u00fcnyaya g\u0259ldi. M\u0259n f\u0259xr edir\u0259m ki, bu g\u00fcn Az\u0259rbaycana \u0130lham Heyd\u0259r o\u011flu \u018fliyev r\u0259hb\u0259rlik edir\u201d.<\/p>\n<p>Nazir q\u00fcrurla bildirib ki, Heyd\u0259r \u018fliyev d\u00fcnyas\u0131n\u0131 d\u0259yi\u015f\u0259nd\u0259n ill\u0259r sonra \u015eimali Qafqazda onu unutmurlar, ona abid\u0259l\u0259r ucald\u0131l\u0131r, k\u00fc\u00e7\u0259l\u0259r\u0259 v\u0259 ba\u011flara onun ad\u0131 verilir.<\/p>\n<p>S.\u00c7ebotaryov deyib: \u201cBu il may\u0131n 10-da biz Rusiya Prezidentinin tap\u015f\u0131r\u0131\u011f\u0131na \u0259sas\u0259n, Rusiya Prezidentinin xarici \u00f6lk\u0259l\u0259rl\u0259 regionlararas\u0131 v\u0259 m\u0259d\u0259ni \u0259laq\u0259l\u0259r idar\u0259sinin r\u0259isi Vladimir \u00c7ernovun r\u0259hb\u0259rliyi il\u0259 Az\u0259rbaycandan olan h\u0259mkarlar\u0131m\u0131zla birlikd\u0259 Heyd\u0259r \u018fliyev\u0259 h\u0259sr edilmi\u015f \u00e7ox g\u00f6z\u0259l bir s\u0259rgi t\u0259\u015fkil etdik. Bu s\u0259rgid\u0259n sonra bizim ki\u00e7ik bir qrup Rusiyadan Bak\u0131ya getdi. Da\u011f\u0131standa Vladimir Vasilyevl\u0259 g\u00f6r\u00fc\u015fd\u00fck. D\u0259rb\u0259ndin m\u0259rk\u0259zind\u0259, be\u015f il bundan \u0259vv\u0259l Heyd\u0259r \u018fliyevin ad\u0131 verilmi\u015f k\u00fc\u00e7\u0259d\u0259 g\u0259zi\u015fdik. Bu k\u00fc\u00e7\u0259 bizi birl\u0259\u015fdirir. M\u0259nim fikrimc\u0259, bu, Heyd\u0259r \u018fliyevin \u015f\u0259r\u0259fin\u0259 adland\u0131r\u0131lan sonuncu k\u00fc\u00e7\u0259 olmayacaq. Biz bu b\u00f6y\u00fck insan\u0131 xat\u0131rlay\u0131r\u0131q v\u0259 h\u0259mi\u015f\u0259 xat\u0131rlayaca\u011f\u0131q, onun bar\u0259sind\u0259 xatir\u0259l\u0259rimizi \u015fagirdl\u0259rimiz\u0259 v\u0259 bir-birimiz\u0259 s\u00f6yl\u0259y\u0259c\u0259yik ki, h\u0259l\u0259 uzun ill\u0259r boyu g\u00f6r\u00fc\u015f\u00fcb onun haqq\u0131nda birlikd\u0259 dan\u0131\u015fmaq imkan\u0131 olsun\u201d.<\/p>\n<p>D\u00f6vl\u0259tl\u0259raras\u0131 Aviasiya Komit\u0259sinin s\u0259dri Tatyana Anodina Heyd\u0259r \u018fliyev haqq\u0131nda xatir\u0259l\u0259rini b\u00f6l\u00fc\u015f\u00fcb. Heyd\u0259r \u018fliyevl\u0259 v\u0259 Z\u0259rif\u0259 xan\u0131mla \u015f\u0259xs\u0259n tan\u0131\u015f oldu\u011funu qeyd ed\u0259n T. Tatyana deyib: \u201cHeyd\u0259r \u018fliyev \u00f6z\u00fc \u00e7ox t\u0259vaz\u00f6kar insan idi, \u00f6vladlar\u0131n\u0131 da bu ruhda t\u0259rbiy\u0259 edirdi. Son d\u0259r\u0259c\u0259 sad\u0259 v\u0259 humanist idi. Moskvada hakimiyy\u0259tin g\u00f6z\u00fcnd\u0259n d\u00fc\u015fd\u00fcy\u00fc d\u00f6vrd\u0259 biz onunla g\u00f6r\u00fc\u015f\u00fcr, telefon s\u00f6hb\u0259tl\u0259ri edirdik. O soru\u015furdu: \u201cTatyana, s\u0259n qorxmursan?\u201d M\u0259n cavab verdim ki, he\u00e7 n\u0259d\u0259n qorxmuram. Bir ne\u00e7\u0259 ild\u0259n sonra Heyd\u0259r \u018fliyev Az\u0259rbaycana qay\u0131tma\u011fa haz\u0131rla\u015fanda m\u0259n ondan soru\u015fdum ki, qay\u0131tma\u011fa qorxmurmu? O dedi: \u201cAx\u0131, s\u0259n \u00f6z\u00fcn dedin ki, he\u00e7 n\u0259d\u0259n qorxmursan. N\u0259y\u0259 g\u00f6r\u0259 hesab edirs\u0259n ki, m\u0259n \u00f6z V\u0259t\u0259nimd\u0259 n\u0259d\u0259ns\u0259 qorxa bil\u0259r\u0259m!\u201d.<\/p>\n<p>RF Prezidentinin beyn\u0259lxalq m\u0259d\u0259ni \u0259m\u0259kda\u015fl\u0131q \u00fczr\u0259 x\u00fcsusi n\u00fcmay\u0259nd\u0259si Mixail \u015ev\u0131dkoy qeyd edib ki, Heyd\u0259r \u018fliyevin v\u0259fat\u0131 t\u0259kc\u0259 Az\u0259rbaycan sakinl\u0259ri \u00fc\u00e7\u00fcn deyil, Rusiyada v\u0259 postsovet m\u0259kan\u0131ndak\u0131 dig\u0259r \u00f6lk\u0259l\u0259rd\u0259 onu tan\u0131yanlar\u0131n ham\u0131s\u0131 \u00fc\u00e7\u00fcn b\u00f6y\u00fck faci\u0259 olub. Ona g\u00f6r\u0259 ki, Heyd\u0259r \u018fliyev t\u0259kc\u0259 respublika miqyasl\u0131 \u015f\u0259xsiyy\u0259t deyildi. Heyd\u0259r \u018fliyev \u00f6z v\u0259t\u0259nini sev\u0259n v\u0259 onun tarixd\u0259 qalmas\u0131 \u00fc\u00e7\u00fcn \u0259lind\u0259n g\u0259l\u0259ni etmi\u015f az\u0259rbaycanl\u0131 idi\u201d.<\/p>\n<p>Mixail \u015ev\u0131dkoy deyib: \u201cO, Sovet \u0130ttifaq\u0131 kimi b\u00f6y\u00fck \u00f6lk\u0259nin siyas\u0259tini \u00e7ox c\u0259h\u0259td\u0259n m\u00fc\u0259yy\u0259n ed\u0259n insan idi. \u018flb\u0259tt\u0259, biz ham\u0131m\u0131z onun h\u0259m ittifaq h\u00f6kum\u0259tind\u0259 tutdu\u011fu v\u0259zif\u0259l\u0259rd\u0259, h\u0259m d\u0259 partiyan\u0131n ali r\u0259hb\u0259rliyinin \u00fczvl\u0259rind\u0259n biri kimi \u00e7ox i\u015f g\u00f6rd\u00fcy\u00fcn\u00fc xat\u0131rlay\u0131r\u0131q. Bununla b\u0259rab\u0259r, m\u0259n \u00e7ox yax\u015f\u0131 ba\u015fa d\u00fc\u015f\u00fcr\u0259m ki, Heyd\u0259r \u018fliyev, ilk n\u00f6vb\u0259d\u0259, Az\u0259rbaycan\u0131n xilaskar\u0131 olub. \u00d6lk\u0259 par\u00e7alanma v\u0259 v\u0259t\u0259nda\u015f m\u00fcharib\u0259si h\u0259ddind\u0259 oldu\u011fu faci\u0259li d\u00f6vrd\u0259 Heyd\u0259r \u018fliyev \u00f6z irad\u0259si, enerjisi, istedad\u0131, strateji uzaqg\u00f6r\u0259nliyi say\u0259sind\u0259 bu \u00f6lk\u0259ni yenid\u0259n qurma\u011fa nail oldu\u201d.<\/p>\n<p>RF Prezidentinin beyn\u0259lxalq m\u0259d\u0259ni \u0259m\u0259kda\u015fl\u0131q \u00fczr\u0259 x\u00fcsusi n\u00fcmay\u0259nd\u0259si \u00e7\u0131x\u0131\u015f\u0131n\u0131n sonunda deyib: \u201cBu g\u00fcn \u0130lham Heyd\u0259r o\u011flu \u018fliyevin r\u0259hb\u0259rliyi il\u0259 firavanlasan Az\u0259rbaycanda h\u0259yat t\u0259rzi, \u0259lb\u0259tt\u0259, \u00f6t\u0259n \u0259srin 90-c\u0131 ill\u0259rinin ortalar\u0131ndak\u0131 h\u0259yat t\u0259rzind\u0259n tamam f\u0259rqlidir. Ayd\u0131nd\u0131r ki, yeni Az\u0259rbaycan\u0131n, onun firavanl\u0131\u011f\u0131n\u0131n, d\u00f6vl\u0259t\u00e7iliyinin, onun d\u00fcnyada yerinin t\u0259m\u0259li \u0259lb\u0259tt\u0259, Heyd\u0259r \u018fliyev t\u0259r\u0259find\u0259n qoyulub \u2013 onun g\u0259rgin \u0259m\u0259yi, sars\u0131lmaz irad\u0259si, h\u0259dsiz z\u0259hm\u0259ti bahas\u0131na. Heyd\u0259r \u018fliyev h\u0259qiq\u0259t\u0259n m\u0259rd insan idi. O, \u00f6z xalq\u0131na \u00e7ox g\u0259r\u0259k idi v\u0259 m\u0259hz laz\u0131mi m\u0259qamda g\u0259ldi. Ona g\u00f6r\u0259 bu g\u00fcn &#8211; Heyd\u0259r \u018fliyevin d\u00fcnyas\u0131n\u0131 d\u0259yi\u015fdiyi g\u00fcn \u00e7ox k\u0259d\u0259rli g\u00fcnd\u00fcr, lakin bu, h\u0259m d\u0259 h\u0259rt\u0259r\u0259fli b\u00f6y\u00fck \u015f\u0259xsiyy\u0259t, \u00f6z xalq\u0131 \u00fc\u00e7\u00fcn, postsovet m\u0259kan\u0131nda yaranm\u0131\u015f b\u00fct\u00fcn yeni \u00f6lk\u0259l\u0259rin xalqlar\u0131 \u00fc\u00e7\u00fcn \u00e7ox g\u0259r\u0259kli bir insan\u0131n xatir\u0259 g\u00fcn\u00fcd\u00fcr. Ruhu \u015fad olsun\u201d.<\/p>\n<p>MDB \u0130craiyy\u0259 Komit\u0259sinin s\u0259dri Sergey Lebedevin s\u00f6zl\u0259rin\u0259 g\u00f6r\u0259, ona Heyd\u0259r \u018fliyevl\u0259 d\u0259f\u0259l\u0259rl\u0259 g\u00f6r\u00fc\u015fm\u0259k s\u0259ad\u0259ti n\u0259sib olub. S.Lebedev vur\u011fulay\u0131b: \u201cM\u0259n, MDB \u0130craiyy\u0259 Komit\u0259sinin s\u0259dri kimi, dem\u0259k ist\u0259yir\u0259m ki, Heyd\u0259r \u018fliyevin xatir\u0259si b\u00fct\u00fcn MDB m\u0259kan\u0131nda ehtiramla yad edilir. Rusiyada Az\u0259rbaycan diasporunun, MDB \u00f6lk\u0259l\u0259rinin s\u0259firlikl\u0259rinin n\u00fcmay\u0259nd\u0259l\u0259ri ild\u0259 iki d\u0259f\u0259 &#8211; mayda v\u0259 dekabrda topla\u015faraq Az\u0259rbaycan xalq\u0131n\u0131n dahi liderini birlikd\u0259 yad edirl\u0259r. O, t\u0259kc\u0259 Az\u0259rbaycan xalq\u0131n\u0131n lideri deyildi, b\u00fct\u00fcn Sovet \u0130ttifaq\u0131nda h\u00f6rm\u0259t qazanm\u0131\u015f m\u0259\u015fhur v\u0259 b\u00f6y\u00fck d\u00f6vl\u0259t xadimi idi.<\/p>\n<p>S.Lebedev qeyd edib ki, Moskvada Heyd\u0259r \u018fliyevi \u015f\u0259xs\u0259n tan\u0131yanlar da, onu yaln\u0131z qiyabi tan\u0131yanlar da bu b\u00f6y\u00fck siyasi xadim v\u0259 d\u00f6vl\u0259t xadimi haqq\u0131nda s\u0259mimiyy\u0259tl\u0259 dan\u0131\u015f\u0131rlar. MDB \u0130craiyy\u0259 Komit\u0259sinin s\u0259dri sonda deyib: \u201cBu g\u00fcn d\u0259 burada Moskva ictimaiyy\u0259tinin n\u00fcmay\u0259nd\u0259l\u0259ri topla\u015f\u0131b, burada MDB \u00f6lk\u0259l\u0259rinin \u00e7oxsayl\u0131 diplomatlar\u0131n\u0131 g\u00f6r\u00fcr\u0259m. Bu g\u00fcn biz d\u0259 Heyd\u0259r \u018fliyevin d\u00fcnyas\u0131n\u0131 d\u0259yi\u015fm\u0259sinin 15 illiyi il\u0259 \u0259laq\u0259dar bel\u0259 s\u0259mimi \u015f\u0259raitd\u0259 onu xat\u0131rlay\u0131r\u0131q\u201d.<\/p>\n<p>UNESCO i\u015fl\u0259ri \u00fczr\u0259 komissiya s\u0259drinin m\u00fcavini, Rusiya Beyn\u0259lxalq M\u0259s\u0259l\u0259l\u0259r \u015euras\u0131n\u0131n vitse-prezidenti Aleksey Dzasoxov, Rusiya Neft-Qaz S\u0259naye\u00e7il\u0259ri \u0130ttifaq\u0131n\u0131n prezidenti Gennadi \u015emal v\u0259 ba\u015fqalar\u0131 da Az\u0259rbaycan xalq\u0131n\u0131n \u00dcmummilli Lideri haqq\u0131nda xatir\u0259l\u0259rini b\u00f6l\u00fc\u015f\u00fcbl\u0259r.<\/p>\n<p>T\u0259dbirin sonunda Az\u0259rbaycan\u0131n Rusiyadak\u0131 s\u0259firi Polad B\u00fclb\u00fclo\u011flu rejissor Tofiq \u015eahverdiyev\u0259 v\u0259 m\u00fc\u011f\u0259nni S\u0259rxan S\u0259rxana \u201cAz\u0259rbaycan\u0131n Xalq artisti\u201d f\u0259xri ad\u0131n\u0131n d\u00f6\u015f ni\u015fanlar\u0131n\u0131 v\u0259 v\u0259siq\u0259l\u0259rini t\u0259qdim edib.<\/p>\n","protected":false},"excerpt":{"rendered":"<p>ARANTV.AZ x\u0259b\u0259r verir ki, Moskvada Az\u0259rbaycan xalq\u0131n\u0131n \u00fcmummilli lideri Heyd\u0259r \u018fliyevin xatir\u0259 gec\u0259si ke\u00e7irilib. Az\u0259rbaycan\u0131n Rusiyadak\u0131 s\u0259firliyi t\u0259r\u0259find\u0259n t\u0259\u015fkil edilmi\u015f t\u0259dbirin qonaqlar\u0131 aras\u0131nda m\u0259\u015fhur siyasi v\u0259 ictimai xadiml\u0259r, Heyd\u0259r \u018fliyevin dostlar\u0131 v\u0259 m\u0259sl\u0259kda\u015flar\u0131, dost \u00f6lk\u0259l\u0259ri s\u0259firl\u0259ri vard\u0131. T\u0259dbirin \u0259vv\u0259lind\u0259 Ulu \u00d6nd\u0259r haqq\u0131nda Heyd\u0259r \u018fliyev Fondu t\u0259r\u0259find\u0259n haz\u0131rlanm\u0131\u015f film n\u00fcmayi\u015f etdirilib. Gec\u0259ni Az\u0259rbaycan\u0131n Rusiyadak\u0131 s\u0259firi Polad B\u00fclb\u00fclo\u011flu a\u00e7\u0131b. O, t\u0259dbir i\u015ftirak\u00e7\u0131lar\u0131n\u0131n ham\u0131s\u0131na t\u0259\u015f\u0259kk\u00fcr bildir\u0259r\u0259k qeyd edib ki, bu g\u00fcn g\u00f6rk\u0259mli d\u00f6vl\u0259t xadimi, Az\u0259rbaycan xalq\u0131n\u0131n \u00fcmummilli lideri Heyd\u0259r \u018fliyevin an\u0131m g\u00fcn\u00fcd\u00fcr. S\u0259fir deyib: \u201cBuraya Heyd\u0259r \u018fliyevi \u015f\u0259xs\u0259n tan\u0131yan, onunla d\u0259f\u0259l\u0259rl\u0259 g\u00f6r\u00fc\u015fm\u00fc\u015f insanlar&hellip;<\/p>\n","protected":false},"author":2,"featured_media":27165,"comment_status":"closed","ping_status":"closed","sticky":false,"template":"","format":"standard","meta":{"om_disable_all_campaigns":false,"_monsterinsights_skip_tracking":false,"_monsterinsights_sitenote_active":false,"_monsterinsights_sitenote_note":"","_monsterinsights_sitenote_category":0},"categories":[4],"tags":[],"aioseo_notices":[],"gutentor_comment":0,"rttpg_featured_image_url":{"full":["https:\/\/arantv.az\/wp-content\/uploads\/2018\/12\/o1p2vpirm7v4b2igpd97nfn8v2mos.jpg",1000,666,false],"landscape":["https:\/\/arantv.az\/wp-content\/uploads\/2018\/12\/o1p2vpirm7v4b2igpd97nfn8v2mos.jpg",1000,666,false],"portraits":["https:\/\/arantv.az\/wp-content\/uploads\/2018\/12\/o1p2vpirm7v4b2igpd97nfn8v2mos.jpg",1000,666,false],"thumbnail":["https:\/\/arantv.az\/wp-content\/uploads\/2018\/12\/o1p2vpirm7v4b2igpd97nfn8v2mos-150x150.jpg",150,150,true],"medium":["https:\/\/arantv.az\/wp-content\/uploads\/2018\/12\/o1p2vpirm7v4b2igpd97nfn8v2mos-300x200.jpg",300,200,true],"large":["https:\/\/arantv.az\/wp-content\/uploads\/2018\/12\/o1p2vpirm7v4b2igpd97nfn8v2mos.jpg",640,426,false],"1536x1536":["https:\/\/arantv.az\/wp-content\/uploads\/2018\/12\/o1p2vpirm7v4b2igpd97nfn8v2mos.jpg",1000,666,false],"2048x2048":["https:\/\/arantv.az\/wp-content\/uploads\/2018\/12\/o1p2vpirm7v4b2igpd97nfn8v2mos.jpg",1000,666,false],"post-thumbnail":["https:\/\/arantv.az\/wp-content\/uploads\/2018\/12\/o1p2vpirm7v4b2igpd97nfn8v2mos-240x172.jpg",240,172,true],"advps-thumb-one":["https:\/\/arantv.az\/wp-content\/uploads\/2018\/12\/o1p2vpirm7v4b2igpd97nfn8v2mos-1000x620.jpg",1000,620,true]},"rttpg_author":{"display_name":"V\u00fcsal Rafiqo\u011flu","author_link":"https:\/\/arantv.az\/?author=2"},"rttpg_comment":0,"rttpg_category":"<a href=\"https:\/\/arantv.az\/?cat=4\" rel=\"category\">Siyas\u0259t<\/a>","rttpg_excerpt":"ARANTV.AZ x\u0259b\u0259r verir ki, Moskvada Az\u0259rbaycan xalq\u0131n\u0131n \u00fcmummilli lideri Heyd\u0259r \u018fliyevin xatir\u0259 gec\u0259si ke\u00e7irilib. Az\u0259rbaycan\u0131n Rusiyadak\u0131 s\u0259firliyi t\u0259r\u0259find\u0259n t\u0259\u015fkil edilmi\u015f t\u0259dbirin qonaqlar\u0131 aras\u0131nda m\u0259\u015fhur siyasi v\u0259 ictimai xadiml\u0259r, Heyd\u0259r \u018fliyevin dostlar\u0131 v\u0259 m\u0259sl\u0259kda\u015flar\u0131, dost \u00f6lk\u0259l\u0259ri s\u0259firl\u0259ri vard\u0131. T\u0259dbirin \u0259vv\u0259lind\u0259 Ulu \u00d6nd\u0259r haqq\u0131nda Heyd\u0259r \u018fliyev Fondu t\u0259r\u0259find\u0259n haz\u0131rlanm\u0131\u015f film n\u00fcmayi\u015f etdirilib. Gec\u0259ni Az\u0259rbaycan\u0131n Rusiyadak\u0131 s\u0259firi Polad&hellip;","_links":{"self":[{"href":"https:\/\/arantv.az\/index.php?rest_route=\/wp\/v2\/posts\/27164"}],"collection":[{"href":"https:\/\/arantv.az\/index.php?rest_route=\/wp\/v2\/posts"}],"about":[{"href":"https:\/\/arantv.az\/index.php?rest_route=\/wp\/v2\/types\/post"}],"author":[{"embeddable":true,"href":"https:\/\/arantv.az\/index.php?rest_route=\/wp\/v2\/users\/2"}],"replies":[{"embeddable":true,"href":"https:\/\/arantv.az\/index.php?rest_route=%2Fwp%2Fv2%2Fcomments&post=27164"}],"version-history":[{"count":0,"href":"https:\/\/arantv.az\/index.php?rest_route=\/wp\/v2\/posts\/27164\/revisions"}],"wp:featuredmedia":[{"embeddable":true,"href":"https:\/\/arantv.az\/index.php?rest_route=\/wp\/v2\/media\/27165"}],"wp:attachment":[{"href":"https:\/\/arantv.az\/index.php?rest_route=%2Fwp%2Fv2%2Fmedia&parent=27164"}],"wp:term":[{"taxonomy":"category","embeddable":true,"href":"https:\/\/arantv.az\/index.php?rest_route=%2Fwp%2Fv2%2Fcategories&post=27164"},{"taxonomy":"post_tag","embeddable":true,"href":"https:\/\/arantv.az\/index.php?rest_route=%2Fwp%2Fv2%2Ftags&post=27164"}],"curies":[{"name":"wp","href":"https:\/\/api.w.org\/{rel}","templated":true}]}}