{"id":27167,"date":"2018-12-11T15:22:53","date_gmt":"2018-12-11T12:22:53","guid":{"rendered":"http:\/\/arantv.az\/?p=27167"},"modified":"2018-12-11T15:22:53","modified_gmt":"2018-12-11T12:22:53","slug":"kiyevd%c9%99-heyd%c9%99r-%c9%99liyev-v%c9%99-az%c9%99rbaycan-diasporu-movzusunda-konfrans-kecirilib","status":"publish","type":"post","link":"https:\/\/arantv.az\/?p=27167","title":{"rendered":"Kiyevd\u0259 \u201cHeyd\u0259r \u018fliyev v\u0259 Az\u0259rbaycan diasporu\u201d m\u00f6vzusunda konfrans ke\u00e7irilib"},"content":{"rendered":"<p><strong>ARANTV.AZ<\/strong> x\u0259b\u0259r verir ki, Kiyevd\u0259 \u201cHeyd\u0259r \u018fliyev v\u0259 \u00a0Az\u0259rbaycan diasporu\u00a0\u201d<strong>\u00a0<\/strong>m\u00f6vzusunda konfrans ke\u00e7irilib. Ulu \u00d6nd\u0259rin xatir\u0259sin\u0259 h\u0259sr olunan t\u0259dbirin i\u015ftirak\u00e7\u0131lar\u0131 \u0259vv\u0259lc\u0259 \u00fcmummilli lider Heyd\u0259r \u018fliyevin Kiyev \u015f\u0259h\u0259rind\u0259ki abid\u0259sini ziyar\u0259t edibl\u0259r. Sonra ke\u00e7iril\u0259n t\u0259dbird\u0259 Diasporla \u0130\u015f \u00fczr\u0259 D\u00f6vl\u0259t Komit\u0259sinin aparat r\u0259hb\u0259ri Da\u015fq\u0131n R\u0259c\u0259bli dahi \u015f\u0259xsiyy\u0259tin misilsiz xidm\u0259tl\u0259rind\u0259n dan\u0131\u015f\u0131b.\u00a0 Heyd\u0259r \u018fliyevin d\u00fcnyan\u0131n nadir\u00a0 \u015f\u0259xsiyy\u0259tl\u0259rind\u0259n biri oldu\u011funu vur\u011fulayan\u00a0 Ukrayna parlamentinin deputat\u0131 Xvitsa Mepari\u015fvili ulu \u00f6nd\u0259rin siyasi irsinin \u00f6yr\u0259nilm\u0259sinin v\u0259 t\u0259tbiq edilm\u0259sinin \u00a0vacibliyini qeyd edib. Dig\u0259r \u00e7\u0131x\u0131\u015f\u00e7\u0131lar da\u00a0g\u00f6rk\u0259mli siyasi xadimin h\u0259yata ke\u00e7irdiyi u\u011furlu siyas\u0259td\u0259n dan\u0131\u015f\u0131blar. T\u0259dbird\u0259 ulu \u00f6nd\u0259r\u0259 h\u0259sr olunan film d\u0259 n\u00fcmayi\u015f etdirilib.<\/p>\n","protected":false},"excerpt":{"rendered":"<p>ARANTV.AZ x\u0259b\u0259r verir ki, Kiyevd\u0259 \u201cHeyd\u0259r \u018fliyev v\u0259 \u00a0Az\u0259rbaycan diasporu\u00a0\u201d\u00a0m\u00f6vzusunda konfrans ke\u00e7irilib. Ulu \u00d6nd\u0259rin xatir\u0259sin\u0259 h\u0259sr olunan t\u0259dbirin i\u015ftirak\u00e7\u0131lar\u0131 \u0259vv\u0259lc\u0259 \u00fcmummilli lider Heyd\u0259r \u018fliyevin Kiyev \u015f\u0259h\u0259rind\u0259ki abid\u0259sini ziyar\u0259t edibl\u0259r. Sonra ke\u00e7iril\u0259n t\u0259dbird\u0259 Diasporla \u0130\u015f \u00fczr\u0259 D\u00f6vl\u0259t Komit\u0259sinin aparat r\u0259hb\u0259ri Da\u015fq\u0131n R\u0259c\u0259bli dahi \u015f\u0259xsiyy\u0259tin misilsiz xidm\u0259tl\u0259rind\u0259n dan\u0131\u015f\u0131b.\u00a0 Heyd\u0259r \u018fliyevin d\u00fcnyan\u0131n nadir\u00a0 \u015f\u0259xsiyy\u0259tl\u0259rind\u0259n biri oldu\u011funu vur\u011fulayan\u00a0 Ukrayna parlamentinin deputat\u0131 Xvitsa Mepari\u015fvili ulu \u00f6nd\u0259rin siyasi irsinin \u00f6yr\u0259nilm\u0259sinin v\u0259 t\u0259tbiq edilm\u0259sinin \u00a0vacibliyini qeyd edib. Dig\u0259r \u00e7\u0131x\u0131\u015f\u00e7\u0131lar da\u00a0g\u00f6rk\u0259mli siyasi xadimin h\u0259yata ke\u00e7irdiyi u\u011furlu siyas\u0259td\u0259n dan\u0131\u015f\u0131blar. T\u0259dbird\u0259 ulu \u00f6nd\u0259r\u0259 h\u0259sr olunan film d\u0259 n\u00fcmayi\u015f etdirilib.<\/p>\n","protected":false},"author":2,"featured_media":27168,"comment_status":"closed","ping_status":"closed","sticky":false,"template":"","format":"standard","meta":{"om_disable_all_campaigns":false,"_monsterinsights_skip_tracking":false,"_monsterinsights_sitenote_active":false,"_monsterinsights_sitenote_note":"","_monsterinsights_sitenote_category":0},"categories":[4],"tags":[],"aioseo_notices":[],"gutentor_comment":0,"rttpg_featured_image_url":{"full":["https:\/\/arantv.az\/wp-content\/uploads\/2018\/12\/o1p2vpirm7v4b2igpd97nfn8v2kiy.jpg",1000,662,false],"landscape":["https:\/\/arantv.az\/wp-content\/uploads\/2018\/12\/o1p2vpirm7v4b2igpd97nfn8v2kiy.jpg",1000,662,false],"portraits":["https:\/\/arantv.az\/wp-content\/uploads\/2018\/12\/o1p2vpirm7v4b2igpd97nfn8v2kiy.jpg",1000,662,false],"thumbnail":["https:\/\/arantv.az\/wp-content\/uploads\/2018\/12\/o1p2vpirm7v4b2igpd97nfn8v2kiy-150x150.jpg",150,150,true],"medium":["https:\/\/arantv.az\/wp-content\/uploads\/2018\/12\/o1p2vpirm7v4b2igpd97nfn8v2kiy-300x199.jpg",300,199,true],"large":["https:\/\/arantv.az\/wp-content\/uploads\/2018\/12\/o1p2vpirm7v4b2igpd97nfn8v2kiy.jpg",640,424,false],"1536x1536":["https:\/\/arantv.az\/wp-content\/uploads\/2018\/12\/o1p2vpirm7v4b2igpd97nfn8v2kiy.jpg",1000,662,false],"2048x2048":["https:\/\/arantv.az\/wp-content\/uploads\/2018\/12\/o1p2vpirm7v4b2igpd97nfn8v2kiy.jpg",1000,662,false],"post-thumbnail":["https:\/\/arantv.az\/wp-content\/uploads\/2018\/12\/o1p2vpirm7v4b2igpd97nfn8v2kiy-240x172.jpg",240,172,true],"advps-thumb-one":["https:\/\/arantv.az\/wp-content\/uploads\/2018\/12\/o1p2vpirm7v4b2igpd97nfn8v2kiy-1000x620.jpg",1000,620,true]},"rttpg_author":{"display_name":"V\u00fcsal Rafiqo\u011flu","author_link":"https:\/\/arantv.az\/?author=2"},"rttpg_comment":0,"rttpg_category":"<a href=\"https:\/\/arantv.az\/?cat=4\" rel=\"category\">Siyas\u0259t<\/a>","rttpg_excerpt":"ARANTV.AZ x\u0259b\u0259r verir ki, Kiyevd\u0259 \u201cHeyd\u0259r \u018fliyev v\u0259 \u00a0Az\u0259rbaycan diasporu\u00a0\u201d\u00a0m\u00f6vzusunda konfrans ke\u00e7irilib. Ulu \u00d6nd\u0259rin xatir\u0259sin\u0259 h\u0259sr olunan t\u0259dbirin i\u015ftirak\u00e7\u0131lar\u0131 \u0259vv\u0259lc\u0259 \u00fcmummilli lider Heyd\u0259r \u018fliyevin Kiyev \u015f\u0259h\u0259rind\u0259ki abid\u0259sini ziyar\u0259t edibl\u0259r. Sonra ke\u00e7iril\u0259n t\u0259dbird\u0259 Diasporla \u0130\u015f \u00fczr\u0259 D\u00f6vl\u0259t Komit\u0259sinin aparat r\u0259hb\u0259ri Da\u015fq\u0131n R\u0259c\u0259bli dahi \u015f\u0259xsiyy\u0259tin misilsiz xidm\u0259tl\u0259rind\u0259n dan\u0131\u015f\u0131b.\u00a0 Heyd\u0259r \u018fliyevin d\u00fcnyan\u0131n nadir\u00a0 \u015f\u0259xsiyy\u0259tl\u0259rind\u0259n biri oldu\u011funu vur\u011fulayan\u00a0 Ukrayna&hellip;","_links":{"self":[{"href":"https:\/\/arantv.az\/index.php?rest_route=\/wp\/v2\/posts\/27167"}],"collection":[{"href":"https:\/\/arantv.az\/index.php?rest_route=\/wp\/v2\/posts"}],"about":[{"href":"https:\/\/arantv.az\/index.php?rest_route=\/wp\/v2\/types\/post"}],"author":[{"embeddable":true,"href":"https:\/\/arantv.az\/index.php?rest_route=\/wp\/v2\/users\/2"}],"replies":[{"embeddable":true,"href":"https:\/\/arantv.az\/index.php?rest_route=%2Fwp%2Fv2%2Fcomments&post=27167"}],"version-history":[{"count":0,"href":"https:\/\/arantv.az\/index.php?rest_route=\/wp\/v2\/posts\/27167\/revisions"}],"wp:featuredmedia":[{"embeddable":true,"href":"https:\/\/arantv.az\/index.php?rest_route=\/wp\/v2\/media\/27168"}],"wp:attachment":[{"href":"https:\/\/arantv.az\/index.php?rest_route=%2Fwp%2Fv2%2Fmedia&parent=27167"}],"wp:term":[{"taxonomy":"category","embeddable":true,"href":"https:\/\/arantv.az\/index.php?rest_route=%2Fwp%2Fv2%2Fcategories&post=27167"},{"taxonomy":"post_tag","embeddable":true,"href":"https:\/\/arantv.az\/index.php?rest_route=%2Fwp%2Fv2%2Ftags&post=27167"}],"curies":[{"name":"wp","href":"https:\/\/api.w.org\/{rel}","templated":true}]}}