{"id":27184,"date":"2018-12-11T16:02:48","date_gmt":"2018-12-11T13:02:48","guid":{"rendered":"http:\/\/arantv.az\/?p=27184"},"modified":"2018-12-11T16:02:48","modified_gmt":"2018-12-11T13:02:48","slug":"x%c9%99b%c9%99rdarliq-12","status":"publish","type":"post","link":"https:\/\/arantv.az\/?p=27184","title":{"rendered":"X\u0259b\u0259rdarl\u0131q"},"content":{"rendered":"<p align=\"center\"><strong>ARANTV.AZ<\/strong> x\u0259b\u0259r verir ki, Ekologiya v\u0259 T\u0259bii S\u0259rv\u0259tl\u0259r Nazirliyinin Milli Hidrometeorologiya Departamentinin verdiyi m\u0259lumata g\u00f6r\u0259:<\/p>\n<p><strong>Bak\u0131da v\u0259 Ab\u015feron yar\u0131madas\u0131nda\u00a0<\/strong>dekabr\u0131n 13-d\u0259 yar\u0131madas\u0131nda \u015fimal-q\u0259rb k\u00fcl\u0259yinin arabir g\u00fccl\u0259n\u0259c\u0259yi g\u00f6zl\u0259nilir.<\/p>\n<p><strong>Az\u0259rbaycan\u0131n rayonlar\u0131nda<\/strong>dekabr\u0131n 12-si ax\u015fam \u015fimal v\u0259 q\u0259rb rayonlar\u0131ndan ba\u015flayaraq dekabr\u0131n 14-d\u0259k \u00f6lk\u0259 \u0259razisind\u0259 hava \u015f\u0259raitinin qeyri-sabit ke\u00e7\u0259c\u0259yi, arabir ya\u011f\u0131\u015f ya\u011faca\u011f\u0131 g\u00f6zl\u0259nilir. B\u0259zi yerl\u0259rd\u0259 intensiv olaca\u011f\u0131, da\u011fl\u0131q \u0259razl\u0259rd\u0259 qar ya\u011faca\u011f\u0131\u00a0 ehtimal\u0131 var. Q\u0259rb k\u00fcl\u0259yi ayr\u0131-ayr\u0131 yerl\u0259rd\u0259 arabir g\u00fccl\u0259n\u0259c\u0259k.<\/p>\n","protected":false},"excerpt":{"rendered":"<p>ARANTV.AZ x\u0259b\u0259r verir ki, Ekologiya v\u0259 T\u0259bii S\u0259rv\u0259tl\u0259r Nazirliyinin Milli Hidrometeorologiya Departamentinin verdiyi m\u0259lumata g\u00f6r\u0259: Bak\u0131da v\u0259 Ab\u015feron yar\u0131madas\u0131nda\u00a0dekabr\u0131n 13-d\u0259 yar\u0131madas\u0131nda \u015fimal-q\u0259rb k\u00fcl\u0259yinin arabir g\u00fccl\u0259n\u0259c\u0259yi g\u00f6zl\u0259nilir. Az\u0259rbaycan\u0131n rayonlar\u0131ndadekabr\u0131n 12-si ax\u015fam \u015fimal v\u0259 q\u0259rb rayonlar\u0131ndan ba\u015flayaraq dekabr\u0131n 14-d\u0259k \u00f6lk\u0259 \u0259razisind\u0259 hava \u015f\u0259raitinin qeyri-sabit ke\u00e7\u0259c\u0259yi, arabir ya\u011f\u0131\u015f ya\u011faca\u011f\u0131 g\u00f6zl\u0259nilir. B\u0259zi yerl\u0259rd\u0259 intensiv olaca\u011f\u0131, da\u011fl\u0131q \u0259razl\u0259rd\u0259 qar ya\u011faca\u011f\u0131\u00a0 ehtimal\u0131 var. Q\u0259rb k\u00fcl\u0259yi ayr\u0131-ayr\u0131 yerl\u0259rd\u0259 arabir g\u00fccl\u0259n\u0259c\u0259k.<\/p>\n","protected":false},"author":2,"featured_media":27185,"comment_status":"closed","ping_status":"closed","sticky":false,"template":"","format":"standard","meta":{"om_disable_all_campaigns":false,"_monsterinsights_skip_tracking":false,"_monsterinsights_sitenote_active":false,"_monsterinsights_sitenote_note":"","_monsterinsights_sitenote_category":0},"categories":[1],"tags":[],"aioseo_notices":[],"gutentor_comment":0,"rttpg_featured_image_url":{"full":["https:\/\/arantv.az\/wp-content\/uploads\/2018\/12\/photo-1487762488615-8a011458b53e.jpg",620,465,false],"landscape":["https:\/\/arantv.az\/wp-content\/uploads\/2018\/12\/photo-1487762488615-8a011458b53e.jpg",620,465,false],"portraits":["https:\/\/arantv.az\/wp-content\/uploads\/2018\/12\/photo-1487762488615-8a011458b53e.jpg",620,465,false],"thumbnail":["https:\/\/arantv.az\/wp-content\/uploads\/2018\/12\/photo-1487762488615-8a011458b53e-150x150.jpg",150,150,true],"medium":["https:\/\/arantv.az\/wp-content\/uploads\/2018\/12\/photo-1487762488615-8a011458b53e-300x225.jpg",300,225,true],"large":["https:\/\/arantv.az\/wp-content\/uploads\/2018\/12\/photo-1487762488615-8a011458b53e.jpg",620,465,false],"1536x1536":["https:\/\/arantv.az\/wp-content\/uploads\/2018\/12\/photo-1487762488615-8a011458b53e.jpg",620,465,false],"2048x2048":["https:\/\/arantv.az\/wp-content\/uploads\/2018\/12\/photo-1487762488615-8a011458b53e.jpg",620,465,false],"post-thumbnail":["https:\/\/arantv.az\/wp-content\/uploads\/2018\/12\/photo-1487762488615-8a011458b53e-240x172.jpg",240,172,true],"advps-thumb-one":["https:\/\/arantv.az\/wp-content\/uploads\/2018\/12\/photo-1487762488615-8a011458b53e.jpg",620,465,false]},"rttpg_author":{"display_name":"V\u00fcsal Rafiqo\u011flu","author_link":"https:\/\/arantv.az\/?author=2"},"rttpg_comment":0,"rttpg_category":"<a href=\"https:\/\/arantv.az\/?cat=1\" rel=\"category\">C\u0259miyy\u0259t<\/a>","rttpg_excerpt":"ARANTV.AZ x\u0259b\u0259r verir ki, Ekologiya v\u0259 T\u0259bii S\u0259rv\u0259tl\u0259r Nazirliyinin Milli Hidrometeorologiya Departamentinin verdiyi m\u0259lumata g\u00f6r\u0259: Bak\u0131da v\u0259 Ab\u015feron yar\u0131madas\u0131nda\u00a0dekabr\u0131n 13-d\u0259 yar\u0131madas\u0131nda \u015fimal-q\u0259rb k\u00fcl\u0259yinin arabir g\u00fccl\u0259n\u0259c\u0259yi g\u00f6zl\u0259nilir. Az\u0259rbaycan\u0131n rayonlar\u0131ndadekabr\u0131n 12-si ax\u015fam \u015fimal v\u0259 q\u0259rb rayonlar\u0131ndan ba\u015flayaraq dekabr\u0131n 14-d\u0259k \u00f6lk\u0259 \u0259razisind\u0259 hava \u015f\u0259raitinin qeyri-sabit ke\u00e7\u0259c\u0259yi, arabir ya\u011f\u0131\u015f ya\u011faca\u011f\u0131 g\u00f6zl\u0259nilir. B\u0259zi yerl\u0259rd\u0259 intensiv olaca\u011f\u0131, da\u011fl\u0131q \u0259razl\u0259rd\u0259 qar ya\u011faca\u011f\u0131\u00a0&hellip;","_links":{"self":[{"href":"https:\/\/arantv.az\/index.php?rest_route=\/wp\/v2\/posts\/27184"}],"collection":[{"href":"https:\/\/arantv.az\/index.php?rest_route=\/wp\/v2\/posts"}],"about":[{"href":"https:\/\/arantv.az\/index.php?rest_route=\/wp\/v2\/types\/post"}],"author":[{"embeddable":true,"href":"https:\/\/arantv.az\/index.php?rest_route=\/wp\/v2\/users\/2"}],"replies":[{"embeddable":true,"href":"https:\/\/arantv.az\/index.php?rest_route=%2Fwp%2Fv2%2Fcomments&post=27184"}],"version-history":[{"count":0,"href":"https:\/\/arantv.az\/index.php?rest_route=\/wp\/v2\/posts\/27184\/revisions"}],"wp:featuredmedia":[{"embeddable":true,"href":"https:\/\/arantv.az\/index.php?rest_route=\/wp\/v2\/media\/27185"}],"wp:attachment":[{"href":"https:\/\/arantv.az\/index.php?rest_route=%2Fwp%2Fv2%2Fmedia&parent=27184"}],"wp:term":[{"taxonomy":"category","embeddable":true,"href":"https:\/\/arantv.az\/index.php?rest_route=%2Fwp%2Fv2%2Fcategories&post=27184"},{"taxonomy":"post_tag","embeddable":true,"href":"https:\/\/arantv.az\/index.php?rest_route=%2Fwp%2Fv2%2Ftags&post=27184"}],"curies":[{"name":"wp","href":"https:\/\/api.w.org\/{rel}","templated":true}]}}