{"id":27197,"date":"2018-12-11T16:25:56","date_gmt":"2018-12-11T13:25:56","guid":{"rendered":"http:\/\/arantv.az\/?p=27197"},"modified":"2018-12-11T16:25:56","modified_gmt":"2018-12-11T13:25:56","slug":"%c9%99li-%c9%99hm%c9%99dov-beyn%c9%99lxalq-t%c9%99skilatlar-ikili-standartlar-azarindan-qurtula-bilmir","status":"publish","type":"post","link":"https:\/\/arantv.az\/?p=27197","title":{"rendered":"\u018fli \u018fhm\u0259dov: Beyn\u0259lxalq t\u0259\u015fkilatlar ikili standartlar azar\u0131ndan qurtula bilmir"},"content":{"rendered":"<p>\u00c7ox t\u0259\u0259ss\u00fcf ki, beyn\u0259lxalq t\u0259\u015fkilatlar bir \u00e7ox m\u0259s\u0259l\u0259l\u0259r\u0259, o c\u00fcml\u0259d\u0259n se\u00e7kil\u0259r\u0259 m\u00fcnasib\u0259ti ifad\u0259 ed\u0259rk\u0259n ikili standartlardan qa\u00e7a bilmirl\u0259r.<\/p>\n<p><b>ARANTV.AZ\u00a0<\/b>x\u0259b\u0259r verir ki, bu fikri ba\u015f nazirin m\u00fcavini, YAP-\u0131n \u0130cra katibi\u00a0<strong>\u018fli \u018fhm\u0259dov\u00a0<\/strong>Erm\u0259nistanda dekabr 9-da ke\u00e7iril\u0259n parlament se\u00e7kil\u0259rind\u0259 ba\u015f ver\u0259n ciddi pozuntulara beyn\u0259lxalq t\u0259\u015fkilatlar\u0131n g\u00f6z yummas\u0131na dair jurnalistl\u0259rin suallar\u0131n\u0131 cavabland\u0131rark\u0259n deyib.<\/p>\n<p>\u018f.\u018fhm\u0259dov bildirib ki, beyn\u0259lxalq t\u0259\u015fkilatlar\u0131n bu kimi yanl\u0131\u015f yana\u015fmalar\u0131 Erm\u0259nistanda ke\u00e7iril\u0259n v\u0259 ciddi pozuntularla m\u00fc\u015fayi\u0259t olunan se\u00e7kil\u0259r\u0259 bigan\u0259 qalmalar\u0131nda da \u00f6z\u00fcn\u00fc g\u00f6st\u0259rir.<\/p>\n<div id=\"AdributorNativeVideo0\" class=\"AdributorNativeVideo\"><\/div>\n<p>Onun fikrinc\u0259, se\u00e7kil\u0259ri m\u00fc\u015fahid\u0259 ed\u0259n beyn\u0259lxalq qurumlar n\u00f6qsanlara m\u00fcnasib\u0259ti a\u00e7\u0131q \u015f\u0259kild\u0259 ifad\u0259 etm\u0259m\u0259kl\u0259 ikili standartlar n\u00fcmayi\u015f etdirir:<\/p>\n<p>\u201cY\u0259qin ki, beyn\u0259lxalq t\u0259\u015fkilatlar\u0131n ikili\u00a0 standartlar\u0131 insanlar\u0131n, sad\u0259 \u0259halinin\u00a0m\u00fcnasib\u0259tin\u0259 o q\u0259d\u0259r d\u0259 t\u0259sir etmir.<\/p>\n<p>Erm\u0259nistanda ciddi pozuntularla ba\u015f ver\u0259n se\u00e7kil\u0259rin n\u0259tic\u0259l\u0259rin\u0259 sad\u0259 erm\u0259ni xalq\u0131 \u00f6z etiraz\u0131n\u0131 bildirir v\u0259 bundan sonra da bildir\u0259c\u0259k. Bununla da, beyn\u0259lxalq t\u0259\u015fkilatlar\u0131n ikili standartlar\u0131 n\u00f6vb\u0259ti d\u0259f\u0259 if\u015fa olunacaq.<\/p>\n<p>T\u0259\u0259ss\u00fcf do\u011furan m\u0259qam odur ki, beyn\u0259lxalq t\u0259\u015fkilatlar ikili standartlar azar\u0131ndan qurtula bilmirl\u0259r\u201d.oxu.az<\/p>\n","protected":false},"excerpt":{"rendered":"<p>\u00c7ox t\u0259\u0259ss\u00fcf ki, beyn\u0259lxalq t\u0259\u015fkilatlar bir \u00e7ox m\u0259s\u0259l\u0259l\u0259r\u0259, o c\u00fcml\u0259d\u0259n se\u00e7kil\u0259r\u0259 m\u00fcnasib\u0259ti ifad\u0259 ed\u0259rk\u0259n ikili standartlardan qa\u00e7a bilmirl\u0259r. ARANTV.AZ\u00a0x\u0259b\u0259r verir ki, bu fikri ba\u015f nazirin m\u00fcavini, YAP-\u0131n \u0130cra katibi\u00a0\u018fli \u018fhm\u0259dov\u00a0Erm\u0259nistanda dekabr 9-da ke\u00e7iril\u0259n parlament se\u00e7kil\u0259rind\u0259 ba\u015f ver\u0259n ciddi pozuntulara beyn\u0259lxalq t\u0259\u015fkilatlar\u0131n g\u00f6z yummas\u0131na dair jurnalistl\u0259rin suallar\u0131n\u0131 cavabland\u0131rark\u0259n deyib. \u018f.\u018fhm\u0259dov bildirib ki, beyn\u0259lxalq t\u0259\u015fkilatlar\u0131n bu kimi yanl\u0131\u015f yana\u015fmalar\u0131 Erm\u0259nistanda ke\u00e7iril\u0259n v\u0259 ciddi pozuntularla m\u00fc\u015fayi\u0259t olunan se\u00e7kil\u0259r\u0259 bigan\u0259 qalmalar\u0131nda da \u00f6z\u00fcn\u00fc g\u00f6st\u0259rir. Onun fikrinc\u0259, se\u00e7kil\u0259ri m\u00fc\u015fahid\u0259 ed\u0259n beyn\u0259lxalq qurumlar n\u00f6qsanlara m\u00fcnasib\u0259ti a\u00e7\u0131q \u015f\u0259kild\u0259 ifad\u0259 etm\u0259m\u0259kl\u0259 ikili standartlar n\u00fcmayi\u015f etdirir: \u201cY\u0259qin ki, beyn\u0259lxalq&hellip;<\/p>\n","protected":false},"author":2,"featured_media":27198,"comment_status":"closed","ping_status":"closed","sticky":false,"template":"","format":"standard","meta":{"om_disable_all_campaigns":false,"_monsterinsights_skip_tracking":false,"_monsterinsights_sitenote_active":false,"_monsterinsights_sitenote_note":"","_monsterinsights_sitenote_category":0},"categories":[4],"tags":[],"aioseo_notices":[],"gutentor_comment":0,"rttpg_featured_image_url":{"full":["https:\/\/arantv.az\/wp-content\/uploads\/2018\/12\/ROM8883.jpg",620,413,false],"landscape":["https:\/\/arantv.az\/wp-content\/uploads\/2018\/12\/ROM8883.jpg",620,413,false],"portraits":["https:\/\/arantv.az\/wp-content\/uploads\/2018\/12\/ROM8883.jpg",620,413,false],"thumbnail":["https:\/\/arantv.az\/wp-content\/uploads\/2018\/12\/ROM8883-150x150.jpg",150,150,true],"medium":["https:\/\/arantv.az\/wp-content\/uploads\/2018\/12\/ROM8883-300x200.jpg",300,200,true],"large":["https:\/\/arantv.az\/wp-content\/uploads\/2018\/12\/ROM8883.jpg",620,413,false],"1536x1536":["https:\/\/arantv.az\/wp-content\/uploads\/2018\/12\/ROM8883.jpg",620,413,false],"2048x2048":["https:\/\/arantv.az\/wp-content\/uploads\/2018\/12\/ROM8883.jpg",620,413,false],"post-thumbnail":["https:\/\/arantv.az\/wp-content\/uploads\/2018\/12\/ROM8883-240x172.jpg",240,172,true],"advps-thumb-one":["https:\/\/arantv.az\/wp-content\/uploads\/2018\/12\/ROM8883.jpg",620,413,false]},"rttpg_author":{"display_name":"V\u00fcsal Rafiqo\u011flu","author_link":"https:\/\/arantv.az\/?author=2"},"rttpg_comment":0,"rttpg_category":"<a href=\"https:\/\/arantv.az\/?cat=4\" rel=\"category\">Siyas\u0259t<\/a>","rttpg_excerpt":"\u00c7ox t\u0259\u0259ss\u00fcf ki, beyn\u0259lxalq t\u0259\u015fkilatlar bir \u00e7ox m\u0259s\u0259l\u0259l\u0259r\u0259, o c\u00fcml\u0259d\u0259n se\u00e7kil\u0259r\u0259 m\u00fcnasib\u0259ti ifad\u0259 ed\u0259rk\u0259n ikili standartlardan qa\u00e7a bilmirl\u0259r. ARANTV.AZ\u00a0x\u0259b\u0259r verir ki, bu fikri ba\u015f nazirin m\u00fcavini, YAP-\u0131n \u0130cra katibi\u00a0\u018fli \u018fhm\u0259dov\u00a0Erm\u0259nistanda dekabr 9-da ke\u00e7iril\u0259n parlament se\u00e7kil\u0259rind\u0259 ba\u015f ver\u0259n ciddi pozuntulara beyn\u0259lxalq t\u0259\u015fkilatlar\u0131n g\u00f6z yummas\u0131na dair jurnalistl\u0259rin suallar\u0131n\u0131 cavabland\u0131rark\u0259n deyib. \u018f.\u018fhm\u0259dov bildirib ki, beyn\u0259lxalq t\u0259\u015fkilatlar\u0131n bu kimi&hellip;","_links":{"self":[{"href":"https:\/\/arantv.az\/index.php?rest_route=\/wp\/v2\/posts\/27197"}],"collection":[{"href":"https:\/\/arantv.az\/index.php?rest_route=\/wp\/v2\/posts"}],"about":[{"href":"https:\/\/arantv.az\/index.php?rest_route=\/wp\/v2\/types\/post"}],"author":[{"embeddable":true,"href":"https:\/\/arantv.az\/index.php?rest_route=\/wp\/v2\/users\/2"}],"replies":[{"embeddable":true,"href":"https:\/\/arantv.az\/index.php?rest_route=%2Fwp%2Fv2%2Fcomments&post=27197"}],"version-history":[{"count":0,"href":"https:\/\/arantv.az\/index.php?rest_route=\/wp\/v2\/posts\/27197\/revisions"}],"wp:featuredmedia":[{"embeddable":true,"href":"https:\/\/arantv.az\/index.php?rest_route=\/wp\/v2\/media\/27198"}],"wp:attachment":[{"href":"https:\/\/arantv.az\/index.php?rest_route=%2Fwp%2Fv2%2Fmedia&parent=27197"}],"wp:term":[{"taxonomy":"category","embeddable":true,"href":"https:\/\/arantv.az\/index.php?rest_route=%2Fwp%2Fv2%2Fcategories&post=27197"},{"taxonomy":"post_tag","embeddable":true,"href":"https:\/\/arantv.az\/index.php?rest_route=%2Fwp%2Fv2%2Ftags&post=27197"}],"curies":[{"name":"wp","href":"https:\/\/api.w.org\/{rel}","templated":true}]}}