{"id":27213,"date":"2018-12-12T08:08:37","date_gmt":"2018-12-12T05:08:37","guid":{"rendered":"http:\/\/arantv.az\/?p=27213"},"modified":"2018-12-12T08:08:37","modified_gmt":"2018-12-12T05:08:37","slug":"yuli-qusman-az%c9%99rbaycan-cic%c9%99kl%c9%99ri-heyd%c9%99r-%c9%99liyev-t%c9%99r%c9%99find%c9%99n-%c9%99kil%c9%99n-gulustana-cevrilib","status":"publish","type":"post","link":"https:\/\/arantv.az\/?p=27213","title":{"rendered":"Yuli Qusman: &#8220;Az\u0259rbaycan \u00e7i\u00e7\u0259kl\u0259ri Heyd\u0259r \u018fliyev t\u0259r\u0259find\u0259n \u0259kil\u0259n g\u00fcl\u00fcstana \u00e7evrilib&#8221;"},"content":{"rendered":"<p>Heyd\u0259r \u018fliyev n\u0259inki Az\u0259rbaycan v\u0259 Az\u0259rbaycan xalq\u0131n\u0131n, Rusiya, SSR\u0130 v\u0259 b\u00fct\u00fcn d\u00fcnya tarixind\u0259, h\u0259m\u00e7inin Heyd\u0259r \u018fliyevin v\u0259t\u0259nimizi &#8211; Az\u0259rbaycan\u0131 b\u0259rpa ed\u0259r\u0259k yeni respublika qurdu\u011fu zamanda ya\u015fayan v\u0259 i\u015fl\u0259y\u0259n, oxuyan v\u0259 yaradan h\u0259r bir k\u0259sin h\u0259yat\u0131nda \u00e7ox b\u00f6y\u00fck rol oynay\u0131b.<\/p>\n<p><strong>ARANTV.AZ<\/strong> x\u0259b\u0259r verir ki, bu bar\u0259d\u0259 trend-\u0259 rusiyal\u0131 teatr v\u0259 kino rejissoru, televiziya apar\u0131c\u0131s\u0131, aktyor, ictimai v\u0259 siyasi xadim, bak\u0131l\u0131 Yuli Qusman deyib.<\/p>\n<p>Onun s\u00f6zl\u0259rin\u0259 g\u00f6r\u0259, Heyd\u0259r \u018fliyevin xatir\u0259si b\u0259\u015f\u0259riyy\u0259t v\u0259 Az\u0259rbaycan durduqca ya\u015fayacaq: &#8220;Heyd\u0259r \u018fliyevd\u0259 heyr\u0259tamiz ciddilik v\u0259 xeyirxahl\u0131q, m\u0259n\u0259vi g\u00f6z\u0259llik v\u0259 d\u0259yan\u0259t, d\u00fc\u015fm\u0259nl\u0259r\u0259 v\u0259 cinay\u0259tl\u0259r\u0259 qar\u015f\u0131 d\u00f6z\u00fcms\u00fczl\u00fck, son d\u0259r\u0259c\u0259 i\u015f\u0131ql\u0131 z\u0259ka v\u0259 geni\u015f bilik birl\u0259\u015firdi. Heyd\u0259r \u018fliyev onu \u0259hat\u0259 ed\u0259n insanlara son d\u0259r\u0259c\u0259 d\u0259rin t\u0259sir ba\u011f\u0131\u015flay\u0131rd\u0131&#8221;.<\/p>\n<p>Bak\u0131ya son s\u0259f\u0259ri zaman\u0131 &#8220;b\u00f6y\u00fck memar\u0131n heyranl\u0131q do\u011furan \u015fah \u0259s\u0259ri&#8221; &#8211; Heyd\u0259r \u018fliyev M\u0259rk\u0259zind\u0259 oldu\u011funu bildir\u0259n Y.Qusman qeyd edib ki, bu \u015fah \u0259s\u0259ri dahi Heyd\u0259r \u018fliyevin xatir\u0259sin\u0259 layiqdir:<\/p>\n<p>&#8220;Bak\u0131 h\u0259mi\u015f\u0259 m\u0259ni \u00f6z\u00fcn\u0259 \u00e7\u0259kir. Bak\u0131 c\u0259zbedici g\u00fcc\u0259 malikdir. H\u0259tta m\u0259n Bak\u0131da olmad\u0131\u011f\u0131m yar\u0131m il \u0259rzind\u0259 inan\u0131lmaz d\u0259r\u0259c\u0259d\u0259 d\u0259yi\u015fiklikl\u0259r ba\u015f verib. Bak\u0131 liman\u0131 \u00e7ox d\u0259yi\u015fib, h\u0259m\u00e7inin A\u011f \u015f\u0259h\u0259r! V\u0259 h\u0259r yer bel\u0259dir. \u018fg\u0259r d\u00fcn\u0259n harasa bo\u015f \u0259razi idis\u0259, bu g\u00fcn art\u0131q ora park v\u0259 ya g\u00fcl-\u00e7i\u00e7\u0259klikdir. B\u00fct\u00fcn Az\u0259rbaycan \u00e7i\u00e7\u0259kl\u0259ri Heyd\u0259r \u018fliyev t\u0259r\u0259find\u0259n \u0259kil\u0259n bu c\u00fcr g\u00fcl\u00fcstana \u00e7evrilib&#8221;.<\/p>\n<div id=\"AdributorNativeVideo0\" class=\"AdributorNativeVideo\"><\/div>\n<p>O x\u00fcsusil\u0259 vur\u011fulay\u0131b ki, Az\u0259rbaycan Prezidenti \u0130lham \u018fliyev &#8211; b\u00f6y\u00fck Heyd\u0259r \u018fliyevin o\u011flu &#8211; respublikada g\u00f6r\u00fcl\u0259n i\u015fl\u0259rl\u0259 f\u0259xr ed\u0259 bil\u0259r:<\/p>\n<p>&#8220;\u00d6lk\u0259 v\u0259 \u015f\u0259h\u0259r tamamil\u0259 valehedicidir. 1981-ci ild\u0259 &#8220;Qorxma, m\u0259n s\u0259ninl\u0259y\u0259m!&#8221; filminin \u00e7\u0259kili\u015fl\u0259ri zaman\u0131 m\u0259n b\u00fct\u00fcn Az\u0259rbaycan\u0131 g\u0259zmi\u015f\u0259m v\u0259 \u0259n uzaq n\u00f6qt\u0259d\u0259 &#8211; G\u00fcrc\u00fcstanla s\u0259rh\u0259dd\u0259 i\u015fl\u0259mi\u015f\u0259m. 32 ild\u0259n sonra m\u0259n yenid\u0259n b\u00fct\u00fcn \u00f6lk\u0259d\u0259n ke\u00e7dim, h\u0259min n\u00f6qt\u0259d\u0259 i\u015fl\u0259dim v\u0259 yeni yollar, evl\u0259r, h\u0259r c\u00fcr rahatl\u0131q, bir s\u00f6zl\u0259, m\u00fcasir az\u0259rbaycanl\u0131lar\u0131n h\u0259yat\u0131n\u0131n d\u0259yi\u015fdiyini g\u00f6rd\u00fcm. Heyd\u0259r \u018fliyev \u00f6z o\u011flu, onun nailiyy\u0259tl\u0259ri v\u0259 Birinci vitse-prezident Mehriban \u018fliyevan\u0131n xidm\u0259tl\u0259ri il\u0259 f\u0259xr ed\u0259rdi&#8221;.<\/p>\n<p>Rusiyal\u0131 ictimai xadim deyib ki, h\u0259r\u00e7\u0259nd bug\u00fcnk\u00fc Bak\u0131 onun u\u015faql\u0131q d\u00f6vr\u00fcnd\u0259ki \u015f\u0259h\u0259r\u0259 ox\u015fam\u0131r, lakin b\u00fct\u00fcn bu d\u0259yi\u015fiklikl\u0259rin \u0259sas\u0131n\u0131 dahi Heyd\u0259r \u018fliyev qoyub:<\/p>\n<p>&#8220;Bu g\u00fcn biz \u00f6lk\u0259ni aya\u011fa qald\u0131ranlar\u0131n qoydu\u011fu heyr\u0259tamiz t\u0259m\u0259ll\u0259r \u00fcz\u0259rind\u0259 durmu\u015fuq. Xalq bar ver\u0259n a\u011fac kimi k\u00f6ks\u00fcz m\u00f6vcud ola bilm\u0259z. Az\u0259rbaycan bu g\u00fcn h\u0259r m\u0259nada z\u0259nginliyi, q\u00fcdr\u0259ti, m\u0259d\u0259ni \u0259n\u0259n\u0259l\u0259ri, idman nailiyy\u0259tl\u0259ri il\u0259 azsayl\u0131 unikal \u00f6lk\u0259l\u0259rin s\u0131ras\u0131na daxildir. Biz b\u00fct\u00fcn bunlara g\u00f6r\u0259 bug\u00fcnk\u00fc r\u0259hb\u0259rl\u0259r\u0259 d\u0259 minn\u0259tdar olmal\u0131y\u0131q, lakin h\u0259r zaman anlayaca\u011f\u0131q ki, bu xeyirli t\u0259m\u0259l Heyd\u0259r \u018fliyev t\u0259r\u0259find\u0259n qoyulub v\u0259 buna g\u00f6r\u0259 d\u0259 bizim xalq\u0131m\u0131z h\u0259mi\u015f\u0259 onu xat\u0131rlayacaq, ehtiram ed\u0259c\u0259k v\u0259 sev\u0259c\u0259k&#8221;.<\/p>\n","protected":false},"excerpt":{"rendered":"<p>Heyd\u0259r \u018fliyev n\u0259inki Az\u0259rbaycan v\u0259 Az\u0259rbaycan xalq\u0131n\u0131n, Rusiya, SSR\u0130 v\u0259 b\u00fct\u00fcn d\u00fcnya tarixind\u0259, h\u0259m\u00e7inin Heyd\u0259r \u018fliyevin v\u0259t\u0259nimizi &#8211; Az\u0259rbaycan\u0131 b\u0259rpa ed\u0259r\u0259k yeni respublika qurdu\u011fu zamanda ya\u015fayan v\u0259 i\u015fl\u0259y\u0259n, oxuyan v\u0259 yaradan h\u0259r bir k\u0259sin h\u0259yat\u0131nda \u00e7ox b\u00f6y\u00fck rol oynay\u0131b. ARANTV.AZ x\u0259b\u0259r verir ki, bu bar\u0259d\u0259 trend-\u0259 rusiyal\u0131 teatr v\u0259 kino rejissoru, televiziya apar\u0131c\u0131s\u0131, aktyor, ictimai v\u0259 siyasi xadim, bak\u0131l\u0131 Yuli Qusman deyib. Onun s\u00f6zl\u0259rin\u0259 g\u00f6r\u0259, Heyd\u0259r \u018fliyevin xatir\u0259si b\u0259\u015f\u0259riyy\u0259t v\u0259 Az\u0259rbaycan durduqca ya\u015fayacaq: &#8220;Heyd\u0259r \u018fliyevd\u0259 heyr\u0259tamiz ciddilik v\u0259 xeyirxahl\u0131q, m\u0259n\u0259vi g\u00f6z\u0259llik v\u0259 d\u0259yan\u0259t, d\u00fc\u015fm\u0259nl\u0259r\u0259 v\u0259 cinay\u0259tl\u0259r\u0259 qar\u015f\u0131 d\u00f6z\u00fcms\u00fczl\u00fck, son d\u0259r\u0259c\u0259&hellip;<\/p>\n","protected":false},"author":2,"featured_media":27214,"comment_status":"closed","ping_status":"closed","sticky":false,"template":"","format":"standard","meta":{"om_disable_all_campaigns":false,"_monsterinsights_skip_tracking":false,"_monsterinsights_sitenote_active":false,"_monsterinsights_sitenote_note":"","_monsterinsights_sitenote_category":0},"categories":[1],"tags":[],"aioseo_notices":[],"gutentor_comment":0,"rttpg_featured_image_url":{"full":["https:\/\/arantv.az\/wp-content\/uploads\/2018\/12\/711804.jpg",367,275,false],"landscape":["https:\/\/arantv.az\/wp-content\/uploads\/2018\/12\/711804.jpg",367,275,false],"portraits":["https:\/\/arantv.az\/wp-content\/uploads\/2018\/12\/711804.jpg",367,275,false],"thumbnail":["https:\/\/arantv.az\/wp-content\/uploads\/2018\/12\/711804-150x150.jpg",150,150,true],"medium":["https:\/\/arantv.az\/wp-content\/uploads\/2018\/12\/711804-300x225.jpg",300,225,true],"large":["https:\/\/arantv.az\/wp-content\/uploads\/2018\/12\/711804.jpg",367,275,false],"1536x1536":["https:\/\/arantv.az\/wp-content\/uploads\/2018\/12\/711804.jpg",367,275,false],"2048x2048":["https:\/\/arantv.az\/wp-content\/uploads\/2018\/12\/711804.jpg",367,275,false],"post-thumbnail":["https:\/\/arantv.az\/wp-content\/uploads\/2018\/12\/711804-240x172.jpg",240,172,true],"advps-thumb-one":["https:\/\/arantv.az\/wp-content\/uploads\/2018\/12\/711804.jpg",367,275,false]},"rttpg_author":{"display_name":"V\u00fcsal Rafiqo\u011flu","author_link":"https:\/\/arantv.az\/?author=2"},"rttpg_comment":0,"rttpg_category":"<a href=\"https:\/\/arantv.az\/?cat=1\" rel=\"category\">C\u0259miyy\u0259t<\/a>","rttpg_excerpt":"Heyd\u0259r \u018fliyev n\u0259inki Az\u0259rbaycan v\u0259 Az\u0259rbaycan xalq\u0131n\u0131n, Rusiya, SSR\u0130 v\u0259 b\u00fct\u00fcn d\u00fcnya tarixind\u0259, h\u0259m\u00e7inin Heyd\u0259r \u018fliyevin v\u0259t\u0259nimizi &#8211; Az\u0259rbaycan\u0131 b\u0259rpa ed\u0259r\u0259k yeni respublika qurdu\u011fu zamanda ya\u015fayan v\u0259 i\u015fl\u0259y\u0259n, oxuyan v\u0259 yaradan h\u0259r bir k\u0259sin h\u0259yat\u0131nda \u00e7ox b\u00f6y\u00fck rol oynay\u0131b. ARANTV.AZ x\u0259b\u0259r verir ki, bu bar\u0259d\u0259 trend-\u0259 rusiyal\u0131 teatr v\u0259 kino rejissoru, televiziya apar\u0131c\u0131s\u0131, aktyor, ictimai&hellip;","_links":{"self":[{"href":"https:\/\/arantv.az\/index.php?rest_route=\/wp\/v2\/posts\/27213"}],"collection":[{"href":"https:\/\/arantv.az\/index.php?rest_route=\/wp\/v2\/posts"}],"about":[{"href":"https:\/\/arantv.az\/index.php?rest_route=\/wp\/v2\/types\/post"}],"author":[{"embeddable":true,"href":"https:\/\/arantv.az\/index.php?rest_route=\/wp\/v2\/users\/2"}],"replies":[{"embeddable":true,"href":"https:\/\/arantv.az\/index.php?rest_route=%2Fwp%2Fv2%2Fcomments&post=27213"}],"version-history":[{"count":0,"href":"https:\/\/arantv.az\/index.php?rest_route=\/wp\/v2\/posts\/27213\/revisions"}],"wp:featuredmedia":[{"embeddable":true,"href":"https:\/\/arantv.az\/index.php?rest_route=\/wp\/v2\/media\/27214"}],"wp:attachment":[{"href":"https:\/\/arantv.az\/index.php?rest_route=%2Fwp%2Fv2%2Fmedia&parent=27213"}],"wp:term":[{"taxonomy":"category","embeddable":true,"href":"https:\/\/arantv.az\/index.php?rest_route=%2Fwp%2Fv2%2Fcategories&post=27213"},{"taxonomy":"post_tag","embeddable":true,"href":"https:\/\/arantv.az\/index.php?rest_route=%2Fwp%2Fv2%2Ftags&post=27213"}],"curies":[{"name":"wp","href":"https:\/\/api.w.org\/{rel}","templated":true}]}}