{"id":27217,"date":"2018-12-12T08:17:28","date_gmt":"2018-12-12T05:17:28","guid":{"rendered":"http:\/\/arantv.az\/?p=27217"},"modified":"2018-12-12T08:17:28","modified_gmt":"2018-12-12T05:17:28","slug":"az%c9%99rbaycan-v%c9%99t%c9%99ndasi-dagistanda-tanisini-q%c9%99tl%c9%99-yetirib","status":"publish","type":"post","link":"https:\/\/arantv.az\/?p=27217","title":{"rendered":"Az\u0259rbaycan v\u0259t\u0259nda\u015f\u0131 Da\u011f\u0131standa tan\u0131\u015f\u0131n\u0131 q\u0259tl\u0259 yetirib"},"content":{"rendered":"<p>Da\u011f\u0131stan Respublikas\u0131n\u0131n M\u0259h\u0259rr\u0259mk\u0259nd rayonu \u0259razisind\u0259 Az\u0259rbaycan v\u0259t\u0259nda\u015f\u0131 q\u0259tl hadis\u0259si t\u00f6r\u0259dib.<\/p>\n<p><strong>ARANTV.AZ<\/strong> &#8220;report&#8221;-a istinad\u0259n bildirir ki, bu bar\u0259d\u0259 Rusiya Federasiyas\u0131n\u0131n respublika \u00fczr\u0259 \u0130stintaq Komit\u0259sinin m\u0259lumat\u0131nda deyilir.<\/p>\n<p>Bildirilir ki, 48 ya\u015fl\u0131 az\u0259rbaycanl\u0131ya qar\u015f\u0131 Cinay\u0259t M\u0259c\u0259ll\u0259sinin 105-ci madd\u0259sinin 1-ci hiss\u0259si \u00fczr\u0259 cinay\u0259t i\u015fi a\u00e7\u0131l\u0131b.<\/p>\n<p>\u0130stintaq\u0131n f\u0259rziyy\u0259sin\u0259 g\u00f6r\u0259, dekabr\u0131n 10-u yerli vaxtla saat t\u0259qrib\u0259n 15:00-da \u015f\u00fcbh\u0259li \u015f\u0259xs m\u00fcnaqi\u015f\u0259 z\u0259minind\u0259 50 ya\u015fl\u0131 rayon sakininin d\u00f6\u015f nahiy\u0259sin\u0259 3 b\u0131\u00e7aq z\u0259rb\u0259si vurub. Z\u0259r\u0259r\u00e7\u0259kmi\u015f hadis\u0259 yerind\u0259 \u00f6l\u00fcb.<\/p>\n<div id=\"AdributorNativeVideo0\" class=\"AdributorNativeVideo\"><\/div>\n<p>Hadis\u0259ni t\u00f6r\u0259d\u0259n \u015f\u0259xs s\u0259rxo\u015f v\u0259ziyy\u0259td\u0259 olub. O, saxlan\u0131l\u0131b.<\/p>\n<p>Faktla ba\u011fl\u0131 ara\u015fd\u0131rma apar\u0131l\u0131r.<\/p>\n","protected":false},"excerpt":{"rendered":"<p>Da\u011f\u0131stan Respublikas\u0131n\u0131n M\u0259h\u0259rr\u0259mk\u0259nd rayonu \u0259razisind\u0259 Az\u0259rbaycan v\u0259t\u0259nda\u015f\u0131 q\u0259tl hadis\u0259si t\u00f6r\u0259dib. ARANTV.AZ &#8220;report&#8221;-a istinad\u0259n bildirir ki, bu bar\u0259d\u0259 Rusiya Federasiyas\u0131n\u0131n respublika \u00fczr\u0259 \u0130stintaq Komit\u0259sinin m\u0259lumat\u0131nda deyilir. Bildirilir ki, 48 ya\u015fl\u0131 az\u0259rbaycanl\u0131ya qar\u015f\u0131 Cinay\u0259t M\u0259c\u0259ll\u0259sinin 105-ci madd\u0259sinin 1-ci hiss\u0259si \u00fczr\u0259 cinay\u0259t i\u015fi a\u00e7\u0131l\u0131b. \u0130stintaq\u0131n f\u0259rziyy\u0259sin\u0259 g\u00f6r\u0259, dekabr\u0131n 10-u yerli vaxtla saat t\u0259qrib\u0259n 15:00-da \u015f\u00fcbh\u0259li \u015f\u0259xs m\u00fcnaqi\u015f\u0259 z\u0259minind\u0259 50 ya\u015fl\u0131 rayon sakininin d\u00f6\u015f nahiy\u0259sin\u0259 3 b\u0131\u00e7aq z\u0259rb\u0259si vurub. Z\u0259r\u0259r\u00e7\u0259kmi\u015f hadis\u0259 yerind\u0259 \u00f6l\u00fcb. Hadis\u0259ni t\u00f6r\u0259d\u0259n \u015f\u0259xs s\u0259rxo\u015f v\u0259ziyy\u0259td\u0259 olub. O, saxlan\u0131l\u0131b. Faktla ba\u011fl\u0131 ara\u015fd\u0131rma apar\u0131l\u0131r.<\/p>\n","protected":false},"author":2,"featured_media":27218,"comment_status":"closed","ping_status":"closed","sticky":false,"template":"","format":"standard","meta":{"om_disable_all_campaigns":false,"_monsterinsights_skip_tracking":false,"_monsterinsights_sitenote_active":false,"_monsterinsights_sitenote_note":"","_monsterinsights_sitenote_category":0},"categories":[3],"tags":[],"aioseo_notices":[],"gutentor_comment":0,"rttpg_featured_image_url":{"full":["https:\/\/arantv.az\/wp-content\/uploads\/2018\/12\/711801.jpg",600,450,false],"landscape":["https:\/\/arantv.az\/wp-content\/uploads\/2018\/12\/711801.jpg",600,450,false],"portraits":["https:\/\/arantv.az\/wp-content\/uploads\/2018\/12\/711801.jpg",600,450,false],"thumbnail":["https:\/\/arantv.az\/wp-content\/uploads\/2018\/12\/711801-150x150.jpg",150,150,true],"medium":["https:\/\/arantv.az\/wp-content\/uploads\/2018\/12\/711801-300x225.jpg",300,225,true],"large":["https:\/\/arantv.az\/wp-content\/uploads\/2018\/12\/711801.jpg",600,450,false],"1536x1536":["https:\/\/arantv.az\/wp-content\/uploads\/2018\/12\/711801.jpg",600,450,false],"2048x2048":["https:\/\/arantv.az\/wp-content\/uploads\/2018\/12\/711801.jpg",600,450,false],"post-thumbnail":["https:\/\/arantv.az\/wp-content\/uploads\/2018\/12\/711801-240x172.jpg",240,172,true],"advps-thumb-one":["https:\/\/arantv.az\/wp-content\/uploads\/2018\/12\/711801.jpg",600,450,false]},"rttpg_author":{"display_name":"V\u00fcsal Rafiqo\u011flu","author_link":"https:\/\/arantv.az\/?author=2"},"rttpg_comment":0,"rttpg_category":"<a href=\"https:\/\/arantv.az\/?cat=3\" rel=\"category\">Kriminal<\/a>","rttpg_excerpt":"Da\u011f\u0131stan Respublikas\u0131n\u0131n M\u0259h\u0259rr\u0259mk\u0259nd rayonu \u0259razisind\u0259 Az\u0259rbaycan v\u0259t\u0259nda\u015f\u0131 q\u0259tl hadis\u0259si t\u00f6r\u0259dib. ARANTV.AZ &#8220;report&#8221;-a istinad\u0259n bildirir ki, bu bar\u0259d\u0259 Rusiya Federasiyas\u0131n\u0131n respublika \u00fczr\u0259 \u0130stintaq Komit\u0259sinin m\u0259lumat\u0131nda deyilir. Bildirilir ki, 48 ya\u015fl\u0131 az\u0259rbaycanl\u0131ya qar\u015f\u0131 Cinay\u0259t M\u0259c\u0259ll\u0259sinin 105-ci madd\u0259sinin 1-ci hiss\u0259si \u00fczr\u0259 cinay\u0259t i\u015fi a\u00e7\u0131l\u0131b. \u0130stintaq\u0131n f\u0259rziyy\u0259sin\u0259 g\u00f6r\u0259, dekabr\u0131n 10-u yerli vaxtla saat t\u0259qrib\u0259n 15:00-da \u015f\u00fcbh\u0259li \u015f\u0259xs m\u00fcnaqi\u015f\u0259 z\u0259minind\u0259&hellip;","_links":{"self":[{"href":"https:\/\/arantv.az\/index.php?rest_route=\/wp\/v2\/posts\/27217"}],"collection":[{"href":"https:\/\/arantv.az\/index.php?rest_route=\/wp\/v2\/posts"}],"about":[{"href":"https:\/\/arantv.az\/index.php?rest_route=\/wp\/v2\/types\/post"}],"author":[{"embeddable":true,"href":"https:\/\/arantv.az\/index.php?rest_route=\/wp\/v2\/users\/2"}],"replies":[{"embeddable":true,"href":"https:\/\/arantv.az\/index.php?rest_route=%2Fwp%2Fv2%2Fcomments&post=27217"}],"version-history":[{"count":0,"href":"https:\/\/arantv.az\/index.php?rest_route=\/wp\/v2\/posts\/27217\/revisions"}],"wp:featuredmedia":[{"embeddable":true,"href":"https:\/\/arantv.az\/index.php?rest_route=\/wp\/v2\/media\/27218"}],"wp:attachment":[{"href":"https:\/\/arantv.az\/index.php?rest_route=%2Fwp%2Fv2%2Fmedia&parent=27217"}],"wp:term":[{"taxonomy":"category","embeddable":true,"href":"https:\/\/arantv.az\/index.php?rest_route=%2Fwp%2Fv2%2Fcategories&post=27217"},{"taxonomy":"post_tag","embeddable":true,"href":"https:\/\/arantv.az\/index.php?rest_route=%2Fwp%2Fv2%2Ftags&post=27217"}],"curies":[{"name":"wp","href":"https:\/\/api.w.org\/{rel}","templated":true}]}}