{"id":27220,"date":"2018-12-12T08:19:59","date_gmt":"2018-12-12T05:19:59","guid":{"rendered":"http:\/\/arantv.az\/?p=27220"},"modified":"2018-12-12T08:19:59","modified_gmt":"2018-12-12T05:19:59","slug":"umummilli-lider-heyd%c9%99r-%c9%99liyevin-xatir%c9%99si-kolumbiyada-da-anilib","status":"publish","type":"post","link":"https:\/\/arantv.az\/?p=27220","title":{"rendered":"\u00dcmummilli lider Heyd\u0259r \u018fliyevin xatir\u0259si Kolumbiyada da an\u0131l\u0131b"},"content":{"rendered":"<p><strong>ARANTV.AZ<\/strong> x\u0259b\u0259r verir ki, Az\u0259rbaycan\u0131n Kolumbiyadak\u0131 s\u0259firliyind\u0259 xalq\u0131m\u0131z\u0131n \u00fcmummilli lideri Heyd\u0259r \u018fliyevin v\u0259fat\u0131n\u0131n 15-ci ild\u00f6n\u00fcm\u00fc il\u0259 ba\u011fl\u0131 an\u0131m t\u0259dbiri ke\u00e7irilib.<\/p>\n<p>M\u00fcv\u0259qq\u0259ti i\u015fl\u0259r v\u0259kili H\u0259mid Zeynalov t\u0259dbird\u0259 \u00e7\u0131x\u0131\u015f ed\u0259r\u0259k g\u00f6rk\u0259mli d\u00f6vl\u0259t xadimi Heyd\u0259r \u018fliyevin \u015f\u0259r\u0259fli v\u0259 m\u0259nal\u0131 \u00f6m\u00fcr yolundan b\u0259hs edib. Qeyd edib ki, Az\u0259rbaycan\u0131n m\u00fcst\u0259qil d\u00f6vl\u0259t kimi formala\u015fmas\u0131 b\u00fct\u00fcn h\u0259yat\u0131n\u0131 xalq\u0131n\u0131n t\u0259r\u0259qqisin\u0259 h\u0259sr ed\u0259n \u00dcmummilli Liderimizin \u0259zmkar f\u0259aliyy\u0259tinin n\u0259tic\u0259sind\u0259 m\u00fcmk\u00fcn olub, m\u0259hz ulu \u00f6nd\u0259r Heyd\u0259r \u018fliyevin say\u0259sind\u0259 m\u00fcst\u0259qilliyimiz \u0259b\u0259di v\u0259 d\u00f6nm\u0259z xarakter al\u0131b.<\/p>\n<p>Ulu \u00d6nd\u0259rin \u0259ziz xatir\u0259sinin \u00f6lk\u0259mizd\u0259 v\u0259 onun h\u00fcdudlar\u0131ndan k\u0259narda ehtiramla yad edildiyini bildir\u0259n H\u0259mid Zeynalov \u00fcmummilli lider Heyd\u0259r \u018fliyevin m\u00fcst\u0259qil d\u00f6vl\u0259timizin h\u0259rt\u0259r\u0259fli inki\u015faf\u0131 yolundak\u0131 \u0259v\u0259zsiz tarixi xidm\u0259tl\u0259rind\u0259n dan\u0131\u015f\u0131b. Diqq\u0259t\u0259 \u00e7atd\u0131r\u0131b ki, \u00dcmummilli Liderin m\u00fcdrikliyi v\u0259 apard\u0131\u011f\u0131 d\u00fczg\u00fcn siyas\u0259t say\u0259sind\u0259 Az\u0259rbaycan q\u0131sa m\u00fcdd\u0259t \u0259rzind\u0259 b\u00fct\u00fcn t\u0259hl\u00fck\u0259l\u0259rd\u0259n qurtularaq sabitlik, inki\u015faf d\u00f6vr\u00fcn\u0259 q\u0259d\u0259m qoydu.<\/p>\n<p>Bu g\u00fcn Az\u0259rbaycan\u0131n Heyd\u0259r \u018fliyev siyasi kursunun \u0259n layiqli davam\u00e7\u0131s\u0131 Prezident \u0130lham \u018fliyevin r\u0259hb\u0259rliyi il\u0259 u\u011furla inki\u015faf etdiyini x\u00fcsusi qeyd ed\u0259n diplomat son ill\u0259r \u00f6lk\u0259mizin qazand\u0131\u011f\u0131 m\u00fch\u00fcm nailiyy\u0259tl\u0259r bar\u0259d\u0259 \u0259trafl\u0131 m\u0259lumat verib.<\/p>\n<p>T\u0259dbird\u0259 \u00e7\u0131x\u0131\u015f ed\u0259n T\u00fcrkiy\u0259nin Kolumbiyadak\u0131 s\u0259firi Ece \u00d6zt\u00fcrk \u00c7il Heyd\u0259r \u018fliyevin t\u00fcrk d\u00fcnyas\u0131n\u0131n \u0259n b\u00f6y\u00fck liderl\u0259rind\u0259n biri oldu\u011funu s\u00f6yl\u0259y\u0259r\u0259k deyib: \u201cHeyd\u0259r \u018fliyev m\u00fcst\u0259qil Az\u0259rbaycan d\u00f6vl\u0259tinin qurucusudur. T\u00fcrkiy\u0259-Az\u0259rbaycan qarda\u015fl\u0131\u011f\u0131n\u0131 m\u00f6hk\u0259m t\u0259m\u0259ll\u0259r \u00fcz\u0259rind\u0259 quran v\u0259 inki\u015faf etdir\u0259n bu dahi \u015f\u0259xsiyy\u0259tdir\u201d.<\/p>\n<p>Sonda \u00fcmummilli lider Heyd\u0259r \u018fliyevin h\u0259yat v\u0259 f\u0259aliyy\u0259tind\u0259n b\u0259hs ed\u0259n s\u0259n\u0259dli film n\u00fcmayi\u015f etdirilib.<\/p>\n","protected":false},"excerpt":{"rendered":"<p>ARANTV.AZ x\u0259b\u0259r verir ki, Az\u0259rbaycan\u0131n Kolumbiyadak\u0131 s\u0259firliyind\u0259 xalq\u0131m\u0131z\u0131n \u00fcmummilli lideri Heyd\u0259r \u018fliyevin v\u0259fat\u0131n\u0131n 15-ci ild\u00f6n\u00fcm\u00fc il\u0259 ba\u011fl\u0131 an\u0131m t\u0259dbiri ke\u00e7irilib. M\u00fcv\u0259qq\u0259ti i\u015fl\u0259r v\u0259kili H\u0259mid Zeynalov t\u0259dbird\u0259 \u00e7\u0131x\u0131\u015f ed\u0259r\u0259k g\u00f6rk\u0259mli d\u00f6vl\u0259t xadimi Heyd\u0259r \u018fliyevin \u015f\u0259r\u0259fli v\u0259 m\u0259nal\u0131 \u00f6m\u00fcr yolundan b\u0259hs edib. Qeyd edib ki, Az\u0259rbaycan\u0131n m\u00fcst\u0259qil d\u00f6vl\u0259t kimi formala\u015fmas\u0131 b\u00fct\u00fcn h\u0259yat\u0131n\u0131 xalq\u0131n\u0131n t\u0259r\u0259qqisin\u0259 h\u0259sr ed\u0259n \u00dcmummilli Liderimizin \u0259zmkar f\u0259aliyy\u0259tinin n\u0259tic\u0259sind\u0259 m\u00fcmk\u00fcn olub, m\u0259hz ulu \u00f6nd\u0259r Heyd\u0259r \u018fliyevin say\u0259sind\u0259 m\u00fcst\u0259qilliyimiz \u0259b\u0259di v\u0259 d\u00f6nm\u0259z xarakter al\u0131b. Ulu \u00d6nd\u0259rin \u0259ziz xatir\u0259sinin \u00f6lk\u0259mizd\u0259 v\u0259 onun h\u00fcdudlar\u0131ndan k\u0259narda ehtiramla yad edildiyini bildir\u0259n H\u0259mid Zeynalov \u00fcmummilli lider&hellip;<\/p>\n","protected":false},"author":2,"featured_media":27221,"comment_status":"closed","ping_status":"closed","sticky":false,"template":"","format":"standard","meta":{"om_disable_all_campaigns":false,"_monsterinsights_skip_tracking":false,"_monsterinsights_sitenote_active":false,"_monsterinsights_sitenote_note":"","_monsterinsights_sitenote_category":0},"categories":[4],"tags":[],"aioseo_notices":[],"gutentor_comment":0,"rttpg_featured_image_url":{"full":["https:\/\/arantv.az\/wp-content\/uploads\/2018\/12\/38hovresho2c1frd3ndcrkbdl2kolumb.jpg",892,669,false],"landscape":["https:\/\/arantv.az\/wp-content\/uploads\/2018\/12\/38hovresho2c1frd3ndcrkbdl2kolumb.jpg",892,669,false],"portraits":["https:\/\/arantv.az\/wp-content\/uploads\/2018\/12\/38hovresho2c1frd3ndcrkbdl2kolumb.jpg",892,669,false],"thumbnail":["https:\/\/arantv.az\/wp-content\/uploads\/2018\/12\/38hovresho2c1frd3ndcrkbdl2kolumb-150x150.jpg",150,150,true],"medium":["https:\/\/arantv.az\/wp-content\/uploads\/2018\/12\/38hovresho2c1frd3ndcrkbdl2kolumb-300x225.jpg",300,225,true],"large":["https:\/\/arantv.az\/wp-content\/uploads\/2018\/12\/38hovresho2c1frd3ndcrkbdl2kolumb.jpg",640,480,false],"1536x1536":["https:\/\/arantv.az\/wp-content\/uploads\/2018\/12\/38hovresho2c1frd3ndcrkbdl2kolumb.jpg",892,669,false],"2048x2048":["https:\/\/arantv.az\/wp-content\/uploads\/2018\/12\/38hovresho2c1frd3ndcrkbdl2kolumb.jpg",892,669,false],"post-thumbnail":["https:\/\/arantv.az\/wp-content\/uploads\/2018\/12\/38hovresho2c1frd3ndcrkbdl2kolumb-240x172.jpg",240,172,true],"advps-thumb-one":["https:\/\/arantv.az\/wp-content\/uploads\/2018\/12\/38hovresho2c1frd3ndcrkbdl2kolumb-892x620.jpg",892,620,true]},"rttpg_author":{"display_name":"V\u00fcsal Rafiqo\u011flu","author_link":"https:\/\/arantv.az\/?author=2"},"rttpg_comment":0,"rttpg_category":"<a href=\"https:\/\/arantv.az\/?cat=4\" rel=\"category\">Siyas\u0259t<\/a>","rttpg_excerpt":"ARANTV.AZ x\u0259b\u0259r verir ki, Az\u0259rbaycan\u0131n Kolumbiyadak\u0131 s\u0259firliyind\u0259 xalq\u0131m\u0131z\u0131n \u00fcmummilli lideri Heyd\u0259r \u018fliyevin v\u0259fat\u0131n\u0131n 15-ci ild\u00f6n\u00fcm\u00fc il\u0259 ba\u011fl\u0131 an\u0131m t\u0259dbiri ke\u00e7irilib. M\u00fcv\u0259qq\u0259ti i\u015fl\u0259r v\u0259kili H\u0259mid Zeynalov t\u0259dbird\u0259 \u00e7\u0131x\u0131\u015f ed\u0259r\u0259k g\u00f6rk\u0259mli d\u00f6vl\u0259t xadimi Heyd\u0259r \u018fliyevin \u015f\u0259r\u0259fli v\u0259 m\u0259nal\u0131 \u00f6m\u00fcr yolundan b\u0259hs edib. Qeyd edib ki, Az\u0259rbaycan\u0131n m\u00fcst\u0259qil d\u00f6vl\u0259t kimi formala\u015fmas\u0131 b\u00fct\u00fcn h\u0259yat\u0131n\u0131 xalq\u0131n\u0131n t\u0259r\u0259qqisin\u0259 h\u0259sr ed\u0259n \u00dcmummilli&hellip;","_links":{"self":[{"href":"https:\/\/arantv.az\/index.php?rest_route=\/wp\/v2\/posts\/27220"}],"collection":[{"href":"https:\/\/arantv.az\/index.php?rest_route=\/wp\/v2\/posts"}],"about":[{"href":"https:\/\/arantv.az\/index.php?rest_route=\/wp\/v2\/types\/post"}],"author":[{"embeddable":true,"href":"https:\/\/arantv.az\/index.php?rest_route=\/wp\/v2\/users\/2"}],"replies":[{"embeddable":true,"href":"https:\/\/arantv.az\/index.php?rest_route=%2Fwp%2Fv2%2Fcomments&post=27220"}],"version-history":[{"count":0,"href":"https:\/\/arantv.az\/index.php?rest_route=\/wp\/v2\/posts\/27220\/revisions"}],"wp:featuredmedia":[{"embeddable":true,"href":"https:\/\/arantv.az\/index.php?rest_route=\/wp\/v2\/media\/27221"}],"wp:attachment":[{"href":"https:\/\/arantv.az\/index.php?rest_route=%2Fwp%2Fv2%2Fmedia&parent=27220"}],"wp:term":[{"taxonomy":"category","embeddable":true,"href":"https:\/\/arantv.az\/index.php?rest_route=%2Fwp%2Fv2%2Fcategories&post=27220"},{"taxonomy":"post_tag","embeddable":true,"href":"https:\/\/arantv.az\/index.php?rest_route=%2Fwp%2Fv2%2Ftags&post=27220"}],"curies":[{"name":"wp","href":"https:\/\/api.w.org\/{rel}","templated":true}]}}