{"id":27223,"date":"2018-12-12T08:20:52","date_gmt":"2018-12-12T05:20:52","guid":{"rendered":"http:\/\/arantv.az\/?p=27223"},"modified":"2018-12-12T08:20:52","modified_gmt":"2018-12-12T05:20:52","slug":"aktauda-ulu-ond%c9%99r-heyd%c9%99r-%c9%99liyevin-xatir%c9%99si-yad-edilib","status":"publish","type":"post","link":"https:\/\/arantv.az\/?p=27223","title":{"rendered":"Aktauda ulu \u00f6nd\u0259r Heyd\u0259r \u018fliyevin xatir\u0259si yad edilib"},"content":{"rendered":"<p><strong>ARANTV.AZ<\/strong> x\u0259b\u0259r verir ki, Az\u0259rbaycan\u0131n Aktaudak\u0131 ba\u015f konsullu\u011funun t\u0259\u015fkilat\u00e7\u0131l\u0131\u011f\u0131 il\u0259 Az\u0259rbaycan xalq\u0131n\u0131n \u00fcmummilli lideri Heyd\u0259r \u018fliyevin v\u0259fat\u0131n\u0131n 15-ci ild\u00f6n\u00fcm\u00fc il\u0259 ba\u011fl\u0131 an\u0131m t\u0259dbiri ke\u00e7irilib.<\/p>\n<p>T\u0259dbird\u0259 Manqistau vilay\u0259tind\u0259 f\u0259aliyy\u0259t g\u00f6st\u0259r\u0259n az\u0259rbaycanl\u0131lar\u0131n \u201cDostluq\u201d milli-m\u0259d\u0259ni c\u0259miyy\u0259tinin, \u201cAz\u0259rbaycan\u0131n Qazax\u0131standa Biznes \u0130nvestisiyas\u0131 Assosiasiyas\u0131\u201dn\u0131n (AB\u0130A) \u00fczvl\u0259ri, \u015e.Yesenov ad\u0131na Kaspi D\u00f6vl\u0259t Texnologiya v\u0259 M\u00fch\u0259ndislik Universitetinin t\u0259l\u0259b\u0259l\u0259ri i\u015ftirak edibl\u0259r.<\/p>\n<p>\u018fvv\u0259lc\u0259 Ulu \u00d6nd\u0259rin \u0259ziz xatir\u0259si bir d\u0259qiq\u0259lik s\u00fckutla yad edilib.<\/p>\n<p>Daha sonra Az\u0259rbaycan\u0131n Aktaudak\u0131 ba\u015f konsullu\u011funun r\u0259hb\u0259ri Elxan Zeynalov \u00e7\u0131x\u0131\u015f ed\u0259r\u0259k, g\u00f6rk\u0259mli d\u00f6vl\u0259t xadimi Heyd\u0259r \u018fliyevin h\u0259yat v\u0259 f\u0259aliyy\u0259tind\u0259n b\u0259hs edib, Ulu \u00d6nd\u0259rin m\u00fcst\u0259qil Az\u0259rbaycan Respublikas\u0131n\u0131n qurulmas\u0131nda v\u0259 m\u00f6hk\u0259ml\u0259nm\u0259sind\u0259ki \u0259v\u0259zsiz xidm\u0259tl\u0259rind\u0259n dan\u0131\u015f\u0131b. Qeyd edib ki, m\u00fcasir m\u00fcst\u0259qil Az\u0259rbaycan\u0131n memar\u0131 v\u0259 qurucusu Heyd\u0259r \u018fliyevin \u0259sas\u0131n\u0131 qoydu\u011fu v\u0259 bu g\u00fcn Prezident \u0130lham \u018fliyev t\u0259r\u0259find\u0259n u\u011furla davam etdiril\u0259n siyas\u0259t n\u0259tic\u0259sind\u0259 \u00f6lk\u0259miz b\u00fct\u00fcn sah\u0259l\u0259rd\u0259 s\u00fcr\u0259tl\u0259 inki\u015faf edib, ciddi nailiyy\u0259tl\u0259r qazan\u0131b.<\/p>\n<p>Daha sonra, Az\u0259rbaycanl\u0131lar\u0131n \u201cDostluq\u201d milli-m\u0259d\u0259ni c\u0259miyy\u0259tinin s\u0259dri, \u015f\u0259h\u0259r maslixat\u0131n\u0131n deputat\u0131 \u015e\u0259ms\u0259ddin H\u00fcseynov, professor Yusif Quliyev ulu \u00f6nd\u0259rin \u00f6lk\u0259mizd\u0259n k\u0259narda ya\u015fayan az\u0259rbaycanl\u0131lara g\u00f6st\u0259rdiyi diqq\u0259t v\u0259 qay\u011f\u0131dan b\u0259hs edibl\u0259r.<\/p>\n<p>Sonda \u00fcmummilli lider Heyd\u0259r \u018fliyevin h\u0259yat v\u0259 f\u0259aliyy\u0259tind\u0259n b\u0259hs ed\u0259n s\u0259n\u0259dli film n\u00fcmayi\u015f olunub.<\/p>\n","protected":false},"excerpt":{"rendered":"<p>ARANTV.AZ x\u0259b\u0259r verir ki, Az\u0259rbaycan\u0131n Aktaudak\u0131 ba\u015f konsullu\u011funun t\u0259\u015fkilat\u00e7\u0131l\u0131\u011f\u0131 il\u0259 Az\u0259rbaycan xalq\u0131n\u0131n \u00fcmummilli lideri Heyd\u0259r \u018fliyevin v\u0259fat\u0131n\u0131n 15-ci ild\u00f6n\u00fcm\u00fc il\u0259 ba\u011fl\u0131 an\u0131m t\u0259dbiri ke\u00e7irilib. T\u0259dbird\u0259 Manqistau vilay\u0259tind\u0259 f\u0259aliyy\u0259t g\u00f6st\u0259r\u0259n az\u0259rbaycanl\u0131lar\u0131n \u201cDostluq\u201d milli-m\u0259d\u0259ni c\u0259miyy\u0259tinin, \u201cAz\u0259rbaycan\u0131n Qazax\u0131standa Biznes \u0130nvestisiyas\u0131 Assosiasiyas\u0131\u201dn\u0131n (AB\u0130A) \u00fczvl\u0259ri, \u015e.Yesenov ad\u0131na Kaspi D\u00f6vl\u0259t Texnologiya v\u0259 M\u00fch\u0259ndislik Universitetinin t\u0259l\u0259b\u0259l\u0259ri i\u015ftirak edibl\u0259r. \u018fvv\u0259lc\u0259 Ulu \u00d6nd\u0259rin \u0259ziz xatir\u0259si bir d\u0259qiq\u0259lik s\u00fckutla yad edilib. Daha sonra Az\u0259rbaycan\u0131n Aktaudak\u0131 ba\u015f konsullu\u011funun r\u0259hb\u0259ri Elxan Zeynalov \u00e7\u0131x\u0131\u015f ed\u0259r\u0259k, g\u00f6rk\u0259mli d\u00f6vl\u0259t xadimi Heyd\u0259r \u018fliyevin h\u0259yat v\u0259 f\u0259aliyy\u0259tind\u0259n b\u0259hs edib, Ulu \u00d6nd\u0259rin m\u00fcst\u0259qil Az\u0259rbaycan Respublikas\u0131n\u0131n qurulmas\u0131nda v\u0259 m\u00f6hk\u0259ml\u0259nm\u0259sind\u0259ki&hellip;<\/p>\n","protected":false},"author":2,"featured_media":27224,"comment_status":"closed","ping_status":"closed","sticky":false,"template":"","format":"standard","meta":{"om_disable_all_campaigns":false,"_monsterinsights_skip_tracking":false,"_monsterinsights_sitenote_active":false,"_monsterinsights_sitenote_note":"","_monsterinsights_sitenote_category":0},"categories":[4],"tags":[],"aioseo_notices":[],"gutentor_comment":0,"rttpg_featured_image_url":{"full":["https:\/\/arantv.az\/wp-content\/uploads\/2018\/12\/38hovresho2c1frd3ndcrkbdl2aktau.jpg",1000,666,false],"landscape":["https:\/\/arantv.az\/wp-content\/uploads\/2018\/12\/38hovresho2c1frd3ndcrkbdl2aktau.jpg",1000,666,false],"portraits":["https:\/\/arantv.az\/wp-content\/uploads\/2018\/12\/38hovresho2c1frd3ndcrkbdl2aktau.jpg",1000,666,false],"thumbnail":["https:\/\/arantv.az\/wp-content\/uploads\/2018\/12\/38hovresho2c1frd3ndcrkbdl2aktau-150x150.jpg",150,150,true],"medium":["https:\/\/arantv.az\/wp-content\/uploads\/2018\/12\/38hovresho2c1frd3ndcrkbdl2aktau-300x200.jpg",300,200,true],"large":["https:\/\/arantv.az\/wp-content\/uploads\/2018\/12\/38hovresho2c1frd3ndcrkbdl2aktau.jpg",640,426,false],"1536x1536":["https:\/\/arantv.az\/wp-content\/uploads\/2018\/12\/38hovresho2c1frd3ndcrkbdl2aktau.jpg",1000,666,false],"2048x2048":["https:\/\/arantv.az\/wp-content\/uploads\/2018\/12\/38hovresho2c1frd3ndcrkbdl2aktau.jpg",1000,666,false],"post-thumbnail":["https:\/\/arantv.az\/wp-content\/uploads\/2018\/12\/38hovresho2c1frd3ndcrkbdl2aktau-240x172.jpg",240,172,true],"advps-thumb-one":["https:\/\/arantv.az\/wp-content\/uploads\/2018\/12\/38hovresho2c1frd3ndcrkbdl2aktau-1000x620.jpg",1000,620,true]},"rttpg_author":{"display_name":"V\u00fcsal Rafiqo\u011flu","author_link":"https:\/\/arantv.az\/?author=2"},"rttpg_comment":0,"rttpg_category":"<a href=\"https:\/\/arantv.az\/?cat=4\" rel=\"category\">Siyas\u0259t<\/a>","rttpg_excerpt":"ARANTV.AZ x\u0259b\u0259r verir ki, Az\u0259rbaycan\u0131n Aktaudak\u0131 ba\u015f konsullu\u011funun t\u0259\u015fkilat\u00e7\u0131l\u0131\u011f\u0131 il\u0259 Az\u0259rbaycan xalq\u0131n\u0131n \u00fcmummilli lideri Heyd\u0259r \u018fliyevin v\u0259fat\u0131n\u0131n 15-ci ild\u00f6n\u00fcm\u00fc il\u0259 ba\u011fl\u0131 an\u0131m t\u0259dbiri ke\u00e7irilib. T\u0259dbird\u0259 Manqistau vilay\u0259tind\u0259 f\u0259aliyy\u0259t g\u00f6st\u0259r\u0259n az\u0259rbaycanl\u0131lar\u0131n \u201cDostluq\u201d milli-m\u0259d\u0259ni c\u0259miyy\u0259tinin, \u201cAz\u0259rbaycan\u0131n Qazax\u0131standa Biznes \u0130nvestisiyas\u0131 Assosiasiyas\u0131\u201dn\u0131n (AB\u0130A) \u00fczvl\u0259ri, \u015e.Yesenov ad\u0131na Kaspi D\u00f6vl\u0259t Texnologiya v\u0259 M\u00fch\u0259ndislik Universitetinin t\u0259l\u0259b\u0259l\u0259ri i\u015ftirak edibl\u0259r. \u018fvv\u0259lc\u0259 Ulu \u00d6nd\u0259rin \u0259ziz&hellip;","_links":{"self":[{"href":"https:\/\/arantv.az\/index.php?rest_route=\/wp\/v2\/posts\/27223"}],"collection":[{"href":"https:\/\/arantv.az\/index.php?rest_route=\/wp\/v2\/posts"}],"about":[{"href":"https:\/\/arantv.az\/index.php?rest_route=\/wp\/v2\/types\/post"}],"author":[{"embeddable":true,"href":"https:\/\/arantv.az\/index.php?rest_route=\/wp\/v2\/users\/2"}],"replies":[{"embeddable":true,"href":"https:\/\/arantv.az\/index.php?rest_route=%2Fwp%2Fv2%2Fcomments&post=27223"}],"version-history":[{"count":0,"href":"https:\/\/arantv.az\/index.php?rest_route=\/wp\/v2\/posts\/27223\/revisions"}],"wp:featuredmedia":[{"embeddable":true,"href":"https:\/\/arantv.az\/index.php?rest_route=\/wp\/v2\/media\/27224"}],"wp:attachment":[{"href":"https:\/\/arantv.az\/index.php?rest_route=%2Fwp%2Fv2%2Fmedia&parent=27223"}],"wp:term":[{"taxonomy":"category","embeddable":true,"href":"https:\/\/arantv.az\/index.php?rest_route=%2Fwp%2Fv2%2Fcategories&post=27223"},{"taxonomy":"post_tag","embeddable":true,"href":"https:\/\/arantv.az\/index.php?rest_route=%2Fwp%2Fv2%2Ftags&post=27223"}],"curies":[{"name":"wp","href":"https:\/\/api.w.org\/{rel}","templated":true}]}}