{"id":27226,"date":"2018-12-12T08:21:43","date_gmt":"2018-12-12T05:21:43","guid":{"rendered":"http:\/\/arantv.az\/?p=27226"},"modified":"2018-12-12T08:21:43","modified_gmt":"2018-12-12T05:21:43","slug":"m%c9%99rakesd%c9%99-ulu-ond%c9%99r-heyd%c9%99r-%c9%99liyevin-xatir%c9%99sin%c9%99-h%c9%99sr-olunan-anim-t%c9%99dbiri-kecirilib","status":"publish","type":"post","link":"https:\/\/arantv.az\/?p=27226","title":{"rendered":"M\u0259rake\u015fd\u0259 ulu \u00f6nd\u0259r Heyd\u0259r \u018fliyevin xatir\u0259sin\u0259 h\u0259sr olunan an\u0131m t\u0259dbiri ke\u00e7irilib"},"content":{"rendered":"<p><strong>ARANTV.AZ<\/strong> x\u0259b\u0259r verir ki, Az\u0259rbaycan\u0131n M\u0259rake\u015fd\u0259ki s\u0259firliyind\u0259 \u00fcmummilli lider Heyd\u0259r \u018fliyevin v\u0259fat\u0131n\u0131n 15-ci ild\u00f6n\u00fcm\u00fcn\u0259 h\u0259sr olunan an\u0131m m\u0259rasimi ke\u00e7irilib.<\/p>\n<p>S\u0259firlikd\u0259n\u00a0bildiribl\u0259r ki, m\u0259rasimd\u0259 diplomatik n\u00fcmay\u0259nd\u0259lin \u0259m\u0259kda\u015flar\u0131, yerli ictimai xadiml\u0259r, jurnalistl\u0259r, M\u0259rake\u015f-Az\u0259rbaycan Dostluq C\u0259miyy\u0259tinin \u00fczvl\u0259ri i\u015ftirak edibl\u0259r.<\/p>\n<p>Az\u0259rbaycan\u0131n M\u0259rake\u015fd\u0259ki s\u0259firi Oktay Qurbanov m\u00fcasir m\u00fcst\u0259qil Az\u0259rbaycan d\u00f6vl\u0259tinin memar\u0131 v\u0259 qurucusu Heyd\u0259r \u018fliyevin ke\u00e7diyi m\u0259nal\u0131 v\u0259 z\u0259ngin h\u0259yat yolundan, Az\u0259rbaycan d\u00f6vl\u0259ti v\u0259 xalq\u0131 qar\u015f\u0131s\u0131ndak\u0131 \u0259v\u0259zsiz xidm\u0259tl\u0259rind\u0259n b\u0259hs edib, el\u0259c\u0259 d\u0259 \u00f6lk\u0259mizd\u0259 b\u00fct\u00fcn sah\u0259l\u0259rd\u0259 apar\u0131lan geni\u015f v\u0259 m\u0259qs\u0259dy\u00f6nl\u00fc islahatlardan dan\u0131\u015f\u0131b. Ulu \u00d6nd\u0259rin M\u0259rake\u015f Kral\u0131 II H\u0259s\u0259n il\u0259 g\u00f6r\u00fc\u015f\u00fcn\u0259 toxunan s\u0259fir \u00fcmummilli lider Heyd\u0259r \u018fliyevin Az\u0259rbaycan-M\u0259rake\u015f m\u00fcnasib\u0259tl\u0259rinin formala\u015fmas\u0131nda v\u0259 inki\u015faf\u0131ndak\u0131 rolunu x\u00fcsusi vur\u011fulay\u0131b.<\/p>\n<p>Diplomat t\u0259dbir i\u015ftirak\u00e7\u0131lar\u0131na \u00dcmummilli Liderin layiqli davam\u00e7\u0131s\u0131 Prezident \u0130lham \u018fliyevin r\u0259hb\u0259rliyi il\u0259 son ill\u0259rd\u0259 Az\u0259rbaycanda apar\u0131lan m\u00fct\u0259r\u0259qqi islahatlar v\u0259 \u0259ld\u0259 olunan nailiyy\u0259tl\u0259r bar\u0259d\u0259 m\u0259lumat verib.<\/p>\n<p>T\u0259dbird\u0259 \u00e7\u0131x\u0131\u015f ed\u0259n M\u0259rake\u015f-Az\u0259rbaycan Dostluq C\u0259miyy\u0259tinin ba\u015f katibi M\u0259h\u0259mm\u0259d F\u0259qiri Ulu \u00d6nd\u0259rin \u0130slam d\u00fcnyas\u0131 v\u0259 \u0259r\u0259b \u00f6lk\u0259l\u0259ri il\u0259 ikit\u0259r\u0259fli \u0259m\u0259kda\u015fl\u0131q v\u0259 dostluq m\u00fcnasib\u0259tl\u0259rin\u0259 x\u00fcsusi \u00f6n\u0259m verdiyini qeyd edib.<\/p>\n<p>S\u0259firliyin foyesind\u0259 \u00dcmummilli Liderin h\u0259yat v\u0259 f\u0259aliyy\u0259tini \u0259ks etdir\u0259n kitablardan ibar\u0259t s\u0259rgi t\u0259dbir i\u015ftirak\u00e7\u0131lar\u0131 t\u0259r\u0259find\u0259n maraqla qar\u015f\u0131lan\u0131b.<\/p>\n","protected":false},"excerpt":{"rendered":"<p>ARANTV.AZ x\u0259b\u0259r verir ki, Az\u0259rbaycan\u0131n M\u0259rake\u015fd\u0259ki s\u0259firliyind\u0259 \u00fcmummilli lider Heyd\u0259r \u018fliyevin v\u0259fat\u0131n\u0131n 15-ci ild\u00f6n\u00fcm\u00fcn\u0259 h\u0259sr olunan an\u0131m m\u0259rasimi ke\u00e7irilib. S\u0259firlikd\u0259n\u00a0bildiribl\u0259r ki, m\u0259rasimd\u0259 diplomatik n\u00fcmay\u0259nd\u0259lin \u0259m\u0259kda\u015flar\u0131, yerli ictimai xadiml\u0259r, jurnalistl\u0259r, M\u0259rake\u015f-Az\u0259rbaycan Dostluq C\u0259miyy\u0259tinin \u00fczvl\u0259ri i\u015ftirak edibl\u0259r. Az\u0259rbaycan\u0131n M\u0259rake\u015fd\u0259ki s\u0259firi Oktay Qurbanov m\u00fcasir m\u00fcst\u0259qil Az\u0259rbaycan d\u00f6vl\u0259tinin memar\u0131 v\u0259 qurucusu Heyd\u0259r \u018fliyevin ke\u00e7diyi m\u0259nal\u0131 v\u0259 z\u0259ngin h\u0259yat yolundan, Az\u0259rbaycan d\u00f6vl\u0259ti v\u0259 xalq\u0131 qar\u015f\u0131s\u0131ndak\u0131 \u0259v\u0259zsiz xidm\u0259tl\u0259rind\u0259n b\u0259hs edib, el\u0259c\u0259 d\u0259 \u00f6lk\u0259mizd\u0259 b\u00fct\u00fcn sah\u0259l\u0259rd\u0259 apar\u0131lan geni\u015f v\u0259 m\u0259qs\u0259dy\u00f6nl\u00fc islahatlardan dan\u0131\u015f\u0131b. Ulu \u00d6nd\u0259rin M\u0259rake\u015f Kral\u0131 II H\u0259s\u0259n il\u0259 g\u00f6r\u00fc\u015f\u00fcn\u0259 toxunan s\u0259fir \u00fcmummilli lider Heyd\u0259r \u018fliyevin Az\u0259rbaycan-M\u0259rake\u015f&hellip;<\/p>\n","protected":false},"author":2,"featured_media":27227,"comment_status":"closed","ping_status":"closed","sticky":false,"template":"","format":"standard","meta":{"om_disable_all_campaigns":false,"_monsterinsights_skip_tracking":false,"_monsterinsights_sitenote_active":false,"_monsterinsights_sitenote_note":"","_monsterinsights_sitenote_category":0},"categories":[4],"tags":[],"aioseo_notices":[],"gutentor_comment":0,"rttpg_featured_image_url":{"full":["https:\/\/arantv.az\/wp-content\/uploads\/2018\/12\/38hovresho2c1frd3ndcrkbdl2merak.jpg",892,669,false],"landscape":["https:\/\/arantv.az\/wp-content\/uploads\/2018\/12\/38hovresho2c1frd3ndcrkbdl2merak.jpg",892,669,false],"portraits":["https:\/\/arantv.az\/wp-content\/uploads\/2018\/12\/38hovresho2c1frd3ndcrkbdl2merak.jpg",892,669,false],"thumbnail":["https:\/\/arantv.az\/wp-content\/uploads\/2018\/12\/38hovresho2c1frd3ndcrkbdl2merak-150x150.jpg",150,150,true],"medium":["https:\/\/arantv.az\/wp-content\/uploads\/2018\/12\/38hovresho2c1frd3ndcrkbdl2merak-300x225.jpg",300,225,true],"large":["https:\/\/arantv.az\/wp-content\/uploads\/2018\/12\/38hovresho2c1frd3ndcrkbdl2merak.jpg",640,480,false],"1536x1536":["https:\/\/arantv.az\/wp-content\/uploads\/2018\/12\/38hovresho2c1frd3ndcrkbdl2merak.jpg",892,669,false],"2048x2048":["https:\/\/arantv.az\/wp-content\/uploads\/2018\/12\/38hovresho2c1frd3ndcrkbdl2merak.jpg",892,669,false],"post-thumbnail":["https:\/\/arantv.az\/wp-content\/uploads\/2018\/12\/38hovresho2c1frd3ndcrkbdl2merak-240x172.jpg",240,172,true],"advps-thumb-one":["https:\/\/arantv.az\/wp-content\/uploads\/2018\/12\/38hovresho2c1frd3ndcrkbdl2merak-892x620.jpg",892,620,true]},"rttpg_author":{"display_name":"V\u00fcsal Rafiqo\u011flu","author_link":"https:\/\/arantv.az\/?author=2"},"rttpg_comment":0,"rttpg_category":"<a href=\"https:\/\/arantv.az\/?cat=4\" rel=\"category\">Siyas\u0259t<\/a>","rttpg_excerpt":"ARANTV.AZ x\u0259b\u0259r verir ki, Az\u0259rbaycan\u0131n M\u0259rake\u015fd\u0259ki s\u0259firliyind\u0259 \u00fcmummilli lider Heyd\u0259r \u018fliyevin v\u0259fat\u0131n\u0131n 15-ci ild\u00f6n\u00fcm\u00fcn\u0259 h\u0259sr olunan an\u0131m m\u0259rasimi ke\u00e7irilib. S\u0259firlikd\u0259n\u00a0bildiribl\u0259r ki, m\u0259rasimd\u0259 diplomatik n\u00fcmay\u0259nd\u0259lin \u0259m\u0259kda\u015flar\u0131, yerli ictimai xadiml\u0259r, jurnalistl\u0259r, M\u0259rake\u015f-Az\u0259rbaycan Dostluq C\u0259miyy\u0259tinin \u00fczvl\u0259ri i\u015ftirak edibl\u0259r. Az\u0259rbaycan\u0131n M\u0259rake\u015fd\u0259ki s\u0259firi Oktay Qurbanov m\u00fcasir m\u00fcst\u0259qil Az\u0259rbaycan d\u00f6vl\u0259tinin memar\u0131 v\u0259 qurucusu Heyd\u0259r \u018fliyevin ke\u00e7diyi m\u0259nal\u0131 v\u0259 z\u0259ngin h\u0259yat yolundan,&hellip;","_links":{"self":[{"href":"https:\/\/arantv.az\/index.php?rest_route=\/wp\/v2\/posts\/27226"}],"collection":[{"href":"https:\/\/arantv.az\/index.php?rest_route=\/wp\/v2\/posts"}],"about":[{"href":"https:\/\/arantv.az\/index.php?rest_route=\/wp\/v2\/types\/post"}],"author":[{"embeddable":true,"href":"https:\/\/arantv.az\/index.php?rest_route=\/wp\/v2\/users\/2"}],"replies":[{"embeddable":true,"href":"https:\/\/arantv.az\/index.php?rest_route=%2Fwp%2Fv2%2Fcomments&post=27226"}],"version-history":[{"count":0,"href":"https:\/\/arantv.az\/index.php?rest_route=\/wp\/v2\/posts\/27226\/revisions"}],"wp:featuredmedia":[{"embeddable":true,"href":"https:\/\/arantv.az\/index.php?rest_route=\/wp\/v2\/media\/27227"}],"wp:attachment":[{"href":"https:\/\/arantv.az\/index.php?rest_route=%2Fwp%2Fv2%2Fmedia&parent=27226"}],"wp:term":[{"taxonomy":"category","embeddable":true,"href":"https:\/\/arantv.az\/index.php?rest_route=%2Fwp%2Fv2%2Fcategories&post=27226"},{"taxonomy":"post_tag","embeddable":true,"href":"https:\/\/arantv.az\/index.php?rest_route=%2Fwp%2Fv2%2Ftags&post=27226"}],"curies":[{"name":"wp","href":"https:\/\/api.w.org\/{rel}","templated":true}]}}