{"id":27229,"date":"2018-12-12T08:22:43","date_gmt":"2018-12-12T05:22:43","guid":{"rendered":"http:\/\/arantv.az\/?p=27229"},"modified":"2018-12-12T08:22:43","modified_gmt":"2018-12-12T05:22:43","slug":"umummilli-lider-heyd%c9%99r-%c9%99liyevin-xatir%c9%99si-belcikada-da-anilib","status":"publish","type":"post","link":"https:\/\/arantv.az\/?p=27229","title":{"rendered":"\u00dcmummilli lider Heyd\u0259r \u018fliyevin xatir\u0259si Bel\u00e7ikada da an\u0131l\u0131b"},"content":{"rendered":"<p><strong>ARANTV.AZ<\/strong> x\u0259b\u0259r verir ki, Az\u0259rbaycan xalq\u0131n\u0131n \u00fcmummilli lideri Heyd\u0259r \u018fliyevin an\u0131m g\u00fcn\u00fc il\u0259 ba\u011fl\u0131 Br\u00fcsseld\u0259 Az\u0259rbaycan Respublikas\u0131n\u0131n Bel\u00e7ika Krall\u0131\u011f\u0131 v\u0259 L\u00fcksemburq B\u00f6y\u00fck Hersoqlu\u011fundak\u0131 s\u0259firliyinin, NATO yan\u0131nda daimi n\u00fcmay\u0259nd\u0259liyinin v\u0259 yerli diaspora t\u0259\u015fkilatlar\u0131n\u0131n t\u0259\u015f\u0259bb\u00fcs\u00fc il\u0259 t\u0259dbir ke\u00e7irilib.<\/p>\n<p>An\u0131m t\u0259dbirind\u0259 \u0259vv\u0259lc\u0259 ulu \u00f6nd\u0259r Heyd\u0259r \u018fliyevin \u0259ziz xatir\u0259si bir d\u0259qiq\u0259lik s\u00fckutla yad edilib.<\/p>\n<p>Daha sonra \u00e7\u0131x\u0131\u015f ed\u0259n s\u0259fir Fuad \u0130sg\u0259nd\u0259rov Ulu \u00d6nd\u0259rin ke\u00e7diyi \u015f\u0259r\u0259fli \u00f6m\u00fcr yolundan b\u0259hs edib, \u00fcmummilli lider Heyd\u0259r \u018fliyevin uzaqg\u00f6r\u0259nliyi, irad\u0259si v\u0259 \u0259v\u0259zsiz siyasi strategiyas\u0131 say\u0259sind\u0259 Az\u0259rbaycan\u0131n bu g\u00fcn d\u00fcnya \u00f6lk\u0259l\u0259ri t\u0259r\u0259find\u0259n etibarl\u0131 t\u0259r\u0259fda\u015f kimi q\u0259bul edildiyini bildirib. Qeyd edib ki, \u0259sas\u0131 \u00fcmummilli lider Heyd\u0259r \u018fliyev t\u0259r\u0259find\u0259n qoyulan bu siyas\u0259t Prezident \u0130lham \u018fliyev t\u0259r\u0259find\u0259n u\u011furla davam etdirilir.<\/p>\n<p>Ulu \u00f6nd\u0259r Heyd\u0259r \u018fliyevin d\u00fcnyan\u0131n g\u00f6rk\u0259mli siyasi xadiml\u0259ri aras\u0131nda x\u00fcsusi yerinin v\u0259 n\u00fcfuzunun oldu\u011funu diqq\u0259t\u0259 \u00e7atd\u0131ran F.\u0130sg\u0259nd\u0259rov deyib ki, \u00dcmummilli Liderin \u0259ziz xatir\u0259si daim q\u0259dirbil\u0259n Az\u0259rbaycan xalq\u0131n\u0131n q\u0259lbind\u0259 ya\u015fayacaq.<\/p>\n<p>T\u0259dbird\u0259 dig\u0259r \u00e7\u0131x\u0131\u015f ed\u0259nl\u0259r d\u0259 ulu \u00f6nd\u0259r Heyd\u0259r \u018fliyevin Az\u0259rbaycan d\u00f6vl\u0259t\u00e7iliyinin qurulmas\u0131nda v\u0259 m\u00f6hk\u0259ml\u0259nm\u0259sind\u0259ki m\u00fcst\u0259sna rolundan \u0259trafl\u0131 b\u0259hs edibl\u0259r.<\/p>\n","protected":false},"excerpt":{"rendered":"<p>ARANTV.AZ x\u0259b\u0259r verir ki, Az\u0259rbaycan xalq\u0131n\u0131n \u00fcmummilli lideri Heyd\u0259r \u018fliyevin an\u0131m g\u00fcn\u00fc il\u0259 ba\u011fl\u0131 Br\u00fcsseld\u0259 Az\u0259rbaycan Respublikas\u0131n\u0131n Bel\u00e7ika Krall\u0131\u011f\u0131 v\u0259 L\u00fcksemburq B\u00f6y\u00fck Hersoqlu\u011fundak\u0131 s\u0259firliyinin, NATO yan\u0131nda daimi n\u00fcmay\u0259nd\u0259liyinin v\u0259 yerli diaspora t\u0259\u015fkilatlar\u0131n\u0131n t\u0259\u015f\u0259bb\u00fcs\u00fc il\u0259 t\u0259dbir ke\u00e7irilib. An\u0131m t\u0259dbirind\u0259 \u0259vv\u0259lc\u0259 ulu \u00f6nd\u0259r Heyd\u0259r \u018fliyevin \u0259ziz xatir\u0259si bir d\u0259qiq\u0259lik s\u00fckutla yad edilib. Daha sonra \u00e7\u0131x\u0131\u015f ed\u0259n s\u0259fir Fuad \u0130sg\u0259nd\u0259rov Ulu \u00d6nd\u0259rin ke\u00e7diyi \u015f\u0259r\u0259fli \u00f6m\u00fcr yolundan b\u0259hs edib, \u00fcmummilli lider Heyd\u0259r \u018fliyevin uzaqg\u00f6r\u0259nliyi, irad\u0259si v\u0259 \u0259v\u0259zsiz siyasi strategiyas\u0131 say\u0259sind\u0259 Az\u0259rbaycan\u0131n bu g\u00fcn d\u00fcnya \u00f6lk\u0259l\u0259ri t\u0259r\u0259find\u0259n etibarl\u0131 t\u0259r\u0259fda\u015f kimi q\u0259bul edildiyini bildirib. Qeyd edib&hellip;<\/p>\n","protected":false},"author":2,"featured_media":27230,"comment_status":"closed","ping_status":"closed","sticky":false,"template":"","format":"standard","meta":{"om_disable_all_campaigns":false,"_monsterinsights_skip_tracking":false,"_monsterinsights_sitenote_active":false,"_monsterinsights_sitenote_note":"","_monsterinsights_sitenote_category":0},"categories":[4],"tags":[],"aioseo_notices":[],"gutentor_comment":0,"rttpg_featured_image_url":{"full":["https:\/\/arantv.az\/wp-content\/uploads\/2018\/12\/38hovresho2c1frd3ndcrkbdl2belchik.jpg",892,669,false],"landscape":["https:\/\/arantv.az\/wp-content\/uploads\/2018\/12\/38hovresho2c1frd3ndcrkbdl2belchik.jpg",892,669,false],"portraits":["https:\/\/arantv.az\/wp-content\/uploads\/2018\/12\/38hovresho2c1frd3ndcrkbdl2belchik.jpg",892,669,false],"thumbnail":["https:\/\/arantv.az\/wp-content\/uploads\/2018\/12\/38hovresho2c1frd3ndcrkbdl2belchik-150x150.jpg",150,150,true],"medium":["https:\/\/arantv.az\/wp-content\/uploads\/2018\/12\/38hovresho2c1frd3ndcrkbdl2belchik-300x225.jpg",300,225,true],"large":["https:\/\/arantv.az\/wp-content\/uploads\/2018\/12\/38hovresho2c1frd3ndcrkbdl2belchik.jpg",640,480,false],"1536x1536":["https:\/\/arantv.az\/wp-content\/uploads\/2018\/12\/38hovresho2c1frd3ndcrkbdl2belchik.jpg",892,669,false],"2048x2048":["https:\/\/arantv.az\/wp-content\/uploads\/2018\/12\/38hovresho2c1frd3ndcrkbdl2belchik.jpg",892,669,false],"post-thumbnail":["https:\/\/arantv.az\/wp-content\/uploads\/2018\/12\/38hovresho2c1frd3ndcrkbdl2belchik-240x172.jpg",240,172,true],"advps-thumb-one":["https:\/\/arantv.az\/wp-content\/uploads\/2018\/12\/38hovresho2c1frd3ndcrkbdl2belchik-892x620.jpg",892,620,true]},"rttpg_author":{"display_name":"V\u00fcsal Rafiqo\u011flu","author_link":"https:\/\/arantv.az\/?author=2"},"rttpg_comment":0,"rttpg_category":"<a href=\"https:\/\/arantv.az\/?cat=4\" rel=\"category\">Siyas\u0259t<\/a>","rttpg_excerpt":"ARANTV.AZ x\u0259b\u0259r verir ki, Az\u0259rbaycan xalq\u0131n\u0131n \u00fcmummilli lideri Heyd\u0259r \u018fliyevin an\u0131m g\u00fcn\u00fc il\u0259 ba\u011fl\u0131 Br\u00fcsseld\u0259 Az\u0259rbaycan Respublikas\u0131n\u0131n Bel\u00e7ika Krall\u0131\u011f\u0131 v\u0259 L\u00fcksemburq B\u00f6y\u00fck Hersoqlu\u011fundak\u0131 s\u0259firliyinin, NATO yan\u0131nda daimi n\u00fcmay\u0259nd\u0259liyinin v\u0259 yerli diaspora t\u0259\u015fkilatlar\u0131n\u0131n t\u0259\u015f\u0259bb\u00fcs\u00fc il\u0259 t\u0259dbir ke\u00e7irilib. An\u0131m t\u0259dbirind\u0259 \u0259vv\u0259lc\u0259 ulu \u00f6nd\u0259r Heyd\u0259r \u018fliyevin \u0259ziz xatir\u0259si bir d\u0259qiq\u0259lik s\u00fckutla yad edilib. Daha sonra \u00e7\u0131x\u0131\u015f ed\u0259n s\u0259fir&hellip;","_links":{"self":[{"href":"https:\/\/arantv.az\/index.php?rest_route=\/wp\/v2\/posts\/27229"}],"collection":[{"href":"https:\/\/arantv.az\/index.php?rest_route=\/wp\/v2\/posts"}],"about":[{"href":"https:\/\/arantv.az\/index.php?rest_route=\/wp\/v2\/types\/post"}],"author":[{"embeddable":true,"href":"https:\/\/arantv.az\/index.php?rest_route=\/wp\/v2\/users\/2"}],"replies":[{"embeddable":true,"href":"https:\/\/arantv.az\/index.php?rest_route=%2Fwp%2Fv2%2Fcomments&post=27229"}],"version-history":[{"count":0,"href":"https:\/\/arantv.az\/index.php?rest_route=\/wp\/v2\/posts\/27229\/revisions"}],"wp:featuredmedia":[{"embeddable":true,"href":"https:\/\/arantv.az\/index.php?rest_route=\/wp\/v2\/media\/27230"}],"wp:attachment":[{"href":"https:\/\/arantv.az\/index.php?rest_route=%2Fwp%2Fv2%2Fmedia&parent=27229"}],"wp:term":[{"taxonomy":"category","embeddable":true,"href":"https:\/\/arantv.az\/index.php?rest_route=%2Fwp%2Fv2%2Fcategories&post=27229"},{"taxonomy":"post_tag","embeddable":true,"href":"https:\/\/arantv.az\/index.php?rest_route=%2Fwp%2Fv2%2Ftags&post=27229"}],"curies":[{"name":"wp","href":"https:\/\/api.w.org\/{rel}","templated":true}]}}