{"id":27239,"date":"2018-12-12T08:37:57","date_gmt":"2018-12-12T05:37:57","guid":{"rendered":"http:\/\/arantv.az\/?p=27239"},"modified":"2018-12-12T08:37:57","modified_gmt":"2018-12-12T05:37:57","slug":"hadi-r%c9%99c%c9%99bli-ulu-ond%c9%99r-heyd%c9%99r-%c9%99liyev-az%c9%99rbaycanin-c%c9%99tin-don%c9%99mind%c9%99-sosial-mudafi%c9%99-sah%c9%99sind%c9%99-cox-ugurlu-addimlar-atdi","status":"publish","type":"post","link":"https:\/\/arantv.az\/?p=27239","title":{"rendered":"Had\u0131 R\u0259c\u0259bli: &#8220;Ulu \u00f6nd\u0259r Heyd\u0259r \u018fliyev Az\u0259rbaycan\u0131n \u00e7\u0259tin d\u00f6n\u0259mind\u0259 sosial m\u00fcdafi\u0259 sah\u0259sind\u0259 \u00e7ox u\u011furlu add\u0131mlar atd\u0131&#8221;"},"content":{"rendered":"<blockquote><p><em><strong>Ulu \u00f6nd\u0259r Heyd\u0259r \u018fliyevin Az\u0259rbaycan d\u00f6vl\u0259ti v\u0259 xalq\u0131 qar\u015f\u0131s\u0131nda xidm\u0259tl\u0259ri \u0259v\u0259zsizdir. \u00dcmummilli lider Az\u0259rbaycan\u0131n \u0259n \u00e7\u0259tin vaxtlar\u0131nda d\u00f6vl\u0259t\u00e7iliyimiz \u00fc\u00e7\u00fcn \u0259n u\u011furlu add\u0131mlar at\u0131b.<\/strong><\/em><\/p><\/blockquote>\n<p><strong>ARANTV.AZ<\/strong> x\u0259b\u0259r verir ki, bunu trend-\u0259 a\u00e7\u0131qlamas\u0131nda Milli M\u0259clisin \u018fm\u0259k v\u0259 sosial siyas\u0259t komit\u0259sinin s\u0259dri Had\u0131 R\u0259c\u0259bli deyib.<\/p>\n<p>H.R\u0259c\u0259bli bildirib ki, h\u0259ssas b\u00f6lg\u0259d\u0259 yerl\u0259\u015f\u0259n Az\u0259rbaycanda d\u00f6vl\u0259t\u00e7iliyin b\u00fct\u00fcn b\u0259\u015f\u0259riyy\u0259t\u0259 \u00f6rn\u0259k olan inki\u015faf modelinin qurulmas\u0131 istiqam\u0259tind\u0259 Heyd\u0259r \u018fliyevin tarixi xidm\u0259tl\u0259ri d\u00fcnyan\u0131n q\u0259bul etdiyi v\u0259 \u00f6yr\u0259ndiyi z\u0259ngin bir irsdir.<\/p>\n<p>Komit\u0259 s\u0259dri qeyd edib ki, Heyd\u0259r \u018fliyevin Az\u0259rbaycan d\u00f6vl\u0259ti v\u0259 xalq\u0131 qar\u015f\u0131s\u0131nda tarixi quruculuq v\u0259 inki\u015faf missiyas\u0131 1969-cu ild\u0259n ba\u015flay\u0131r: &#8220;H\u0259min il Heyd\u0259r \u018fliyevin respublikam\u0131zda r\u0259hb\u0259rliy\u0259 g\u0259lm\u0259si sovet rejiminin s\u0259rt qanunlar\u0131na baxmayaraq, Az\u0259rbaycanda b\u00f6y\u00fck iqtisadi, elmi v\u0259 \u0259d\u0259bi-m\u0259d\u0259ni inki\u015fafa, m\u00fcst\u0259qil d\u00fc\u015f\u00fcnc\u0259y\u0259 yol a\u00e7d\u0131. Heyd\u0259r \u018fliyev \u00f6lk\u0259y\u0259 r\u0259hb\u0259rlik etm\u0259y\u0259 ba\u015flayandan sonra q\u0131sa zaman k\u0259siyind\u0259 Az\u0259rbaycan SSR\u0130-nin t\u0259rkibind\u0259 o zaman \u00fc\u00e7\u00fcn m\u00fcasir iqtisadi potensiala malik olan respublikaya \u00e7evrildi. Heyd\u0259r \u018fliyevin r\u0259hb\u0259rliyi alt\u0131nda ba\u015flayan geni\u015fmiqyasl\u0131 i\u015fl\u0259rin n\u0259tic\u0259sind\u0259 Az\u0259rbaycan ittifaq respublikalar\u0131 aras\u0131nda \u00f6z layiqli yerini tutdu&#8221;.<\/p>\n<p>H.R\u0259c\u0259bli vur\u011fulay\u0131b ki, sovet ill\u0259rind\u0259 Heyd\u0259r \u018fliyevin t\u0259\u015f\u0259bb\u00fcs\u00fc il\u0259 xalq\u0131m\u0131z\u0131n milli m\u0259nlik \u015f\u00fcurunun, m\u0259d\u0259niyy\u0259tinin v\u0259 dilinin inki\u015faf\u0131na da g\u00fccl\u00fc t\u0259kan ver\u0259n t\u0259dbirl\u0259r h\u0259yata ke\u00e7irildi: &#8220;Bu m\u0259nada o ill\u0259rd\u0259 t\u0259kc\u0259 sosial-iqtisadi y\u00fcks\u0259li\u015f deyil, milli-m\u0259n\u0259vi d\u0259y\u0259rl\u0259r\u0259 qay\u0131d\u0131\u015f da Heyd\u0259r \u018fliyevin ad\u0131 il\u0259 ba\u011fl\u0131 idi. Sovet ideologiyas\u0131n\u0131n hakim oldu\u011fu d\u00f6vrd\u0259 Heyd\u0259r \u018fliyev xalq\u0131m\u0131z\u0131n m\u0259n\u0259vi d\u0259y\u0259rl\u0259rinin \u0259riyib itm\u0259m\u0259si \u00fc\u00e7\u00fcn \u0259lind\u0259n g\u0259l\u0259ni etdi. El\u0259 bu s\u0259b\u0259bd\u0259ndir ki, sovet hakimiyy\u0259ti ill\u0259rind\u0259 h\u0259yata ke\u00e7iril\u0259n m\u0259qs\u0259dy\u00f6nl\u00fc siyas\u0259t Az\u0259rbaycan xalq\u0131n\u0131n milli-m\u0259n\u0259vi d\u0259y\u0259rl\u0259rini xalq\u0131n \u015f\u00fcurundan sil\u0259 bilm\u0259di&#8221;.<\/p>\n<p>Mill\u0259t v\u0259kili xat\u0131rlad\u0131b ki, SSR\u0130-nin s\u00fcqutundan sonra b\u00fct\u00fcn ittifaq respublikalar\u0131 m\u00fcst\u0259qilliy\u0259 qovu\u015fdu: &#8220;Amma Az\u0259rbaycan\u0131n m\u00fcst\u0259qilliyinin ilk ill\u0259rind\u0259 hakimiyy\u0259t\u0259 yiy\u0259l\u0259n\u0259n q\u00fcvv\u0259l\u0259rin s\u0259ri\u015ft\u0259sizliyi \u00f6lk\u0259mizi par\u00e7alanmaq, d\u00f6vl\u0259t\u00e7iliyimizi itirm\u0259k t\u0259hl\u00fck\u0259si qar\u015f\u0131s\u0131nda qoymu\u015fdu. Hakimiyy\u0259t u\u011frunda \u00e7\u0259ki\u015fm\u0259 Erm\u0259nistanla apar\u0131lan m\u00fcharib\u0259ni d\u0259 arxa plana ke\u00e7irmi\u015fdi. Bel\u0259 bir \u00e7\u0259tin v\u0259 m\u00fcr\u0259kk\u0259b d\u00f6vrd\u0259 Az\u0259rbaycan xalq\u0131 \u00e7ox d\u00fczg\u00fcn add\u0131m ataraq \u00f6lk\u0259ni d\u00fc\u015fd\u00fcy\u00fc a\u011f\u0131r b\u00f6hrandan qurtarmaq \u00fc\u00e7\u00fcn Heyd\u0259r \u018fliyevi Bak\u0131ya d\u0259v\u0259t etdi. Xalq\u0131n t\u0259kidli t\u0259l\u0259bi il\u0259 b\u00f6y\u00fck siyasi t\u0259cr\u00fcb\u0259y\u0259 malik Heyd\u0259r \u018fliyevin \u00f6lk\u0259 r\u0259hb\u0259rliyin\u0259 qay\u0131d\u0131\u015f\u0131 Az\u0259rbaycan\u0131n d\u00f6vl\u0259t m\u00fcst\u0259qilliyinin qorunub saxlanmas\u0131na v\u0259 m\u00f6hk\u0259ml\u0259ndirilm\u0259sin\u0259 xidm\u0259t ed\u0259n ba\u015fl\u0131ca amil oldu&#8221;.<\/p>\n<p>O bildirib ki, \u00fcmummilli lider Heyd\u0259r \u018fliyev hakimiyy\u0259t\u0259 qay\u0131daraq Az\u0259rbaycan d\u00f6vl\u0259t\u00e7iliyini qurdu, ya\u015fatd\u0131: &#8220;Az\u0259rbaycan\u0131 h\u0259rt\u0259r\u0259fli inki\u015faf yoluna \u00e7\u0131xaran Heyd\u0259r \u018fliyev \u0259m\u0259ll\u0259ri il\u0259, xalqa \u0259v\u0259zsiz xidm\u0259tl\u0259ri il\u0259 tariximizd\u0259 \u0259b\u0259diya\u015farl\u0131q qazand\u0131. Ulu \u00f6nd\u0259rin g\u0259rgin v\u0259 yorulmaz \u0259m\u0259yi sah\u0259sind\u0259 Az\u0259rbaycanda b\u00fct\u00fcn sah\u0259l\u0259rd\u0259 d\u0259rin islahatlar apar\u0131ld\u0131, \u00f6lk\u0259miz b\u00f6hran v\u0259ziyy\u0259tind\u0259n \u00e7\u0131xaraq inki\u015faf yoluna q\u0259d\u0259m qoydu, \u0259halinin sosial v\u0259ziyy\u0259ti yax\u015f\u0131la\u015fma\u011fa ba\u015flad\u0131&#8221;.<\/p>\n<p>H.R\u0259c\u0259bli vur\u011fulay\u0131b ki, Heyd\u0259r \u018fliyevin sosial m\u00fcdafi\u0259 sah\u0259sind\u0259 xidm\u0259tl\u0259rini 3 aspektd\u0259n yana\u015faraq qiym\u0259tl\u0259ndirm\u0259k olar: &#8220;Birincisi, Heyd\u0259r \u018fliyev qa\u00e7q\u0131n v\u0259 m\u0259cburi k\u00f6\u00e7k\u00fcn probleminin yarand\u0131\u011f\u0131, \u00f6lk\u0259 iqtisadiyyat\u0131n\u0131n iflic v\u0259ziyy\u0259t\u0259 d\u00fc\u015fd\u00fcy\u00fc, hakimiyy\u0259tsizlik d\u00f6vr\u00fcnd\u0259 hakimiyy\u0259t\u0259 g\u0259ldi. \u0130kincisi, populist, bazar iqtisadiyyat\u0131ndan uzaq sosial siyas\u0259t var idi. \u00dc\u00e7\u00fcnc\u00fcs\u00fc, m\u00fcst\u0259qil d\u00f6vl\u0259tin yeni sosial siyas\u0259ti qurulmal\u0131 idi, t\u0259\u015f\u0259bb\u00fcsl\u0259r g\u00f6st\u0259rilm\u0259li, islahatlar apar\u0131lmal\u0131 idi. Ulu \u00f6nd\u0259r h\u0259r 3 istiqam\u0259td\u0259 \u00e7ox u\u011furlu add\u0131mlar atd\u0131. Bu, Az\u0259rbaycan\u0131n \u00e7\u0259tin d\u00f6n\u0259mind\u0259, d\u00f6vl\u0259t\u00e7iliyi tarixind\u0259 at\u0131lan \u0259n u\u011furlu add\u0131mlar idi. Birincisi, qa\u00e7q\u0131n v\u0259 m\u0259cburi k\u00f6\u00e7k\u00fcnl\u0259r yerb\u0259yer edildi, neft yataqlar\u0131ndan g\u0259l\u0259n bonuslar h\u0259min \u015f\u0259xsl\u0259r\u0259 y\u00f6n\u0259ldildi, beyn\u0259lxalq humanitar t\u0259\u015fkilatlar Az\u0259rbaycana c\u0259lb olundu. \u0130kincisi, ulu \u00f6nd\u0259rimiz konkret add\u0131mlarla populist \u015f\u00fcarlar\u0131n qar\u015f\u0131s\u0131n\u0131 ald\u0131, m\u0259s\u0259l\u0259l\u0259ri t\u0259nziml\u0259di, qanunlar yarad\u0131ld\u0131, Konstitusiyan\u0131n b\u00f6y\u00fck hiss\u0259sind\u0259 sosial h\u00fcquqlar t\u0259sbit olundu, d\u00f6vl\u0259t proqramlar\u0131 m\u00fc\u0259yy\u0259nl\u0259\u015fdirildi. \u00dc\u00e7\u00fcnc\u00fcs\u00fc, islahatlara yol a\u00e7\u0131ld\u0131, pensiya v\u0259 dig\u0259r islahatlar apar\u0131ld\u0131. Bel\u0259likl\u0259, Az\u0259rbaycanda m\u00fcasir sosial m\u00fcdafi\u0259 sistemi yarand\u0131&#8221;.<\/p>\n<p>Komit\u0259 s\u0259dri qeyd edib ki, \u00fcmummilli lider Heyd\u0259r \u018fliyev Az\u0259rbaycan xalq\u0131n\u0131n v\u0259 d\u00f6vl\u0259tinin g\u0259l\u0259c\u0259k inki\u015faf\u0131n\u0131 m\u00fc\u0259yy\u0259nl\u0259\u015fdirdi: &#8220;\u00d6lk\u0259mizin inki\u015faf\u0131, insanlar\u0131n rifah\u0131n\u0131n yax\u015f\u0131la\u015fmas\u0131 ulu \u00f6nd\u0259rin uzaqg\u00f6r\u0259nlik v\u0259 m\u00fcdriklikl\u0259 d\u00fc\u015f\u00fcn\u00fclm\u00fc\u015f siyas\u0259tinin b\u0259hr\u0259sidir. Bu g\u00fcn Az\u0259rbaycan Heyd\u0259r \u018fliyevin \u0259sas\u0131n\u0131 qoydu\u011fu yolla g\u0259l\u0259c\u0259y\u0259 do\u011fru inamla add\u0131mlay\u0131r. Heyd\u0259r \u018fliyev siyasi m\u0259kt\u0259binin \u0259n layiqli yetirm\u0259si olan Prezident \u0130lham \u018fliyevin d\u0259rind\u0259n d\u00fc\u015f\u00fcn\u00fclm\u00fc\u015f, xalq\u0131n\u0131n v\u0259 d\u00f6vl\u0259tinin maraqlar\u0131na xidm\u0259t ed\u0259n siyas\u0259ti n\u0259tic\u0259sind\u0259 Az\u0259rbaycan\u0131n dinamik inki\u015faf\u0131 davaml\u0131 xarakter al\u0131b, respublikam\u0131z\u0131n beyn\u0259lxalq al\u0259md\u0259 yeri v\u0259 n\u00fcfuzu daha da m\u00f6hk\u0259ml\u0259nib&#8221;.<\/p>\n","protected":false},"excerpt":{"rendered":"<p>Ulu \u00f6nd\u0259r Heyd\u0259r \u018fliyevin Az\u0259rbaycan d\u00f6vl\u0259ti v\u0259 xalq\u0131 qar\u015f\u0131s\u0131nda xidm\u0259tl\u0259ri \u0259v\u0259zsizdir. \u00dcmummilli lider Az\u0259rbaycan\u0131n \u0259n \u00e7\u0259tin vaxtlar\u0131nda d\u00f6vl\u0259t\u00e7iliyimiz \u00fc\u00e7\u00fcn \u0259n u\u011furlu add\u0131mlar at\u0131b. ARANTV.AZ x\u0259b\u0259r verir ki, bunu trend-\u0259 a\u00e7\u0131qlamas\u0131nda Milli M\u0259clisin \u018fm\u0259k v\u0259 sosial siyas\u0259t komit\u0259sinin s\u0259dri Had\u0131 R\u0259c\u0259bli deyib. H.R\u0259c\u0259bli bildirib ki, h\u0259ssas b\u00f6lg\u0259d\u0259 yerl\u0259\u015f\u0259n Az\u0259rbaycanda d\u00f6vl\u0259t\u00e7iliyin b\u00fct\u00fcn b\u0259\u015f\u0259riyy\u0259t\u0259 \u00f6rn\u0259k olan inki\u015faf modelinin qurulmas\u0131 istiqam\u0259tind\u0259 Heyd\u0259r \u018fliyevin tarixi xidm\u0259tl\u0259ri d\u00fcnyan\u0131n q\u0259bul etdiyi v\u0259 \u00f6yr\u0259ndiyi z\u0259ngin bir irsdir. Komit\u0259 s\u0259dri qeyd edib ki, Heyd\u0259r \u018fliyevin Az\u0259rbaycan d\u00f6vl\u0259ti v\u0259 xalq\u0131 qar\u015f\u0131s\u0131nda tarixi quruculuq v\u0259 inki\u015faf missiyas\u0131 1969-cu ild\u0259n ba\u015flay\u0131r: &#8220;H\u0259min&hellip;<\/p>\n","protected":false},"author":2,"featured_media":27240,"comment_status":"closed","ping_status":"closed","sticky":false,"template":"","format":"standard","meta":{"om_disable_all_campaigns":false,"_monsterinsights_skip_tracking":false,"_monsterinsights_sitenote_active":false,"_monsterinsights_sitenote_note":"","_monsterinsights_sitenote_category":0},"categories":[4],"tags":[],"aioseo_notices":[],"gutentor_comment":0,"rttpg_featured_image_url":{"full":["https:\/\/arantv.az\/wp-content\/uploads\/2018\/12\/711834.jpg",800,600,false],"landscape":["https:\/\/arantv.az\/wp-content\/uploads\/2018\/12\/711834.jpg",800,600,false],"portraits":["https:\/\/arantv.az\/wp-content\/uploads\/2018\/12\/711834.jpg",800,600,false],"thumbnail":["https:\/\/arantv.az\/wp-content\/uploads\/2018\/12\/711834-150x150.jpg",150,150,true],"medium":["https:\/\/arantv.az\/wp-content\/uploads\/2018\/12\/711834-300x225.jpg",300,225,true],"large":["https:\/\/arantv.az\/wp-content\/uploads\/2018\/12\/711834.jpg",640,480,false],"1536x1536":["https:\/\/arantv.az\/wp-content\/uploads\/2018\/12\/711834.jpg",800,600,false],"2048x2048":["https:\/\/arantv.az\/wp-content\/uploads\/2018\/12\/711834.jpg",800,600,false],"post-thumbnail":["https:\/\/arantv.az\/wp-content\/uploads\/2018\/12\/711834-240x172.jpg",240,172,true],"advps-thumb-one":["https:\/\/arantv.az\/wp-content\/uploads\/2018\/12\/711834.jpg",800,600,false]},"rttpg_author":{"display_name":"V\u00fcsal Rafiqo\u011flu","author_link":"https:\/\/arantv.az\/?author=2"},"rttpg_comment":0,"rttpg_category":"<a href=\"https:\/\/arantv.az\/?cat=4\" rel=\"category\">Siyas\u0259t<\/a>","rttpg_excerpt":"Ulu \u00f6nd\u0259r Heyd\u0259r \u018fliyevin Az\u0259rbaycan d\u00f6vl\u0259ti v\u0259 xalq\u0131 qar\u015f\u0131s\u0131nda xidm\u0259tl\u0259ri \u0259v\u0259zsizdir. \u00dcmummilli lider Az\u0259rbaycan\u0131n \u0259n \u00e7\u0259tin vaxtlar\u0131nda d\u00f6vl\u0259t\u00e7iliyimiz \u00fc\u00e7\u00fcn \u0259n u\u011furlu add\u0131mlar at\u0131b. ARANTV.AZ x\u0259b\u0259r verir ki, bunu trend-\u0259 a\u00e7\u0131qlamas\u0131nda Milli M\u0259clisin \u018fm\u0259k v\u0259 sosial siyas\u0259t komit\u0259sinin s\u0259dri Had\u0131 R\u0259c\u0259bli deyib. H.R\u0259c\u0259bli bildirib ki, h\u0259ssas b\u00f6lg\u0259d\u0259 yerl\u0259\u015f\u0259n Az\u0259rbaycanda d\u00f6vl\u0259t\u00e7iliyin b\u00fct\u00fcn b\u0259\u015f\u0259riyy\u0259t\u0259 \u00f6rn\u0259k olan inki\u015faf modelinin&hellip;","_links":{"self":[{"href":"https:\/\/arantv.az\/index.php?rest_route=\/wp\/v2\/posts\/27239"}],"collection":[{"href":"https:\/\/arantv.az\/index.php?rest_route=\/wp\/v2\/posts"}],"about":[{"href":"https:\/\/arantv.az\/index.php?rest_route=\/wp\/v2\/types\/post"}],"author":[{"embeddable":true,"href":"https:\/\/arantv.az\/index.php?rest_route=\/wp\/v2\/users\/2"}],"replies":[{"embeddable":true,"href":"https:\/\/arantv.az\/index.php?rest_route=%2Fwp%2Fv2%2Fcomments&post=27239"}],"version-history":[{"count":0,"href":"https:\/\/arantv.az\/index.php?rest_route=\/wp\/v2\/posts\/27239\/revisions"}],"wp:featuredmedia":[{"embeddable":true,"href":"https:\/\/arantv.az\/index.php?rest_route=\/wp\/v2\/media\/27240"}],"wp:attachment":[{"href":"https:\/\/arantv.az\/index.php?rest_route=%2Fwp%2Fv2%2Fmedia&parent=27239"}],"wp:term":[{"taxonomy":"category","embeddable":true,"href":"https:\/\/arantv.az\/index.php?rest_route=%2Fwp%2Fv2%2Fcategories&post=27239"},{"taxonomy":"post_tag","embeddable":true,"href":"https:\/\/arantv.az\/index.php?rest_route=%2Fwp%2Fv2%2Ftags&post=27239"}],"curies":[{"name":"wp","href":"https:\/\/api.w.org\/{rel}","templated":true}]}}