{"id":27245,"date":"2018-12-12T09:13:14","date_gmt":"2018-12-12T06:13:14","guid":{"rendered":"http:\/\/arantv.az\/?p=27245"},"modified":"2018-12-12T09:13:14","modified_gmt":"2018-12-12T06:13:14","slug":"ilham-%c9%99liyev-heyd%c9%99r-%c9%99liyevin-m%c9%99zarini-ziyar%c9%99t-edib","status":"publish","type":"post","link":"https:\/\/arantv.az\/?p=27245","title":{"rendered":"\u0130lham \u018fliyev Heyd\u0259r \u018fliyevin m\u0259zar\u0131n\u0131 ziyar\u0259t edib"},"content":{"rendered":"<p>Az\u0259rbaycan prezidenti\u00a0<strong>\u0130lham \u018fliyev\u00a0<\/strong>F\u0259xri xiyabanda \u00dcmummilli lider\u00a0<strong>Heyd\u0259r \u018fliyev<\/strong>in m\u0259zar\u0131n\u0131 ziyar\u0259t edib.<\/p>\n<p><strong>ARANTV.AZ<\/strong>-\u0131n m\u0259lumat\u0131na g\u00f6r\u0259, prezident \u0130lham \u018fliyev Heyd\u0259r \u018fliyevin m\u0259zar\u0131 \u00f6n\u00fcn\u0259 \u0259klil qoyub.<\/p>\n<p>Sonra d\u00f6vl\u0259t himni s\u0259sl\u0259nib.<\/p>\n<div id=\"AdributorNativeVideo0\" class=\"AdributorNativeVideo\"><\/div>\n<p>Prezident akademik\u00a0<strong>Z\u0259rif\u0259 \u018fliyeva<\/strong>n\u0131n da m\u0259zar\u0131 \u00fcz\u0259rin\u0259 g\u00fcl d\u0259st\u0259l\u0259ri qoyub.<\/p>\n<p>Tan\u0131nm\u0131\u015f d\u00f6vl\u0259t xadimi \u018fziz \u018fliyevin v\u0259 professor<strong>\u00a0Tamerlan \u018fliyev<\/strong>in d\u0259 xatir\u0259l\u0259ri yad edilib, m\u0259zarlar\u0131 \u00fcst\u00fcn\u0259 g\u00fcl d\u0259st\u0259l\u0259ri d\u00fcz\u00fcl\u00fcb.<\/p>\n<p>Ziyar\u0259td\u0259 d\u00f6vl\u0259t v\u0259 h\u00f6kum\u0259t \u00fczvl\u0259ri, Milli M\u0259clisin deputatlar\u0131, komit\u0259, \u015firk\u0259t v\u0259 idar\u0259 r\u0259hb\u0259rl\u0259ri, ictimaiyy\u0259t n\u00fcmay\u0259nd\u0259l\u0259ri i\u015ftirak edibl\u0259r.<\/p>\n<p>Qeyd ed\u0259k ki, bu g\u00fcn Heyd\u0259r \u018fliyevin v\u0259fat\u0131ndan 15 il ke\u00e7ir.<\/p>\n<p>oxu.az<\/p>\n","protected":false},"excerpt":{"rendered":"<p>Az\u0259rbaycan prezidenti\u00a0\u0130lham \u018fliyev\u00a0F\u0259xri xiyabanda \u00dcmummilli lider\u00a0Heyd\u0259r \u018fliyevin m\u0259zar\u0131n\u0131 ziyar\u0259t edib. ARANTV.AZ-\u0131n m\u0259lumat\u0131na g\u00f6r\u0259, prezident \u0130lham \u018fliyev Heyd\u0259r \u018fliyevin m\u0259zar\u0131 \u00f6n\u00fcn\u0259 \u0259klil qoyub. Sonra d\u00f6vl\u0259t himni s\u0259sl\u0259nib. Prezident akademik\u00a0Z\u0259rif\u0259 \u018fliyevan\u0131n da m\u0259zar\u0131 \u00fcz\u0259rin\u0259 g\u00fcl d\u0259st\u0259l\u0259ri qoyub. Tan\u0131nm\u0131\u015f d\u00f6vl\u0259t xadimi \u018fziz \u018fliyevin v\u0259 professor\u00a0Tamerlan \u018fliyevin d\u0259 xatir\u0259l\u0259ri yad edilib, m\u0259zarlar\u0131 \u00fcst\u00fcn\u0259 g\u00fcl d\u0259st\u0259l\u0259ri d\u00fcz\u00fcl\u00fcb. Ziyar\u0259td\u0259 d\u00f6vl\u0259t v\u0259 h\u00f6kum\u0259t \u00fczvl\u0259ri, Milli M\u0259clisin deputatlar\u0131, komit\u0259, \u015firk\u0259t v\u0259 idar\u0259 r\u0259hb\u0259rl\u0259ri, ictimaiyy\u0259t n\u00fcmay\u0259nd\u0259l\u0259ri i\u015ftirak edibl\u0259r. Qeyd ed\u0259k ki, bu g\u00fcn Heyd\u0259r \u018fliyevin v\u0259fat\u0131ndan 15 il ke\u00e7ir. oxu.az<\/p>\n","protected":false},"author":2,"featured_media":27246,"comment_status":"closed","ping_status":"closed","sticky":false,"template":"","format":"standard","meta":{"om_disable_all_campaigns":false,"_monsterinsights_skip_tracking":false,"_monsterinsights_sitenote_active":false,"_monsterinsights_sitenote_note":"","_monsterinsights_sitenote_category":0},"categories":[8],"tags":[],"aioseo_notices":[],"gutentor_comment":0,"rttpg_featured_image_url":{"full":["https:\/\/arantv.az\/wp-content\/uploads\/2018\/12\/05b30766-7e29-41de-acc6-46d1bb6358d1.jpg",620,412,false],"landscape":["https:\/\/arantv.az\/wp-content\/uploads\/2018\/12\/05b30766-7e29-41de-acc6-46d1bb6358d1.jpg",620,412,false],"portraits":["https:\/\/arantv.az\/wp-content\/uploads\/2018\/12\/05b30766-7e29-41de-acc6-46d1bb6358d1.jpg",620,412,false],"thumbnail":["https:\/\/arantv.az\/wp-content\/uploads\/2018\/12\/05b30766-7e29-41de-acc6-46d1bb6358d1-150x150.jpg",150,150,true],"medium":["https:\/\/arantv.az\/wp-content\/uploads\/2018\/12\/05b30766-7e29-41de-acc6-46d1bb6358d1-300x199.jpg",300,199,true],"large":["https:\/\/arantv.az\/wp-content\/uploads\/2018\/12\/05b30766-7e29-41de-acc6-46d1bb6358d1.jpg",620,412,false],"1536x1536":["https:\/\/arantv.az\/wp-content\/uploads\/2018\/12\/05b30766-7e29-41de-acc6-46d1bb6358d1.jpg",620,412,false],"2048x2048":["https:\/\/arantv.az\/wp-content\/uploads\/2018\/12\/05b30766-7e29-41de-acc6-46d1bb6358d1.jpg",620,412,false],"post-thumbnail":["https:\/\/arantv.az\/wp-content\/uploads\/2018\/12\/05b30766-7e29-41de-acc6-46d1bb6358d1-240x172.jpg",240,172,true],"advps-thumb-one":["https:\/\/arantv.az\/wp-content\/uploads\/2018\/12\/05b30766-7e29-41de-acc6-46d1bb6358d1.jpg",620,412,false]},"rttpg_author":{"display_name":"V\u00fcsal Rafiqo\u011flu","author_link":"https:\/\/arantv.az\/?author=2"},"rttpg_comment":0,"rttpg_category":"<a href=\"https:\/\/arantv.az\/?cat=8\" rel=\"category\">\u018fsas s\u0259hif\u0259<\/a>","rttpg_excerpt":"Az\u0259rbaycan prezidenti\u00a0\u0130lham \u018fliyev\u00a0F\u0259xri xiyabanda \u00dcmummilli lider\u00a0Heyd\u0259r \u018fliyevin m\u0259zar\u0131n\u0131 ziyar\u0259t edib. ARANTV.AZ-\u0131n m\u0259lumat\u0131na g\u00f6r\u0259, prezident \u0130lham \u018fliyev Heyd\u0259r \u018fliyevin m\u0259zar\u0131 \u00f6n\u00fcn\u0259 \u0259klil qoyub. Sonra d\u00f6vl\u0259t himni s\u0259sl\u0259nib. Prezident akademik\u00a0Z\u0259rif\u0259 \u018fliyevan\u0131n da m\u0259zar\u0131 \u00fcz\u0259rin\u0259 g\u00fcl d\u0259st\u0259l\u0259ri qoyub. Tan\u0131nm\u0131\u015f d\u00f6vl\u0259t xadimi \u018fziz \u018fliyevin v\u0259 professor\u00a0Tamerlan \u018fliyevin d\u0259 xatir\u0259l\u0259ri yad edilib, m\u0259zarlar\u0131 \u00fcst\u00fcn\u0259 g\u00fcl d\u0259st\u0259l\u0259ri d\u00fcz\u00fcl\u00fcb. Ziyar\u0259td\u0259 d\u00f6vl\u0259t v\u0259&hellip;","_links":{"self":[{"href":"https:\/\/arantv.az\/index.php?rest_route=\/wp\/v2\/posts\/27245"}],"collection":[{"href":"https:\/\/arantv.az\/index.php?rest_route=\/wp\/v2\/posts"}],"about":[{"href":"https:\/\/arantv.az\/index.php?rest_route=\/wp\/v2\/types\/post"}],"author":[{"embeddable":true,"href":"https:\/\/arantv.az\/index.php?rest_route=\/wp\/v2\/users\/2"}],"replies":[{"embeddable":true,"href":"https:\/\/arantv.az\/index.php?rest_route=%2Fwp%2Fv2%2Fcomments&post=27245"}],"version-history":[{"count":0,"href":"https:\/\/arantv.az\/index.php?rest_route=\/wp\/v2\/posts\/27245\/revisions"}],"wp:featuredmedia":[{"embeddable":true,"href":"https:\/\/arantv.az\/index.php?rest_route=\/wp\/v2\/media\/27246"}],"wp:attachment":[{"href":"https:\/\/arantv.az\/index.php?rest_route=%2Fwp%2Fv2%2Fmedia&parent=27245"}],"wp:term":[{"taxonomy":"category","embeddable":true,"href":"https:\/\/arantv.az\/index.php?rest_route=%2Fwp%2Fv2%2Fcategories&post=27245"},{"taxonomy":"post_tag","embeddable":true,"href":"https:\/\/arantv.az\/index.php?rest_route=%2Fwp%2Fv2%2Ftags&post=27245"}],"curies":[{"name":"wp","href":"https:\/\/api.w.org\/{rel}","templated":true}]}}