{"id":27248,"date":"2018-12-12T09:15:08","date_gmt":"2018-12-12T06:15:08","guid":{"rendered":"http:\/\/arantv.az\/?p=27248"},"modified":"2018-12-12T09:15:08","modified_gmt":"2018-12-12T06:15:08","slug":"sonm%c9%99zdir-%c9%99b%c9%99didir-heyd%c9%99r-%c9%99liyev-adli-gec%c9%99-kecirilib-fotolar","status":"publish","type":"post","link":"https:\/\/arantv.az\/?p=27248","title":{"rendered":"\u201cS\u00f6nm\u0259zdir, \u0259b\u0259didir Heyd\u0259r \u018fliyev!\u201d adl\u0131 gec\u0259 ke\u00e7irilib &#8211; Fotolar"},"content":{"rendered":"<div id=\"xeber_yazi\">\n<p><strong>M\u00fcsl\u00fcm Maqomayev ad\u0131na Az\u0259rbaycan D\u00f6vl\u0259t Akademik Filarmoniyas\u0131nda \u00fcmummilli lider Heyd\u0259r \u018fliyevin xatir\u0259sin\u0259 h\u0259sr edilmi\u015f \u201cS\u00f6nm\u0259zdir, \u0259b\u0259didir Heyd\u0259r \u018fliyev!\u201d adl\u0131 an\u0131m gec\u0259si t\u0259\u015fkil olunub.<\/strong><\/p>\n<p><strong>ARANTV.AZ<\/strong> Az\u0259rTac-a istinad\u0259n\u00a0x\u0259b\u0259r verir ki, Xalq artisti Rauf Abdullayevin b\u0259dii r\u0259hb\u0259ri v\u0259 ba\u015f dirijoru oldu\u011fu \u00dczeyir Hac\u0131b\u0259yli ad\u0131na D\u00f6vl\u0259t Simfonik Orkestrinin ifas\u0131nda Qara Qarayevin \u201cMat\u0259m odas\u0131\u201d s\u0259sl\u0259nib. Orkestrin ifas\u0131 zaman\u0131 monitorda \u00dcmummilli Liderin h\u0259yat v\u0259 f\u0259aliyy\u0259tin\u0259 h\u0259sr olunmu\u015f videofraqmentl\u0259r n\u00fcmayi\u015f etdirilib.<\/p>\n<p>T\u0259dbird\u0259 qeyd olunub ki, 15 il \u0259vv\u0259l dekabr ay\u0131n\u0131n 12-d\u0259 m\u00fcasir Az\u0259rbaycan d\u00f6vl\u0259tinin memar\u0131 v\u0259 qurucusu, d\u00fcnya \u015f\u00f6hr\u0259tli siyasi xadim, xalq\u0131m\u0131z\u0131n \u00fcmummilli lideri Heyd\u0259r \u018fliyev \u0259b\u0259diyy\u0259t\u0259 qovu\u015fub. O, xalq\u0131m\u0131z\u0131n yadda\u015f\u0131na \u0259b\u0259di h\u0259kk olmu\u015f dahi \u015f\u0259xsiyy\u0259tdir. \u00c7ox ill\u0259r ke\u00e7\u0259c\u0259k, lakin az\u0259rbaycanl\u0131lar m\u00fcdrikliyi v\u0259 sars\u0131lmaz m\u0259tinliyi say\u0259sind\u0259 \u00f6lk\u0259mizin g\u0259l\u0259c\u0259yini t\u0259min etmi\u015f bu dahi insan\u0131 unutmayacaqlar. \u018fsas\u0131 ulu \u00f6nd\u0259r Heyd\u0259r \u018fliyev t\u0259r\u0259find\u0259n qoyulmu\u015f bu siyas\u0259ti haz\u0131rda Prezident \u0130lham \u018fliyev u\u011furla davam etdirir.<\/p>\n<p>Bildirilib ki, XX \u0259srin 90-c\u0131 ill\u0259rind\u0259 Az\u0259rbaycan\u0131n d\u0259f etdiyi \u00e7\u0259tin yol yaln\u0131z \u00fcmummilli lider Heyd\u0259r \u018fliyevin f\u0259aliyy\u0259ti say\u0259sind\u0259 tarixi h\u0259qiq\u0259t\u0259 \u00e7evrildiyi kimi, XXI \u0259srin \u0259vv\u0259ll\u0259rinin m\u00f6ht\u0259\u015f\u0259m u\u011furlar\u0131 da Ulu \u00d6nd\u0259rin layiqli davam\u00e7\u0131s\u0131 Prezident \u0130lham \u018fliyevin yeritdiyi siyas\u0259tin parlaq t\u0259zah\u00fcr\u00fcd\u00fcr.<\/p>\n<p>Sonra Qara Qarayevin \u201cLeyli v\u0259 M\u0259cnun\u201d simfonik poemas\u0131, Frans \u015eubertin \u201cSimfoniya \u21168\u201d \u0259s\u0259ri s\u0259sl\u0259ndirilib.<\/p>\n<p>Soltan Hac\u0131b\u0259yovun \u201cKarvan\u201d simfonik l\u00f6vh\u0259si il\u0259 davam ed\u0259n an\u0131m gec\u0259si Fikr\u0259t \u018fmirovun \u201cAz\u0259rbaycan kapri\u00e7\u00e7iosu\u201dnun ifas\u0131 il\u0259 ba\u015fa \u00e7at\u0131b.<\/p>\n<\/div>\n<div class=\"site-left-rub-bosluq_orta\"><\/div>\n<p><a href=\"http:\/\/axsam.az\/showpic_el100.jpg?yol=KGqz3zdxVnaBouAuukvqC625dwrstQde%2BW%2BuxJFU0k95V3EFMWHKn6q0%2Bvt3x0oZN6%2FZ5Hxdq06OyWeEPaiVhA%3D%3D\" target=\"_blank\" rel=\"noopener\"><img src=\"http:\/\/axsam.az\/showpic_el100.jpg?yol=KGqz3zdxVnaBouAuukvqC625dwrstQde%2BW%2BuxJFU0k95V3EFMWHKn6q0%2Bvt3x0oZN6%2FZ5Hxdq06OyWeEPaiVhA%3D%3D\" border=\"0\" \/><\/a><\/p>\n<div><\/div>\n<p><a href=\"http:\/\/axsam.az\/showpic_el100.jpg?yol=Sod%2FnI5c1b6LN3AKRWfvB37aBWcQ931EzF%2FCzx402Q9fIjY6qwKppT2050WQOyKEUOrKtuo3JP%2BlR8PPEjhJtA%3D%3D\" target=\"_blank\" rel=\"noopener\"><img src=\"http:\/\/axsam.az\/showpic_el100.jpg?yol=Sod%2FnI5c1b6LN3AKRWfvB37aBWcQ931EzF%2FCzx402Q9fIjY6qwKppT2050WQOyKEUOrKtuo3JP%2BlR8PPEjhJtA%3D%3D\" border=\"0\" \/><\/a><\/p>\n<div><\/div>\n<p><a href=\"http:\/\/axsam.az\/showpic_el100.jpg?yol=g91RHJoCDVY90tBNWuesZzSpKR%2FBJkSS0jJ7sDhJtM%2F0T1C%2F0C%2FGcP3kb0VwPWDYRrPr0meUZWxmqLjM9VpK%2BQ%3D%3D\" target=\"_blank\" rel=\"noopener\"><img src=\"http:\/\/axsam.az\/showpic_el100.jpg?yol=g91RHJoCDVY90tBNWuesZzSpKR%2FBJkSS0jJ7sDhJtM%2F0T1C%2F0C%2FGcP3kb0VwPWDYRrPr0meUZWxmqLjM9VpK%2BQ%3D%3D\" border=\"0\" \/><\/a><\/p>\n<div><\/div>\n<p><a href=\"http:\/\/axsam.az\/showpic_el100.jpg?yol=IF7VOtwdVgIB5LahRAeZO2S%2B8lyekW0hq9Cpog8AskjjOEGWhhaxCRzYkTtFmv47u52sbiIu%2B1rMZVm1bWHS8w%3D%3D\" target=\"_blank\" rel=\"noopener\"><img src=\"http:\/\/axsam.az\/showpic_el100.jpg?yol=IF7VOtwdVgIB5LahRAeZO2S%2B8lyekW0hq9Cpog8AskjjOEGWhhaxCRzYkTtFmv47u52sbiIu%2B1rMZVm1bWHS8w%3D%3D\" border=\"0\" \/><\/a><\/p>\n<div><\/div>\n<p><a href=\"http:\/\/axsam.az\/showpic_el100.jpg?yol=Leg1hXawUY6EY7%2BbEBRppTAhycJmU%2FeaLbGmMbCICo4JuNwiy6mbI%2FJBTGABrgaibDB9cji8vjgnKpwbVz%2FjVg%3D%3D\" target=\"_blank\" rel=\"noopener\"><img src=\"http:\/\/axsam.az\/showpic_el100.jpg?yol=Leg1hXawUY6EY7%2BbEBRppTAhycJmU%2FeaLbGmMbCICo4JuNwiy6mbI%2FJBTGABrgaibDB9cji8vjgnKpwbVz%2FjVg%3D%3D\" border=\"0\" \/><\/a><\/p>\n<div><\/div>\n<p><a href=\"http:\/\/axsam.az\/showpic_el100.jpg?yol=PtMu8wt9BD%2F0eCutE0kMaNsgODYDPg5956PaXdFEVlgKGk59hTTN8PjhVJ0GNCgb2idXzcj%2BJKBv8hCoum86yQ%3D%3D\" target=\"_blank\" rel=\"noopener\"><img src=\"http:\/\/axsam.az\/showpic_el100.jpg?yol=PtMu8wt9BD%2F0eCutE0kMaNsgODYDPg5956PaXdFEVlgKGk59hTTN8PjhVJ0GNCgb2idXzcj%2BJKBv8hCoum86yQ%3D%3D\" border=\"0\" \/><\/a><\/p>\n<div><\/div>\n<p><a href=\"http:\/\/axsam.az\/showpic_el100.jpg?yol=%2FOVJjHlerIpvjDFAvNEwfUQl5naPFyV5tJHke05QmYOUyBAruz%2B0YeWxzo%2FenVsoE%2Fa70csIc7vKEimWvjRJ%2Fg%3D%3D\" target=\"_blank\" rel=\"noopener\"><img src=\"http:\/\/axsam.az\/showpic_el100.jpg?yol=%2FOVJjHlerIpvjDFAvNEwfUQl5naPFyV5tJHke05QmYOUyBAruz%2B0YeWxzo%2FenVsoE%2Fa70csIc7vKEimWvjRJ%2Fg%3D%3D\" border=\"0\" \/><\/a><\/p>\n","protected":false},"excerpt":{"rendered":"<p>M\u00fcsl\u00fcm Maqomayev ad\u0131na Az\u0259rbaycan D\u00f6vl\u0259t Akademik Filarmoniyas\u0131nda \u00fcmummilli lider Heyd\u0259r \u018fliyevin xatir\u0259sin\u0259 h\u0259sr edilmi\u015f \u201cS\u00f6nm\u0259zdir, \u0259b\u0259didir Heyd\u0259r \u018fliyev!\u201d adl\u0131 an\u0131m gec\u0259si t\u0259\u015fkil olunub. ARANTV.AZ Az\u0259rTac-a istinad\u0259n\u00a0x\u0259b\u0259r verir ki, Xalq artisti Rauf Abdullayevin b\u0259dii r\u0259hb\u0259ri v\u0259 ba\u015f dirijoru oldu\u011fu \u00dczeyir Hac\u0131b\u0259yli ad\u0131na D\u00f6vl\u0259t Simfonik Orkestrinin ifas\u0131nda Qara Qarayevin \u201cMat\u0259m odas\u0131\u201d s\u0259sl\u0259nib. Orkestrin ifas\u0131 zaman\u0131 monitorda \u00dcmummilli Liderin h\u0259yat v\u0259 f\u0259aliyy\u0259tin\u0259 h\u0259sr olunmu\u015f videofraqmentl\u0259r n\u00fcmayi\u015f etdirilib. T\u0259dbird\u0259 qeyd olunub ki, 15 il \u0259vv\u0259l dekabr ay\u0131n\u0131n 12-d\u0259 m\u00fcasir Az\u0259rbaycan d\u00f6vl\u0259tinin memar\u0131 v\u0259 qurucusu, d\u00fcnya \u015f\u00f6hr\u0259tli siyasi xadim, xalq\u0131m\u0131z\u0131n \u00fcmummilli lideri Heyd\u0259r \u018fliyev \u0259b\u0259diyy\u0259t\u0259&hellip;<\/p>\n","protected":false},"author":2,"featured_media":27249,"comment_status":"closed","ping_status":"closed","sticky":false,"template":"","format":"standard","meta":{"om_disable_all_campaigns":false,"_monsterinsights_skip_tracking":false,"_monsterinsights_sitenote_active":false,"_monsterinsights_sitenote_note":"","_monsterinsights_sitenote_category":0},"categories":[1],"tags":[],"aioseo_notices":[],"gutentor_comment":0,"rttpg_featured_image_url":{"full":["https:\/\/arantv.az\/wp-content\/uploads\/2018\/12\/167428_emppn1kshi.jpg",900,585,false],"landscape":["https:\/\/arantv.az\/wp-content\/uploads\/2018\/12\/167428_emppn1kshi.jpg",900,585,false],"portraits":["https:\/\/arantv.az\/wp-content\/uploads\/2018\/12\/167428_emppn1kshi.jpg",900,585,false],"thumbnail":["https:\/\/arantv.az\/wp-content\/uploads\/2018\/12\/167428_emppn1kshi-150x150.jpg",150,150,true],"medium":["https:\/\/arantv.az\/wp-content\/uploads\/2018\/12\/167428_emppn1kshi-300x195.jpg",300,195,true],"large":["https:\/\/arantv.az\/wp-content\/uploads\/2018\/12\/167428_emppn1kshi.jpg",640,416,false],"1536x1536":["https:\/\/arantv.az\/wp-content\/uploads\/2018\/12\/167428_emppn1kshi.jpg",900,585,false],"2048x2048":["https:\/\/arantv.az\/wp-content\/uploads\/2018\/12\/167428_emppn1kshi.jpg",900,585,false],"post-thumbnail":["https:\/\/arantv.az\/wp-content\/uploads\/2018\/12\/167428_emppn1kshi-240x172.jpg",240,172,true],"advps-thumb-one":["https:\/\/arantv.az\/wp-content\/uploads\/2018\/12\/167428_emppn1kshi.jpg",900,585,false]},"rttpg_author":{"display_name":"V\u00fcsal Rafiqo\u011flu","author_link":"https:\/\/arantv.az\/?author=2"},"rttpg_comment":0,"rttpg_category":"<a href=\"https:\/\/arantv.az\/?cat=1\" rel=\"category\">C\u0259miyy\u0259t<\/a>","rttpg_excerpt":"M\u00fcsl\u00fcm Maqomayev ad\u0131na Az\u0259rbaycan D\u00f6vl\u0259t Akademik Filarmoniyas\u0131nda \u00fcmummilli lider Heyd\u0259r \u018fliyevin xatir\u0259sin\u0259 h\u0259sr edilmi\u015f \u201cS\u00f6nm\u0259zdir, \u0259b\u0259didir Heyd\u0259r \u018fliyev!\u201d adl\u0131 an\u0131m gec\u0259si t\u0259\u015fkil olunub. ARANTV.AZ Az\u0259rTac-a istinad\u0259n\u00a0x\u0259b\u0259r verir ki, Xalq artisti Rauf Abdullayevin b\u0259dii r\u0259hb\u0259ri v\u0259 ba\u015f dirijoru oldu\u011fu \u00dczeyir Hac\u0131b\u0259yli ad\u0131na D\u00f6vl\u0259t Simfonik Orkestrinin ifas\u0131nda Qara Qarayevin \u201cMat\u0259m odas\u0131\u201d s\u0259sl\u0259nib. Orkestrin ifas\u0131 zaman\u0131 monitorda \u00dcmummilli&hellip;","_links":{"self":[{"href":"https:\/\/arantv.az\/index.php?rest_route=\/wp\/v2\/posts\/27248"}],"collection":[{"href":"https:\/\/arantv.az\/index.php?rest_route=\/wp\/v2\/posts"}],"about":[{"href":"https:\/\/arantv.az\/index.php?rest_route=\/wp\/v2\/types\/post"}],"author":[{"embeddable":true,"href":"https:\/\/arantv.az\/index.php?rest_route=\/wp\/v2\/users\/2"}],"replies":[{"embeddable":true,"href":"https:\/\/arantv.az\/index.php?rest_route=%2Fwp%2Fv2%2Fcomments&post=27248"}],"version-history":[{"count":0,"href":"https:\/\/arantv.az\/index.php?rest_route=\/wp\/v2\/posts\/27248\/revisions"}],"wp:featuredmedia":[{"embeddable":true,"href":"https:\/\/arantv.az\/index.php?rest_route=\/wp\/v2\/media\/27249"}],"wp:attachment":[{"href":"https:\/\/arantv.az\/index.php?rest_route=%2Fwp%2Fv2%2Fmedia&parent=27248"}],"wp:term":[{"taxonomy":"category","embeddable":true,"href":"https:\/\/arantv.az\/index.php?rest_route=%2Fwp%2Fv2%2Fcategories&post=27248"},{"taxonomy":"post_tag","embeddable":true,"href":"https:\/\/arantv.az\/index.php?rest_route=%2Fwp%2Fv2%2Ftags&post=27248"}],"curies":[{"name":"wp","href":"https:\/\/api.w.org\/{rel}","templated":true}]}}