{"id":27269,"date":"2018-12-12T10:36:27","date_gmt":"2018-12-12T07:36:27","guid":{"rendered":"http:\/\/arantv.az\/?p=27269"},"modified":"2018-12-12T10:36:27","modified_gmt":"2018-12-12T07:36:27","slug":"heyd%c9%99r-%c9%99liyev%c9%99-h%c9%99sr-olunan-mahnilar","status":"publish","type":"post","link":"https:\/\/arantv.az\/?p=27269","title":{"rendered":"Heyd\u0259r \u018fliyev\u0259 h\u0259sr olunan mahn\u0131lar"},"content":{"rendered":"<p><strong>Ulu \u00f6nd\u0259r Heyd\u0259r \u018fliyevin d\u00fcnyas\u0131n\u0131 d\u0259yi\u015fm\u0259sind\u0259n 15 il \u00f6t\u00fcr.\u00a0<\/strong><\/p>\n<div id=\"xeber_yazi\"><strong>ARANTV.AZ<\/strong> \u00fcmummilli lider\u0259 h\u0259sr olunan mahn\u0131lar\u0131 t\u0259qdim edir.<\/p>\n<p><strong>A\u011fadada\u015f A\u011fayev \u201c Heyd\u0259r xalq\u0131m dey\u0259c\u0259k\u201d<\/p>\n<p><iframe loading=\"lazy\" src=\"https:\/\/www.youtube.com\/embed\/nNIHBdkUgCo\" width=\"760\" height=\"450\" data-mce-fragment=\"1\"><\/iframe><\/p>\n<p>Bilal \u018fliyev \u201cHeyd\u0259r ata&#8221;<\/p>\n<p><iframe loading=\"lazy\" src=\"https:\/\/www.youtube.com\/embed\/Rf8bmg8raH4\" width=\"760\" height=\"450\" data-mce-fragment=\"1\"><\/iframe><\/p>\n<p>Faiq A\u011fayev \u201cDahi\u201d<\/p>\n<p><iframe loading=\"lazy\" src=\"https:\/\/www.youtube.com\/embed\/qxsle-Ep19Y\" width=\"760\" height=\"450\" data-mce-fragment=\"1\"><\/iframe><\/p>\n<p>Ayg\u00fcn Kaz\u0131mova v\u0259 \u0130lqar Muradov \u201cXatir\u0259\u201d<\/p>\n<p><iframe loading=\"lazy\" src=\"https:\/\/www.youtube.com\/embed\/42kjEhaBV_8\" width=\"760\" height=\"450\" data-mce-fragment=\"1\"><\/iframe><br \/>\n<\/strong><br \/>\n<strong>Almaz \u018fl\u0259sg\u0259rli &#8220;Ulu \u00f6nd\u0259r&#8221;<\/p>\n<p><iframe loading=\"lazy\" src=\"https:\/\/www.youtube.com\/embed\/r9cg-UjrmbI\" width=\"760\" height=\"450\" data-mce-fragment=\"1\"><\/iframe><\/p>\n<p>G\u00fclyaz v\u0259 G\u00fclyanaq M\u0259mm\u0259dova &#8220;Ulu \u00f6nd\u0259r&#8221;<\/strong><\/p>\n<p><iframe loading=\"lazy\" src=\"https:\/\/www.youtube.com\/embed\/vdI7zYtuIWg\" width=\"760\" height=\"450\" data-mce-fragment=\"1\"><\/iframe><\/p>\n<p><strong>Roza Z\u0259rg\u0259rli &#8220;Ulu \u00f6nd\u0259r&#8221;<\/p>\n<p><iframe loading=\"lazy\" src=\"https:\/\/www.youtube.com\/embed\/hS5mw8wbRt4\" width=\"760\" height=\"450\" data-mce-fragment=\"1\"><\/iframe><\/strong><\/p>\n<p>Heyd\u0259r \u018fliyev Fondunun vitse-prezidenti Leyla \u018fliyeva Heyd\u0259r \u018fliyev\u0259 &#8220;Elegiya&#8221; adl\u0131 mahn\u0131 h\u0259sr edib. Mahn\u0131n\u0131n musiqisi Kamala aiddir. H\u0259min b\u0259st\u0259ni bir \u00e7ox tan\u0131nm\u0131\u015f s\u0259sl\u0259ndirib.<\/p>\n<p><iframe loading=\"lazy\" src=\"https:\/\/www.youtube.com\/embed\/QWktYLlmtc0\" width=\"760\" height=\"450\" data-mce-fragment=\"1\"><\/iframe><\/p>\n<p><strong>Z\u00fclfiyy\u0259 Xanbabayeva &#8220;Elegiya&#8221;<\/p>\n<p><\/strong><iframe loading=\"lazy\" src=\"https:\/\/www.youtube.com\/embed\/r_jalge1I3E\" width=\"760\" height=\"450\" data-mce-fragment=\"1\"><\/iframe><\/div>\n<div class=\"postDetails row-margin-top10\">\n<div class=\"col-md-3\">\n<div class=\"col-md-4\">ax\u015fam.az<\/div>\n<\/div>\n<\/div>\n","protected":false},"excerpt":{"rendered":"<p>Ulu \u00f6nd\u0259r Heyd\u0259r \u018fliyevin d\u00fcnyas\u0131n\u0131 d\u0259yi\u015fm\u0259sind\u0259n 15 il \u00f6t\u00fcr.\u00a0 ARANTV.AZ \u00fcmummilli lider\u0259 h\u0259sr olunan mahn\u0131lar\u0131 t\u0259qdim edir. A\u011fadada\u015f A\u011fayev \u201c Heyd\u0259r xalq\u0131m dey\u0259c\u0259k\u201d Bilal \u018fliyev \u201cHeyd\u0259r ata&#8221; Faiq A\u011fayev \u201cDahi\u201d Ayg\u00fcn Kaz\u0131mova v\u0259 \u0130lqar Muradov \u201cXatir\u0259\u201d Almaz \u018fl\u0259sg\u0259rli &#8220;Ulu \u00f6nd\u0259r&#8221; G\u00fclyaz v\u0259 G\u00fclyanaq M\u0259mm\u0259dova &#8220;Ulu \u00f6nd\u0259r&#8221; Roza Z\u0259rg\u0259rli &#8220;Ulu \u00f6nd\u0259r&#8221; Heyd\u0259r \u018fliyev Fondunun vitse-prezidenti Leyla \u018fliyeva Heyd\u0259r \u018fliyev\u0259 &#8220;Elegiya&#8221; adl\u0131 mahn\u0131 h\u0259sr edib. Mahn\u0131n\u0131n musiqisi Kamala aiddir. H\u0259min b\u0259st\u0259ni bir \u00e7ox tan\u0131nm\u0131\u015f s\u0259sl\u0259ndirib. Z\u00fclfiyy\u0259 Xanbabayeva &#8220;Elegiya&#8221; ax\u015fam.az<\/p>\n","protected":false},"author":2,"featured_media":27270,"comment_status":"closed","ping_status":"closed","sticky":false,"template":"","format":"standard","meta":{"om_disable_all_campaigns":false,"_monsterinsights_skip_tracking":false,"_monsterinsights_sitenote_active":false,"_monsterinsights_sitenote_note":"","_monsterinsights_sitenote_category":0},"categories":[20],"tags":[],"aioseo_notices":[],"gutentor_comment":0,"rttpg_featured_image_url":{"full":["https:\/\/arantv.az\/wp-content\/uploads\/2018\/12\/167434_uo6ve6la25.jpg",900,614,false],"landscape":["https:\/\/arantv.az\/wp-content\/uploads\/2018\/12\/167434_uo6ve6la25.jpg",900,614,false],"portraits":["https:\/\/arantv.az\/wp-content\/uploads\/2018\/12\/167434_uo6ve6la25.jpg",900,614,false],"thumbnail":["https:\/\/arantv.az\/wp-content\/uploads\/2018\/12\/167434_uo6ve6la25-150x150.jpg",150,150,true],"medium":["https:\/\/arantv.az\/wp-content\/uploads\/2018\/12\/167434_uo6ve6la25-300x205.jpg",300,205,true],"large":["https:\/\/arantv.az\/wp-content\/uploads\/2018\/12\/167434_uo6ve6la25.jpg",640,437,false],"1536x1536":["https:\/\/arantv.az\/wp-content\/uploads\/2018\/12\/167434_uo6ve6la25.jpg",900,614,false],"2048x2048":["https:\/\/arantv.az\/wp-content\/uploads\/2018\/12\/167434_uo6ve6la25.jpg",900,614,false],"post-thumbnail":["https:\/\/arantv.az\/wp-content\/uploads\/2018\/12\/167434_uo6ve6la25-240x172.jpg",240,172,true],"advps-thumb-one":["https:\/\/arantv.az\/wp-content\/uploads\/2018\/12\/167434_uo6ve6la25.jpg",900,614,false]},"rttpg_author":{"display_name":"V\u00fcsal Rafiqo\u011flu","author_link":"https:\/\/arantv.az\/?author=2"},"rttpg_comment":0,"rttpg_category":"<a href=\"https:\/\/arantv.az\/?cat=20\" rel=\"category\">\u015eou biznes<\/a>","rttpg_excerpt":"Ulu \u00f6nd\u0259r Heyd\u0259r \u018fliyevin d\u00fcnyas\u0131n\u0131 d\u0259yi\u015fm\u0259sind\u0259n 15 il \u00f6t\u00fcr.\u00a0 ARANTV.AZ \u00fcmummilli lider\u0259 h\u0259sr olunan mahn\u0131lar\u0131 t\u0259qdim edir. A\u011fadada\u015f A\u011fayev \u201c Heyd\u0259r xalq\u0131m dey\u0259c\u0259k\u201d Bilal \u018fliyev \u201cHeyd\u0259r ata&#8221; Faiq A\u011fayev \u201cDahi\u201d Ayg\u00fcn Kaz\u0131mova v\u0259 \u0130lqar Muradov \u201cXatir\u0259\u201d Almaz \u018fl\u0259sg\u0259rli &#8220;Ulu \u00f6nd\u0259r&#8221; G\u00fclyaz v\u0259 G\u00fclyanaq M\u0259mm\u0259dova &#8220;Ulu \u00f6nd\u0259r&#8221; Roza Z\u0259rg\u0259rli &#8220;Ulu \u00f6nd\u0259r&#8221; Heyd\u0259r \u018fliyev Fondunun vitse-prezidenti Leyla&hellip;","_links":{"self":[{"href":"https:\/\/arantv.az\/index.php?rest_route=\/wp\/v2\/posts\/27269"}],"collection":[{"href":"https:\/\/arantv.az\/index.php?rest_route=\/wp\/v2\/posts"}],"about":[{"href":"https:\/\/arantv.az\/index.php?rest_route=\/wp\/v2\/types\/post"}],"author":[{"embeddable":true,"href":"https:\/\/arantv.az\/index.php?rest_route=\/wp\/v2\/users\/2"}],"replies":[{"embeddable":true,"href":"https:\/\/arantv.az\/index.php?rest_route=%2Fwp%2Fv2%2Fcomments&post=27269"}],"version-history":[{"count":0,"href":"https:\/\/arantv.az\/index.php?rest_route=\/wp\/v2\/posts\/27269\/revisions"}],"wp:featuredmedia":[{"embeddable":true,"href":"https:\/\/arantv.az\/index.php?rest_route=\/wp\/v2\/media\/27270"}],"wp:attachment":[{"href":"https:\/\/arantv.az\/index.php?rest_route=%2Fwp%2Fv2%2Fmedia&parent=27269"}],"wp:term":[{"taxonomy":"category","embeddable":true,"href":"https:\/\/arantv.az\/index.php?rest_route=%2Fwp%2Fv2%2Fcategories&post=27269"},{"taxonomy":"post_tag","embeddable":true,"href":"https:\/\/arantv.az\/index.php?rest_route=%2Fwp%2Fv2%2Ftags&post=27269"}],"curies":[{"name":"wp","href":"https:\/\/api.w.org\/{rel}","templated":true}]}}