{"id":27276,"date":"2018-12-12T13:14:14","date_gmt":"2018-12-12T10:14:14","guid":{"rendered":"http:\/\/arantv.az\/?p=27276"},"modified":"2018-12-12T13:14:14","modified_gmt":"2018-12-12T10:14:14","slug":"ilham-%c9%99liyev-v%c9%99-ail%c9%99-uzvl%c9%99ri-f%c9%99xri-xiyabanda-video","status":"publish","type":"post","link":"https:\/\/arantv.az\/?p=27276","title":{"rendered":"\u0130lham \u018fliyev v\u0259 ail\u0259 \u00fczvl\u0259ri F\u0259xri xiyabanda &#8211; Video"},"content":{"rendered":"<div id=\"xeber_yazi\">\n<p><strong>Prezident \u0130lham \u018fliyev v\u0259 ail\u0259 \u00fczvl\u0259ri F\u0259xri xiyabana g\u0259l\u0259r\u0259k xalq\u0131m\u0131z\u0131n \u00fcmummilli lideri Heyd\u0259r \u018fliyevin m\u0259zar\u0131n\u0131 ziyar\u0259t edibl\u0259r.<br \/>\n<\/strong><\/p>\n<div class=\"AdributorNativeVideo\"><\/div>\n<p><strong>ARANTV.AZ<\/strong>-\u0131n m\u0259lumat\u0131na g\u00f6r\u0259, Milli M\u0259clisin deputatlar\u0131, nazirl\u0259r, komit\u0259l\u0259rin, \u015firk\u0259tl\u0259rin v\u0259 idar\u0259l\u0259rin r\u0259hb\u0259rl\u0259ri, respublika ictimaiyy\u0259tinin n\u00fcmay\u0259nd\u0259l\u0259ri d\u0259 F\u0259xri xiyabana g\u0259libl\u0259r.Prezident \u0130lham \u018fliyev Ulu \u00d6nd\u0259rin m\u0259zar\u0131 \u00f6n\u00fcn\u0259 \u0259klil qoyub. Az\u0259rbaycan\u0131n d\u00f6vl\u0259t himni s\u0259sl\u0259ndirilib.<\/p>\n<p>D\u00f6vl\u0259t ba\u015f\u00e7\u0131s\u0131\u00a0v\u0259 ail\u0259 \u00fczvl\u0259ri Ulu \u00d6nd\u0259rin \u00f6m\u00fcr-g\u00fcn yolda\u015f\u0131, g\u00f6rk\u0259mli oftalmoloq-alim, akademik Z\u0259rif\u0259\u00a0\u018fliyevan\u0131n da m\u0259zar\u0131 \u00fcz\u0259rin\u0259 g\u00fcl d\u0259st\u0259l\u0259ri qoyublar.<\/p>\n<p>Tan\u0131nm\u0131\u015f d\u00f6vl\u0259t xadimi \u018fziz \u018fliyevin v\u0259 professor Tamerlan \u018fliyevin d\u0259 xatir\u0259l\u0259ri yad edilib, m\u0259zarlar\u0131 \u00fcst\u00fcn\u0259 g\u00fcl d\u0259st\u0259l\u0259ri d\u00fcz\u00fcl\u00fcb.<\/p>\n<p>\u00dcmummilli lider Heyd\u0259r \u018fliyevin m\u0259zar\u0131n\u0131n ziyar\u0259t edilm\u0259si m\u0259rasimind\u0259 Ba\u015f nazir Novruz M\u0259mm\u0259dov, Milli M\u0259clisin s\u0259dri Oqtay \u018fs\u0259dov, Prezident Administrasiyas\u0131n\u0131n r\u0259hb\u0259ri Ramiz Mehdiyev v\u0259 dig\u0259r r\u0259smi \u015f\u0259xsl\u0259r i\u015ftirak edibl\u0259r.<\/p>\n<p><iframe loading=\"lazy\" src=\"http:\/\/ok.ru\/videoembed\/1102265518804\" width=\"760\" height=\"450\" data-mce-fragment=\"1\"><\/iframe><\/p>\n<\/div>\n<div class=\"postDetails row-margin-top10\">\n<div class=\"col-md-3\">\n<div class=\"col-md-4\">ax\u015fam.az<\/div>\n<\/div>\n<\/div>\n","protected":false},"excerpt":{"rendered":"<p>Prezident \u0130lham \u018fliyev v\u0259 ail\u0259 \u00fczvl\u0259ri F\u0259xri xiyabana g\u0259l\u0259r\u0259k xalq\u0131m\u0131z\u0131n \u00fcmummilli lideri Heyd\u0259r \u018fliyevin m\u0259zar\u0131n\u0131 ziyar\u0259t edibl\u0259r. ARANTV.AZ-\u0131n m\u0259lumat\u0131na g\u00f6r\u0259, Milli M\u0259clisin deputatlar\u0131, nazirl\u0259r, komit\u0259l\u0259rin, \u015firk\u0259tl\u0259rin v\u0259 idar\u0259l\u0259rin r\u0259hb\u0259rl\u0259ri, respublika ictimaiyy\u0259tinin n\u00fcmay\u0259nd\u0259l\u0259ri d\u0259 F\u0259xri xiyabana g\u0259libl\u0259r.Prezident \u0130lham \u018fliyev Ulu \u00d6nd\u0259rin m\u0259zar\u0131 \u00f6n\u00fcn\u0259 \u0259klil qoyub. Az\u0259rbaycan\u0131n d\u00f6vl\u0259t himni s\u0259sl\u0259ndirilib. D\u00f6vl\u0259t ba\u015f\u00e7\u0131s\u0131\u00a0v\u0259 ail\u0259 \u00fczvl\u0259ri Ulu \u00d6nd\u0259rin \u00f6m\u00fcr-g\u00fcn yolda\u015f\u0131, g\u00f6rk\u0259mli oftalmoloq-alim, akademik Z\u0259rif\u0259\u00a0\u018fliyevan\u0131n da m\u0259zar\u0131 \u00fcz\u0259rin\u0259 g\u00fcl d\u0259st\u0259l\u0259ri qoyublar. Tan\u0131nm\u0131\u015f d\u00f6vl\u0259t xadimi \u018fziz \u018fliyevin v\u0259 professor Tamerlan \u018fliyevin d\u0259 xatir\u0259l\u0259ri yad edilib, m\u0259zarlar\u0131 \u00fcst\u00fcn\u0259 g\u00fcl d\u0259st\u0259l\u0259ri d\u00fcz\u00fcl\u00fcb. \u00dcmummilli lider Heyd\u0259r \u018fliyevin m\u0259zar\u0131n\u0131n ziyar\u0259t&hellip;<\/p>\n","protected":false},"author":2,"featured_media":27277,"comment_status":"closed","ping_status":"closed","sticky":false,"template":"","format":"standard","meta":{"om_disable_all_campaigns":false,"_monsterinsights_skip_tracking":false,"_monsterinsights_sitenote_active":false,"_monsterinsights_sitenote_note":"","_monsterinsights_sitenote_category":0},"categories":[8],"tags":[],"aioseo_notices":[],"gutentor_comment":0,"rttpg_featured_image_url":{"full":["https:\/\/arantv.az\/wp-content\/uploads\/2018\/12\/167441_lywcoeofe7.jpg",776,465,false],"landscape":["https:\/\/arantv.az\/wp-content\/uploads\/2018\/12\/167441_lywcoeofe7.jpg",776,465,false],"portraits":["https:\/\/arantv.az\/wp-content\/uploads\/2018\/12\/167441_lywcoeofe7.jpg",776,465,false],"thumbnail":["https:\/\/arantv.az\/wp-content\/uploads\/2018\/12\/167441_lywcoeofe7-150x150.jpg",150,150,true],"medium":["https:\/\/arantv.az\/wp-content\/uploads\/2018\/12\/167441_lywcoeofe7-300x180.jpg",300,180,true],"large":["https:\/\/arantv.az\/wp-content\/uploads\/2018\/12\/167441_lywcoeofe7.jpg",640,384,false],"1536x1536":["https:\/\/arantv.az\/wp-content\/uploads\/2018\/12\/167441_lywcoeofe7.jpg",776,465,false],"2048x2048":["https:\/\/arantv.az\/wp-content\/uploads\/2018\/12\/167441_lywcoeofe7.jpg",776,465,false],"post-thumbnail":["https:\/\/arantv.az\/wp-content\/uploads\/2018\/12\/167441_lywcoeofe7-240x172.jpg",240,172,true],"advps-thumb-one":["https:\/\/arantv.az\/wp-content\/uploads\/2018\/12\/167441_lywcoeofe7.jpg",776,465,false]},"rttpg_author":{"display_name":"V\u00fcsal Rafiqo\u011flu","author_link":"https:\/\/arantv.az\/?author=2"},"rttpg_comment":0,"rttpg_category":"<a href=\"https:\/\/arantv.az\/?cat=8\" rel=\"category\">\u018fsas s\u0259hif\u0259<\/a>","rttpg_excerpt":"Prezident \u0130lham \u018fliyev v\u0259 ail\u0259 \u00fczvl\u0259ri F\u0259xri xiyabana g\u0259l\u0259r\u0259k xalq\u0131m\u0131z\u0131n \u00fcmummilli lideri Heyd\u0259r \u018fliyevin m\u0259zar\u0131n\u0131 ziyar\u0259t edibl\u0259r. ARANTV.AZ-\u0131n m\u0259lumat\u0131na g\u00f6r\u0259, Milli M\u0259clisin deputatlar\u0131, nazirl\u0259r, komit\u0259l\u0259rin, \u015firk\u0259tl\u0259rin v\u0259 idar\u0259l\u0259rin r\u0259hb\u0259rl\u0259ri, respublika ictimaiyy\u0259tinin n\u00fcmay\u0259nd\u0259l\u0259ri d\u0259 F\u0259xri xiyabana g\u0259libl\u0259r.Prezident \u0130lham \u018fliyev Ulu \u00d6nd\u0259rin m\u0259zar\u0131 \u00f6n\u00fcn\u0259 \u0259klil qoyub. Az\u0259rbaycan\u0131n d\u00f6vl\u0259t himni s\u0259sl\u0259ndirilib. D\u00f6vl\u0259t ba\u015f\u00e7\u0131s\u0131\u00a0v\u0259 ail\u0259 \u00fczvl\u0259ri Ulu \u00d6nd\u0259rin \u00f6m\u00fcr-g\u00fcn&hellip;","_links":{"self":[{"href":"https:\/\/arantv.az\/index.php?rest_route=\/wp\/v2\/posts\/27276"}],"collection":[{"href":"https:\/\/arantv.az\/index.php?rest_route=\/wp\/v2\/posts"}],"about":[{"href":"https:\/\/arantv.az\/index.php?rest_route=\/wp\/v2\/types\/post"}],"author":[{"embeddable":true,"href":"https:\/\/arantv.az\/index.php?rest_route=\/wp\/v2\/users\/2"}],"replies":[{"embeddable":true,"href":"https:\/\/arantv.az\/index.php?rest_route=%2Fwp%2Fv2%2Fcomments&post=27276"}],"version-history":[{"count":0,"href":"https:\/\/arantv.az\/index.php?rest_route=\/wp\/v2\/posts\/27276\/revisions"}],"wp:featuredmedia":[{"embeddable":true,"href":"https:\/\/arantv.az\/index.php?rest_route=\/wp\/v2\/media\/27277"}],"wp:attachment":[{"href":"https:\/\/arantv.az\/index.php?rest_route=%2Fwp%2Fv2%2Fmedia&parent=27276"}],"wp:term":[{"taxonomy":"category","embeddable":true,"href":"https:\/\/arantv.az\/index.php?rest_route=%2Fwp%2Fv2%2Fcategories&post=27276"},{"taxonomy":"post_tag","embeddable":true,"href":"https:\/\/arantv.az\/index.php?rest_route=%2Fwp%2Fv2%2Ftags&post=27276"}],"curies":[{"name":"wp","href":"https:\/\/api.w.org\/{rel}","templated":true}]}}