{"id":27314,"date":"2018-12-13T08:14:22","date_gmt":"2018-12-13T05:14:22","guid":{"rendered":"http:\/\/arantv.az\/?p=27314"},"modified":"2018-12-13T08:14:22","modified_gmt":"2018-12-13T05:14:22","slug":"lavrov-bakiya-g%c9%99lir","status":"publish","type":"post","link":"https:\/\/arantv.az\/?p=27314","title":{"rendered":"Lavrov Bak\u0131ya g\u0259lir"},"content":{"rendered":"<p>Rusiya xarici i\u015fl\u0259r naziri<strong>\u00a0Sergey Lavrov<\/strong>\u00a0bu g\u00fcn Az\u0259rbaycana s\u0259f\u0259r ed\u0259c\u0259k.<\/p>\n<p><strong>ARANTV.AZ\u00a0<\/strong>\u00a0x\u0259b\u0259r verir ki, o, dekabr\u0131n 14-d\u0259 Bak\u0131da ke\u00e7iril\u0259c\u0259k Qara d\u0259niz \u0130qtisadi \u018fm\u0259kda\u015fl\u0131q T\u0259\u015fkilat\u0131na (Q\u0130\u018fT) \u00fczv \u00f6lk\u0259l\u0259rin xarici i\u015fl\u0259r nazirl\u0259rinin 39-cu toplant\u0131s\u0131nda i\u015ftirak ed\u0259c\u0259k.<\/p>\n<p>Qeyd ed\u0259k ki, Q\u0130\u018fT s\u0259drliyi nazirl\u0259rin 38-ci iclas\u0131 \u00e7\u0259r\u00e7iv\u0259sind\u0259 rotasiyaya uy\u011fun olaraq Az\u0259rbaycana ke\u00e7ib.<\/p>\n<div id=\"AdributorNativeVideo0\" class=\"AdributorNativeVideo\"><\/div>\n<p>T\u0259dbir zaman\u0131 Az\u0259rbaycan\u0131n Q\u0130\u018fT-d\u0259ki yar\u0131millik s\u0259drliyinin yekunlar\u0131, el\u0259c\u0259 d\u0259, iqtisadi \u0259m\u0259kda\u015fl\u0131q sah\u0259si il\u0259 ba\u011fl\u0131 regional g\u00fcnd\u0259liy\u0259 daxil olan bir \u00e7ox m\u0259s\u0259l\u0259l\u0259r m\u00fczakir\u0259 edil\u0259c\u0259k.<\/p>\n<p>oxu.az<\/p>\n","protected":false},"excerpt":{"rendered":"<p>Rusiya xarici i\u015fl\u0259r naziri\u00a0Sergey Lavrov\u00a0bu g\u00fcn Az\u0259rbaycana s\u0259f\u0259r ed\u0259c\u0259k. ARANTV.AZ\u00a0\u00a0x\u0259b\u0259r verir ki, o, dekabr\u0131n 14-d\u0259 Bak\u0131da ke\u00e7iril\u0259c\u0259k Qara d\u0259niz \u0130qtisadi \u018fm\u0259kda\u015fl\u0131q T\u0259\u015fkilat\u0131na (Q\u0130\u018fT) \u00fczv \u00f6lk\u0259l\u0259rin xarici i\u015fl\u0259r nazirl\u0259rinin 39-cu toplant\u0131s\u0131nda i\u015ftirak ed\u0259c\u0259k. Qeyd ed\u0259k ki, Q\u0130\u018fT s\u0259drliyi nazirl\u0259rin 38-ci iclas\u0131 \u00e7\u0259r\u00e7iv\u0259sind\u0259 rotasiyaya uy\u011fun olaraq Az\u0259rbaycana ke\u00e7ib. T\u0259dbir zaman\u0131 Az\u0259rbaycan\u0131n Q\u0130\u018fT-d\u0259ki yar\u0131millik s\u0259drliyinin yekunlar\u0131, el\u0259c\u0259 d\u0259, iqtisadi \u0259m\u0259kda\u015fl\u0131q sah\u0259si il\u0259 ba\u011fl\u0131 regional g\u00fcnd\u0259liy\u0259 daxil olan bir \u00e7ox m\u0259s\u0259l\u0259l\u0259r m\u00fczakir\u0259 edil\u0259c\u0259k. oxu.az<\/p>\n","protected":false},"author":2,"featured_media":27315,"comment_status":"closed","ping_status":"closed","sticky":false,"template":"","format":"standard","meta":{"om_disable_all_campaigns":false,"_monsterinsights_skip_tracking":false,"_monsterinsights_sitenote_active":false,"_monsterinsights_sitenote_note":"","_monsterinsights_sitenote_category":0},"categories":[4],"tags":[],"aioseo_notices":[],"gutentor_comment":0,"rttpg_featured_image_url":{"full":["https:\/\/arantv.az\/wp-content\/uploads\/2018\/12\/lav.jpg",600,450,false],"landscape":["https:\/\/arantv.az\/wp-content\/uploads\/2018\/12\/lav.jpg",600,450,false],"portraits":["https:\/\/arantv.az\/wp-content\/uploads\/2018\/12\/lav.jpg",600,450,false],"thumbnail":["https:\/\/arantv.az\/wp-content\/uploads\/2018\/12\/lav-150x150.jpg",150,150,true],"medium":["https:\/\/arantv.az\/wp-content\/uploads\/2018\/12\/lav-300x225.jpg",300,225,true],"large":["https:\/\/arantv.az\/wp-content\/uploads\/2018\/12\/lav.jpg",600,450,false],"1536x1536":["https:\/\/arantv.az\/wp-content\/uploads\/2018\/12\/lav.jpg",600,450,false],"2048x2048":["https:\/\/arantv.az\/wp-content\/uploads\/2018\/12\/lav.jpg",600,450,false],"post-thumbnail":["https:\/\/arantv.az\/wp-content\/uploads\/2018\/12\/lav-240x172.jpg",240,172,true],"advps-thumb-one":["https:\/\/arantv.az\/wp-content\/uploads\/2018\/12\/lav.jpg",600,450,false]},"rttpg_author":{"display_name":"V\u00fcsal Rafiqo\u011flu","author_link":"https:\/\/arantv.az\/?author=2"},"rttpg_comment":0,"rttpg_category":"<a href=\"https:\/\/arantv.az\/?cat=4\" rel=\"category\">Siyas\u0259t<\/a>","rttpg_excerpt":"Rusiya xarici i\u015fl\u0259r naziri\u00a0Sergey Lavrov\u00a0bu g\u00fcn Az\u0259rbaycana s\u0259f\u0259r ed\u0259c\u0259k. ARANTV.AZ\u00a0\u00a0x\u0259b\u0259r verir ki, o, dekabr\u0131n 14-d\u0259 Bak\u0131da ke\u00e7iril\u0259c\u0259k Qara d\u0259niz \u0130qtisadi \u018fm\u0259kda\u015fl\u0131q T\u0259\u015fkilat\u0131na (Q\u0130\u018fT) \u00fczv \u00f6lk\u0259l\u0259rin xarici i\u015fl\u0259r nazirl\u0259rinin 39-cu toplant\u0131s\u0131nda i\u015ftirak ed\u0259c\u0259k. Qeyd ed\u0259k ki, Q\u0130\u018fT s\u0259drliyi nazirl\u0259rin 38-ci iclas\u0131 \u00e7\u0259r\u00e7iv\u0259sind\u0259 rotasiyaya uy\u011fun olaraq Az\u0259rbaycana ke\u00e7ib. T\u0259dbir zaman\u0131 Az\u0259rbaycan\u0131n Q\u0130\u018fT-d\u0259ki yar\u0131millik s\u0259drliyinin yekunlar\u0131, el\u0259c\u0259 d\u0259,&hellip;","_links":{"self":[{"href":"https:\/\/arantv.az\/index.php?rest_route=\/wp\/v2\/posts\/27314"}],"collection":[{"href":"https:\/\/arantv.az\/index.php?rest_route=\/wp\/v2\/posts"}],"about":[{"href":"https:\/\/arantv.az\/index.php?rest_route=\/wp\/v2\/types\/post"}],"author":[{"embeddable":true,"href":"https:\/\/arantv.az\/index.php?rest_route=\/wp\/v2\/users\/2"}],"replies":[{"embeddable":true,"href":"https:\/\/arantv.az\/index.php?rest_route=%2Fwp%2Fv2%2Fcomments&post=27314"}],"version-history":[{"count":0,"href":"https:\/\/arantv.az\/index.php?rest_route=\/wp\/v2\/posts\/27314\/revisions"}],"wp:featuredmedia":[{"embeddable":true,"href":"https:\/\/arantv.az\/index.php?rest_route=\/wp\/v2\/media\/27315"}],"wp:attachment":[{"href":"https:\/\/arantv.az\/index.php?rest_route=%2Fwp%2Fv2%2Fmedia&parent=27314"}],"wp:term":[{"taxonomy":"category","embeddable":true,"href":"https:\/\/arantv.az\/index.php?rest_route=%2Fwp%2Fv2%2Fcategories&post=27314"},{"taxonomy":"post_tag","embeddable":true,"href":"https:\/\/arantv.az\/index.php?rest_route=%2Fwp%2Fv2%2Ftags&post=27314"}],"curies":[{"name":"wp","href":"https:\/\/api.w.org\/{rel}","templated":true}]}}