{"id":27317,"date":"2018-12-13T08:15:06","date_gmt":"2018-12-13T05:15:06","guid":{"rendered":"http:\/\/arantv.az\/?p=27317"},"modified":"2018-12-13T08:15:06","modified_gmt":"2018-12-13T05:15:06","slug":"kiml%c9%99r-vergid%c9%99n-azad-edil%c9%99c%c9%99k-s%c9%99rh","status":"publish","type":"post","link":"https:\/\/arantv.az\/?p=27317","title":{"rendered":"Kiml\u0259r vergid\u0259n azad edil\u0259c\u0259k? &#8211; \u015e\u018fRH"},"content":{"rendered":"<p>Vergi M\u0259c\u0259ll\u0259sin\u0259 son d\u0259yi\u015fiklikl\u0259rd\u0259 mikrobiznes, ki\u00e7ik v\u0259 orta sahibkarl\u0131q subyektl\u0259ri \u00fc\u00e7\u00fcn g\u0259lir, m\u0259nf\u0259\u0259t, \u0259mlak, torpaq vergisi v\u0259 \u0259lav\u0259 d\u0259y\u0259r vergisi (\u018fDV) \u00fczr\u0259 g\u00fcz\u0259\u015ftl\u0259r n\u0259z\u0259rd\u0259 tutulub.<\/p>\n<p><strong>ARANTV.AZ\u00a0<\/strong>x\u0259b\u0259r verir ki, ki\u00e7ik v\u0259 orta biznes (KOB) klasterin\u0259 daxil olan \u015firk\u0259tl\u0259r KOB reyestrind\u0259 qeydiyyata al\u0131nd\u0131qlar\u0131 andan yeddi\u00a0il m\u00fcdd\u0259tin\u0259 m\u0259nf\u0259\u0259t, torpaq v\u0259 \u0259mlak vergil\u0259rind\u0259n azad edilirl\u0259r.<\/p>\n<p>H\u0259min \u015firk\u0259tl\u0259rin istehsal v\u0259 emal m\u0259qs\u0259dil\u0259 \u00f6lk\u0259y\u0259 g\u0259tirdikl\u0259ri texnoloji avadanl\u0131q v\u0259 qur\u011fular da yeddi\u00a0il m\u00fcdd\u0259tin\u0259 \u018fDV \u00f6d\u0259m\u0259y\u0259c\u0259kl\u0259r.<\/p>\n<div id=\"AdributorNativeVideo0\" class=\"AdributorNativeVideo\"><\/div>\n<p>Bundan ba\u015fqa, ki\u00e7ik v\u0259 orta biznes klasterinin i\u015ftirak\u00e7\u0131s\u0131 olan sahibkarl\u0131q subyektl\u0259ri t\u0259r\u0259find\u0259n KOB klaster \u015firk\u0259ti il\u0259 ba\u011flanm\u0131\u015f m\u00fcqavil\u0259 \u0259sas\u0131nda t\u0259qdim etdikl\u0259ri maldan (i\u015fd\u0259n, xidm\u0259td\u0259n) qazan\u0131lan g\u0259lirin kapital xarakterli x\u0259rcl\u0259rin \u00e7\u0259kilm\u0259sin\u0259 y\u00f6n\u0259ldil\u0259n hiss\u0259si yeddi\u00a0il m\u00fcdd\u0259tin\u0259 g\u0259lir (m\u0259nf\u0259\u0259t) vergisind\u0259n azad edilir.<\/p>\n<p>\u0130qtisad\u00e7\u0131 ekspert\u00a0<strong>R\u0259\u015fad \u018fliyev<\/strong>\u00a0qeyd edib ki, indiy\u0259d\u0259k \u00f6lk\u0259mizd\u0259 qeyri-neft sektorunda istehsal\u0131n geni\u015fl\u0259ndirilm\u0259si m\u0259qs\u0259dl\u0259ri \u00fc\u00e7\u00fcn m\u00fcxt\u0259lif \u0259razil\u0259rd\u0259 s\u0259naye v\u0259 texnologiya parklar\u0131 yarad\u0131l\u0131b v\u0259 qanunvericilikd\u0259 h\u0259min subyektl\u0259r\u0259 vergi g\u00fcz\u0259\u015ftl\u0259ri n\u0259z\u0259rd\u0259 tutulub:<\/p>\n<p><img src=\"https:\/\/assets.oxu.az\/uploads\/W1siZiIsIjIwMTgvMTIvMTMvMDkvMDEvMDEvZjUwYzk4OWQtNjMyNS00N2E5LTk5N2ItNjM3NGVmNmQxMmJjL3Jld2FkLmpwZyJdLFsicCIsImVuY29kZSIsImpwZyIsIi1xdWFsaXR5IDgwIl0sWyJwIiwidGh1bWIiLCI1OTB4NTkwXHUwMDNlIl1d?sha=e8c7b20b3cf53420\" \/><\/p>\n<p>\u201cHaz\u0131rda q\u00fcvv\u0259d\u0259 olan qanunvericiliy\u0259 \u0259sas\u0259n, s\u0259naye v\u0259 texnologiya parklar\u0131ndak\u0131 rezidentl\u0259r yeddi\u00a0il m\u00fcdd\u0259tin\u0259 m\u0259nf\u0259\u0259t (fiziki \u015f\u0259xsl\u0259r g\u0259lir vergisind\u0259n), torpaq v\u0259 \u0259mlak vergisind\u0259n azadd\u0131rlar. Onlar \u00fc\u00e7\u00fcn \u018fDV g\u00fcz\u0259\u015ftl\u0259ri d\u0259 m\u00f6vcuddur.<\/p>\n<p>\u0130ndi s\u0259naye v\u0259 texnologiya parklar\u0131ndan \u0259lav\u0259, klasterl\u0259rin yarad\u0131lmas\u0131 v\u0259 onlar\u0131n inki\u015faf etdirilm\u0259si d\u0259 h\u00f6kum\u0259tin g\u00fcnd\u0259liyind\u0259dir.<\/p>\n<p>Qeyd ed\u0259k ki, prezidentin f\u0259rman\u0131 il\u0259 \u201cKi\u00e7ik v\u0259 Orta Biznesin \u0130nki\u015faf\u0131 Agentliyi\u201d publik \u015f\u0259xsi yarad\u0131l\u0131b. Agentliyin f\u0259aliyy\u0259tl\u0259rinin \u0259sas h\u0259d\u0259fl\u0259rind\u0259n biri d\u0259 mikro, ki\u00e7ik v\u0259 orta sahibkarl\u0131q subyektl\u0259rinin klasterl\u0259rinin yarad\u0131lmas\u0131d\u0131r.<\/p>\n<p>R.\u018fliyev bildirib ki, s\u0259naye v\u0259 texnologiya parklar\u0131ndan f\u0259rqli olaraq, klasterl\u0259rin miqyas\u0131 daha iri olur. H\u0259tta s\u0259naye v\u0259 ya texnologiya parklar\u0131ndan h\u0259r hans\u0131 birinin yeni yarad\u0131lacaq klasterl\u0259r\u0259 daxil olaca\u011f\u0131 istisna deyil. Klasterl\u0259rin f\u0259aliyy\u0259tinin stimulla\u015fd\u0131r\u0131lmas\u0131 \u00fc\u00e7\u00fcn d\u0259 s\u0259naye v\u0259 texnologiya parklar\u0131nda oldu\u011fu kimi, vergi g\u00fcz\u0259\u015ftl\u0259rinin verilm\u0259si n\u0259z\u0259rd\u0259 tutulub.<\/p>\n<p>Ekspert vur\u011fulay\u0131b ki, M\u0259c\u0259ll\u0259d\u0259 \u201cKOB klaster \u015firk\u0259ti\u201d v\u0259 \u201cKOB klasterinin i\u015ftirak\u00e7\u0131s\u0131\u201d anlay\u0131\u015flar\u0131n\u0131n izah\u0131 verilib. Bu is\u0259 o dem\u0259kdir ki, KOB klasteri \u015firk\u0259ti il\u0259 KOB klaster i\u015ftirak\u00e7\u0131lar\u0131na f\u0259rqli g\u00fcz\u0259\u015ftl\u0259r verilib.<\/p>\n<p>\u0130qtisad\u00e7\u0131\u00a0<strong>P\u0259rviz Heyd\u0259rov<\/strong>un s\u00f6zl\u0259rin\u0259 g\u00f6r\u0259, sahibkarl\u0131q f\u0259aliyy\u0259ti g\u00f6st\u0259r\u0259n t\u0259s\u0259rr\u00fcfat subyektl\u0259ri aras\u0131nda \u0259n \u00e7ox d\u00f6vl\u0259t d\u0259st\u0259yin\u0259, g\u00fcz\u0259\u015ft v\u0259 stimulla\u015fd\u0131r\u0131c\u0131 t\u0259dbirl\u0259r\u0259 m\u0259hz ki\u00e7ik v\u0259 orta biznesin ehtiyac\u0131 var:<\/p>\n<p>\u201c\u0130st\u0259r ki\u00e7ik sahibkarl\u0131q subyektl\u0259rinin g\u0259lir v\u0259 x\u0259rcin u\u00e7otunun apar\u0131lmas\u0131 m\u0259d\u0259niyy\u0259tinin formala\u015fd\u0131r\u0131lmas\u0131 v\u0259 t\u0259kmill\u0259\u015fdirilm\u0259si m\u0259qs\u0259dil\u0259 Vergi M\u0259c\u0259ll\u0259si il\u0259 m\u00fc\u0259yy\u0259n olunmu\u015f qaydada g\u0259lirini v\u0259 x\u0259rcini s\u0259n\u0259dl\u0259\u015fdir\u0259n vergi \u00f6d\u0259yicil\u0259rinin \u00f6z t\u0259sis\u00e7il\u0259rin\u0259 (pay\u00e7\u0131lar\u0131na) \u00f6d\u0259dikl\u0259ri dividendl\u0259rin \u00f6d\u0259m\u0259 m\u0259nb\u0259yind\u0259 vergid\u0259n azad olunmas\u0131n\u0131 n\u0259z\u0259rd\u0259 tutan m\u00fcdd\u0259a, ist\u0259rs\u0259 d\u0259 mikro, ki\u00e7ik v\u0259 orta sahibkarl\u0131q subyektl\u0259ri \u00fc\u00e7\u00fcn g\u0259lir, m\u0259nf\u0259\u0259t, \u0259mlak, torpaq vergisi v\u0259 \u018fDV \u00fczr\u0259 g\u00fcz\u0259\u015ftl\u0259rin t\u0259tbiqi \u00f6lk\u0259d\u0259 iqtisadiyyat\u0131n inki\u015faf\u0131na m\u00fch\u00fcm t\u00f6hf\u0259l\u0259r ver\u0259c\u0259k\u201d.<\/p>\n<p><img src=\"https:\/\/assets.oxu.az\/uploads\/W1siZiIsIjIwMTgvMTIvMTMvMDkvMDAvMDQvODVmMWY3MTItZTMzOC00MWRmLTg4MjktMWFkY2Y4Y2ZjYzcwLzU5MjY3X3AzYmc5OWtmOHkuanBnIl0sWyJwIiwiZW5jb2RlIiwianBnIiwiLXF1YWxpdHkgODAiXSxbInAiLCJ0aHVtYiIsIjU5MHg1OTBcdTAwM2UiXV0?sha=47f028099e7903b7\" \/><\/p>\n<p>\u00dcmumiyy\u0259tl\u0259, ki\u00e7ik v\u0259 orta biznes klasterin\u0259 daxil olan \u015firk\u0259tl\u0259rin x\u0259rcl\u0259ri \u0259h\u0259miyy\u0259tli d\u0259r\u0259c\u0259d\u0259 azalacaq.<\/p>\n<p>\u201cKOB klasterin\u0259 daxil olan \u015firk\u0259tl\u0259r t\u0259r\u0259find\u0259n istehsal v\u0259 emal m\u0259qs\u0259dil\u0259 texnika, texnoloji avadanl\u0131q v\u0259 qur\u011fular\u0131n idxal\u0131 \u00fc\u00e7\u00fcn veril\u0259n g\u00fcz\u0259\u015ft daha \u00e7ox g\u0259lir \u0259ld\u0259 etm\u0259y\u0259 \u015f\u0259rait yaradacaq.<\/p>\n<p>Q\u0131sa des\u0259k, \u00f6lk\u0259d\u0259 mikro, ki\u00e7ik v\u0259 orta sahibkarl\u0131q f\u0259aliyy\u0259ti \u00fc\u00e7\u00fcn g\u0259l\u0259n il t\u0259tbiq olunacaq g\u00fcz\u0259\u015ftl\u0259r, \u0259sas\u0259n, iki\u00a0m\u0259qs\u0259d\u0259 xidm\u0259t edir: x\u0259rcl\u0259ri azaltmaq v\u0259 daha \u00e7ox g\u0259lir \u0259ld\u0259 etm\u0259y\u0259 maraq yaratmaq. Bu is\u0259\u00a0inki\u015faf v\u0259 art\u0131m \u00fc\u00e7\u00fcn \u0259sas t\u0259l\u0259b olunan \u015f\u0259rtl\u0259rdir\u201d.oxu.az<\/p>\n","protected":false},"excerpt":{"rendered":"<p>Vergi M\u0259c\u0259ll\u0259sin\u0259 son d\u0259yi\u015fiklikl\u0259rd\u0259 mikrobiznes, ki\u00e7ik v\u0259 orta sahibkarl\u0131q subyektl\u0259ri \u00fc\u00e7\u00fcn g\u0259lir, m\u0259nf\u0259\u0259t, \u0259mlak, torpaq vergisi v\u0259 \u0259lav\u0259 d\u0259y\u0259r vergisi (\u018fDV) \u00fczr\u0259 g\u00fcz\u0259\u015ftl\u0259r n\u0259z\u0259rd\u0259 tutulub. ARANTV.AZ\u00a0x\u0259b\u0259r verir ki, ki\u00e7ik v\u0259 orta biznes (KOB) klasterin\u0259 daxil olan \u015firk\u0259tl\u0259r KOB reyestrind\u0259 qeydiyyata al\u0131nd\u0131qlar\u0131 andan yeddi\u00a0il m\u00fcdd\u0259tin\u0259 m\u0259nf\u0259\u0259t, torpaq v\u0259 \u0259mlak vergil\u0259rind\u0259n azad edilirl\u0259r. H\u0259min \u015firk\u0259tl\u0259rin istehsal v\u0259 emal m\u0259qs\u0259dil\u0259 \u00f6lk\u0259y\u0259 g\u0259tirdikl\u0259ri texnoloji avadanl\u0131q v\u0259 qur\u011fular da yeddi\u00a0il m\u00fcdd\u0259tin\u0259 \u018fDV \u00f6d\u0259m\u0259y\u0259c\u0259kl\u0259r. Bundan ba\u015fqa, ki\u00e7ik v\u0259 orta biznes klasterinin i\u015ftirak\u00e7\u0131s\u0131 olan sahibkarl\u0131q subyektl\u0259ri t\u0259r\u0259find\u0259n KOB klaster \u015firk\u0259ti il\u0259 ba\u011flanm\u0131\u015f m\u00fcqavil\u0259 \u0259sas\u0131nda t\u0259qdim etdikl\u0259ri maldan&hellip;<\/p>\n","protected":false},"author":2,"featured_media":27318,"comment_status":"closed","ping_status":"closed","sticky":false,"template":"","format":"standard","meta":{"om_disable_all_campaigns":false,"_monsterinsights_skip_tracking":false,"_monsterinsights_sitenote_active":false,"_monsterinsights_sitenote_note":"","_monsterinsights_sitenote_category":0},"categories":[19],"tags":[],"aioseo_notices":[],"gutentor_comment":0,"rttpg_featured_image_url":{"full":["https:\/\/arantv.az\/wp-content\/uploads\/2018\/12\/tax-form-calculator.jpg",620,413,false],"landscape":["https:\/\/arantv.az\/wp-content\/uploads\/2018\/12\/tax-form-calculator.jpg",620,413,false],"portraits":["https:\/\/arantv.az\/wp-content\/uploads\/2018\/12\/tax-form-calculator.jpg",620,413,false],"thumbnail":["https:\/\/arantv.az\/wp-content\/uploads\/2018\/12\/tax-form-calculator-150x150.jpg",150,150,true],"medium":["https:\/\/arantv.az\/wp-content\/uploads\/2018\/12\/tax-form-calculator-300x200.jpg",300,200,true],"large":["https:\/\/arantv.az\/wp-content\/uploads\/2018\/12\/tax-form-calculator.jpg",620,413,false],"1536x1536":["https:\/\/arantv.az\/wp-content\/uploads\/2018\/12\/tax-form-calculator.jpg",620,413,false],"2048x2048":["https:\/\/arantv.az\/wp-content\/uploads\/2018\/12\/tax-form-calculator.jpg",620,413,false],"post-thumbnail":["https:\/\/arantv.az\/wp-content\/uploads\/2018\/12\/tax-form-calculator-240x172.jpg",240,172,true],"advps-thumb-one":["https:\/\/arantv.az\/wp-content\/uploads\/2018\/12\/tax-form-calculator.jpg",620,413,false]},"rttpg_author":{"display_name":"V\u00fcsal Rafiqo\u011flu","author_link":"https:\/\/arantv.az\/?author=2"},"rttpg_comment":0,"rttpg_category":"<a href=\"https:\/\/arantv.az\/?cat=19\" rel=\"category\">G\u00fcnd\u0259m<\/a>","rttpg_excerpt":"Vergi M\u0259c\u0259ll\u0259sin\u0259 son d\u0259yi\u015fiklikl\u0259rd\u0259 mikrobiznes, ki\u00e7ik v\u0259 orta sahibkarl\u0131q subyektl\u0259ri \u00fc\u00e7\u00fcn g\u0259lir, m\u0259nf\u0259\u0259t, \u0259mlak, torpaq vergisi v\u0259 \u0259lav\u0259 d\u0259y\u0259r vergisi (\u018fDV) \u00fczr\u0259 g\u00fcz\u0259\u015ftl\u0259r n\u0259z\u0259rd\u0259 tutulub. ARANTV.AZ\u00a0x\u0259b\u0259r verir ki, ki\u00e7ik v\u0259 orta biznes (KOB) klasterin\u0259 daxil olan \u015firk\u0259tl\u0259r KOB reyestrind\u0259 qeydiyyata al\u0131nd\u0131qlar\u0131 andan yeddi\u00a0il m\u00fcdd\u0259tin\u0259 m\u0259nf\u0259\u0259t, torpaq v\u0259 \u0259mlak vergil\u0259rind\u0259n azad edilirl\u0259r. H\u0259min \u015firk\u0259tl\u0259rin istehsal v\u0259&hellip;","_links":{"self":[{"href":"https:\/\/arantv.az\/index.php?rest_route=\/wp\/v2\/posts\/27317"}],"collection":[{"href":"https:\/\/arantv.az\/index.php?rest_route=\/wp\/v2\/posts"}],"about":[{"href":"https:\/\/arantv.az\/index.php?rest_route=\/wp\/v2\/types\/post"}],"author":[{"embeddable":true,"href":"https:\/\/arantv.az\/index.php?rest_route=\/wp\/v2\/users\/2"}],"replies":[{"embeddable":true,"href":"https:\/\/arantv.az\/index.php?rest_route=%2Fwp%2Fv2%2Fcomments&post=27317"}],"version-history":[{"count":0,"href":"https:\/\/arantv.az\/index.php?rest_route=\/wp\/v2\/posts\/27317\/revisions"}],"wp:featuredmedia":[{"embeddable":true,"href":"https:\/\/arantv.az\/index.php?rest_route=\/wp\/v2\/media\/27318"}],"wp:attachment":[{"href":"https:\/\/arantv.az\/index.php?rest_route=%2Fwp%2Fv2%2Fmedia&parent=27317"}],"wp:term":[{"taxonomy":"category","embeddable":true,"href":"https:\/\/arantv.az\/index.php?rest_route=%2Fwp%2Fv2%2Fcategories&post=27317"},{"taxonomy":"post_tag","embeddable":true,"href":"https:\/\/arantv.az\/index.php?rest_route=%2Fwp%2Fv2%2Ftags&post=27317"}],"curies":[{"name":"wp","href":"https:\/\/api.w.org\/{rel}","templated":true}]}}