{"id":27321,"date":"2018-12-13T08:18:01","date_gmt":"2018-12-13T05:18:01","guid":{"rendered":"http:\/\/arantv.az\/?p=27321"},"modified":"2018-12-13T08:18:01","modified_gmt":"2018-12-13T05:18:01","slug":"b%c9%99rd%c9%99d%c9%99-13-yasli-m%c9%99kt%c9%99bli-qizi-masin-vurdu","status":"publish","type":"post","link":"https:\/\/arantv.az\/?p=27321","title":{"rendered":"B\u0259rd\u0259d\u0259 13 ya\u015fl\u0131 m\u0259kt\u0259bli q\u0131z\u0131 ma\u015f\u0131n vurdu"},"content":{"rendered":"<p><strong>B\u0259rd\u0259 rayonunda piyadan\u0131n x\u0259sar\u0259t almas\u0131 il\u0259 n\u0259tic\u0259l\u0259n\u0259n yol-n\u0259qliyyat hadis\u0259si ba\u015f verib.<\/strong><\/p>\n<p><strong>ARANTV.AZ<\/strong> x\u0259b\u0259r verir ki, rayonun Bak\u0131 k\u00fc\u00e7\u0259sind\u0259 yerli sakin \u015eamxal Abdullayevin idar\u0259 etdiyi &#8220;Hyundai&#8221; markal\u0131 avtomobil yolu ke\u00e7m\u0259k ist\u0259y\u0259n rayon sakini, 2005-ci il t\u0259v\u0259ll\u00fcdl\u00fc \u018fliyeva \u015e\u00f6l\u0259 El\u00e7in q\u0131z\u0131n\u0131 vurub.<\/p>\n<p>M\u00fcxt\u0259lif b\u0259d\u0259n x\u0259sar\u0259tl\u0259ri alan piyada q\u0259za t\u00f6r\u0259d\u0259n s\u00fcr\u00fcc\u00fc t\u0259r\u0259find\u0259n x\u0259st\u0259xanaya \u00e7atd\u0131r\u0131l\u0131b.<\/p>\n<p>Qeyd ed\u0259k ki, 13 ya\u015fl\u0131 \u015e.\u018fliyeva 7 sinif \u015fagirdidir. Hadis\u0259 o, haz\u0131rl\u0131qdan \u00e7\u0131x\u0131b ev\u0259 ged\u0259rk\u0259n ba\u015f verib.<\/p>\n<p>Faktla ba\u011fl\u0131 rayon Polis \u015f\u00f6b\u0259sind\u0259 ara\u015fd\u0131rma apar\u0131l\u0131r.report<\/p>\n","protected":false},"excerpt":{"rendered":"<p>B\u0259rd\u0259 rayonunda piyadan\u0131n x\u0259sar\u0259t almas\u0131 il\u0259 n\u0259tic\u0259l\u0259n\u0259n yol-n\u0259qliyyat hadis\u0259si ba\u015f verib. ARANTV.AZ x\u0259b\u0259r verir ki, rayonun Bak\u0131 k\u00fc\u00e7\u0259sind\u0259 yerli sakin \u015eamxal Abdullayevin idar\u0259 etdiyi &#8220;Hyundai&#8221; markal\u0131 avtomobil yolu ke\u00e7m\u0259k ist\u0259y\u0259n rayon sakini, 2005-ci il t\u0259v\u0259ll\u00fcdl\u00fc \u018fliyeva \u015e\u00f6l\u0259 El\u00e7in q\u0131z\u0131n\u0131 vurub. M\u00fcxt\u0259lif b\u0259d\u0259n x\u0259sar\u0259tl\u0259ri alan piyada q\u0259za t\u00f6r\u0259d\u0259n s\u00fcr\u00fcc\u00fc t\u0259r\u0259find\u0259n x\u0259st\u0259xanaya \u00e7atd\u0131r\u0131l\u0131b. Qeyd ed\u0259k ki, 13 ya\u015fl\u0131 \u015e.\u018fliyeva 7 sinif \u015fagirdidir. Hadis\u0259 o, haz\u0131rl\u0131qdan \u00e7\u0131x\u0131b ev\u0259 ged\u0259rk\u0259n ba\u015f verib. Faktla ba\u011fl\u0131 rayon Polis \u015f\u00f6b\u0259sind\u0259 ara\u015fd\u0131rma apar\u0131l\u0131r.report<\/p>\n","protected":false},"author":2,"featured_media":27322,"comment_status":"closed","ping_status":"closed","sticky":false,"template":"","format":"standard","meta":{"om_disable_all_campaigns":false,"_monsterinsights_skip_tracking":false,"_monsterinsights_sitenote_active":false,"_monsterinsights_sitenote_note":"","_monsterinsights_sitenote_category":0},"categories":[5],"tags":[],"aioseo_notices":[],"gutentor_comment":0,"rttpg_featured_image_url":{"full":["https:\/\/arantv.az\/wp-content\/uploads\/2018\/12\/b2411bdb-c78a-4bcb-bc01-9af502e1a9ea.jpg",800,450,false],"landscape":["https:\/\/arantv.az\/wp-content\/uploads\/2018\/12\/b2411bdb-c78a-4bcb-bc01-9af502e1a9ea.jpg",800,450,false],"portraits":["https:\/\/arantv.az\/wp-content\/uploads\/2018\/12\/b2411bdb-c78a-4bcb-bc01-9af502e1a9ea.jpg",800,450,false],"thumbnail":["https:\/\/arantv.az\/wp-content\/uploads\/2018\/12\/b2411bdb-c78a-4bcb-bc01-9af502e1a9ea-150x150.jpg",150,150,true],"medium":["https:\/\/arantv.az\/wp-content\/uploads\/2018\/12\/b2411bdb-c78a-4bcb-bc01-9af502e1a9ea-300x169.jpg",300,169,true],"large":["https:\/\/arantv.az\/wp-content\/uploads\/2018\/12\/b2411bdb-c78a-4bcb-bc01-9af502e1a9ea.jpg",640,360,false],"1536x1536":["https:\/\/arantv.az\/wp-content\/uploads\/2018\/12\/b2411bdb-c78a-4bcb-bc01-9af502e1a9ea.jpg",800,450,false],"2048x2048":["https:\/\/arantv.az\/wp-content\/uploads\/2018\/12\/b2411bdb-c78a-4bcb-bc01-9af502e1a9ea.jpg",800,450,false],"post-thumbnail":["https:\/\/arantv.az\/wp-content\/uploads\/2018\/12\/b2411bdb-c78a-4bcb-bc01-9af502e1a9ea-240x172.jpg",240,172,true],"advps-thumb-one":["https:\/\/arantv.az\/wp-content\/uploads\/2018\/12\/b2411bdb-c78a-4bcb-bc01-9af502e1a9ea.jpg",800,450,false]},"rttpg_author":{"display_name":"V\u00fcsal Rafiqo\u011flu","author_link":"https:\/\/arantv.az\/?author=2"},"rttpg_comment":0,"rttpg_category":"<a href=\"https:\/\/arantv.az\/?cat=5\" rel=\"category\">Hadis\u0259<\/a>","rttpg_excerpt":"B\u0259rd\u0259 rayonunda piyadan\u0131n x\u0259sar\u0259t almas\u0131 il\u0259 n\u0259tic\u0259l\u0259n\u0259n yol-n\u0259qliyyat hadis\u0259si ba\u015f verib. ARANTV.AZ x\u0259b\u0259r verir ki, rayonun Bak\u0131 k\u00fc\u00e7\u0259sind\u0259 yerli sakin \u015eamxal Abdullayevin idar\u0259 etdiyi &#8220;Hyundai&#8221; markal\u0131 avtomobil yolu ke\u00e7m\u0259k ist\u0259y\u0259n rayon sakini, 2005-ci il t\u0259v\u0259ll\u00fcdl\u00fc \u018fliyeva \u015e\u00f6l\u0259 El\u00e7in q\u0131z\u0131n\u0131 vurub. M\u00fcxt\u0259lif b\u0259d\u0259n x\u0259sar\u0259tl\u0259ri alan piyada q\u0259za t\u00f6r\u0259d\u0259n s\u00fcr\u00fcc\u00fc t\u0259r\u0259find\u0259n x\u0259st\u0259xanaya \u00e7atd\u0131r\u0131l\u0131b. Qeyd ed\u0259k ki, 13&hellip;","_links":{"self":[{"href":"https:\/\/arantv.az\/index.php?rest_route=\/wp\/v2\/posts\/27321"}],"collection":[{"href":"https:\/\/arantv.az\/index.php?rest_route=\/wp\/v2\/posts"}],"about":[{"href":"https:\/\/arantv.az\/index.php?rest_route=\/wp\/v2\/types\/post"}],"author":[{"embeddable":true,"href":"https:\/\/arantv.az\/index.php?rest_route=\/wp\/v2\/users\/2"}],"replies":[{"embeddable":true,"href":"https:\/\/arantv.az\/index.php?rest_route=%2Fwp%2Fv2%2Fcomments&post=27321"}],"version-history":[{"count":0,"href":"https:\/\/arantv.az\/index.php?rest_route=\/wp\/v2\/posts\/27321\/revisions"}],"wp:featuredmedia":[{"embeddable":true,"href":"https:\/\/arantv.az\/index.php?rest_route=\/wp\/v2\/media\/27322"}],"wp:attachment":[{"href":"https:\/\/arantv.az\/index.php?rest_route=%2Fwp%2Fv2%2Fmedia&parent=27321"}],"wp:term":[{"taxonomy":"category","embeddable":true,"href":"https:\/\/arantv.az\/index.php?rest_route=%2Fwp%2Fv2%2Fcategories&post=27321"},{"taxonomy":"post_tag","embeddable":true,"href":"https:\/\/arantv.az\/index.php?rest_route=%2Fwp%2Fv2%2Ftags&post=27321"}],"curies":[{"name":"wp","href":"https:\/\/api.w.org\/{rel}","templated":true}]}}