{"id":27351,"date":"2018-12-13T08:41:09","date_gmt":"2018-12-13T05:41:09","guid":{"rendered":"http:\/\/arantv.az\/?p=27351"},"modified":"2018-12-13T08:41:09","modified_gmt":"2018-12-13T05:41:09","slug":"eyfel-qull%c9%99si-qaranliga-burundu-foto","status":"publish","type":"post","link":"https:\/\/arantv.az\/?p=27351","title":{"rendered":"Eyfel q\u00fcll\u0259si qaranl\u0131\u011fa b\u00fcr\u00fcnd\u00fc &#8211; FOTO"},"content":{"rendered":"<p>Dekabr\u0131n 13-d\u0259 Fransada Strasburq faci\u0259sinin qurbanlar\u0131n\u0131n xatir\u0259sini anmaq m\u0259qs\u0259dil\u0259\u00a0Eyfel q\u00fcll\u0259sinin i\u015f\u0131qlar\u0131 s\u00f6nd\u00fcr\u00fcl\u00fcb.<\/p>\n<p><b>ARANTV.AZ\u00a0<\/b>x\u0259b\u0259r verir ki, bu haqda Fransa paytaxt\u0131n\u0131n meri\u00a0<strong>Ann \u0130dalqo<\/strong>\u00a0\u00f6z \u201cTwitter\u201d hesab\u0131nda m\u0259lumat yay\u0131b.<\/p>\n<p>Qurbanlar\u0131n xatir\u0259sini anmaq v\u0259 qohumlar\u0131na d\u0259st\u0259k olmaq \u00fc\u00e7\u00fcn q\u00fcll\u0259nin\u00a0i\u015f\u0131qlar\u0131 saat 00:00-da s\u00f6nd\u00fcr\u00fcl\u00fcb.<\/p>\n<div id=\"AdributorNativeVideo0\" class=\"AdributorNativeVideo\"><\/div>\n<div>\n<div class=\"SandboxRoot env-bp-350\" data-twitter-event-id=\"0\">\n<div id=\"twitter-widget-0\" class=\"EmbeddedTweet EmbeddedTweet--cta EmbeddedTweet--mediaForward media-forward js-clickToOpenTarget js-tweetIdInfo tweet-InformationCircle-widgetParent\" lang=\"en\" data-click-to-open-target=\"https:\/\/twitter.com\/Anne_Hidalgo\/status\/1072904533616009216\" data-iframe-title=\"Twitter Tweet\" data-scribe=\"page:tweet\" data-tweet-id=\"1072904533616009216\" data-twitter-event-id=\"1\">\n<article class=\"MediaCard\n           MediaCard--mediaForward\n\n           customisable-border\" dir=\"ltr\" data-scribe=\"component:card\"><\/p>\n<div class=\"MediaCard-media\" data-scribe=\"element:photo\"><a class=\"MediaCard-borderOverlay\" tabindex=\"-1\" title=\"View image on Twitter\" role=\"presentation\" href=\"https:\/\/twitter.com\/Anne_Hidalgo\/status\/1072904533616009216\/photo\/1\"><span class=\"u-hiddenVisually\">View image on Twitter<\/span><\/a><\/p>\n<div class=\"MediaCard-widthConstraint js-cspForcedStyle\" data-style=\"max-width: 1065px\">\n<div class=\"MediaCard-mediaContainer js-cspForcedStyle\" data-style=\"padding-bottom: 66.4789%\"><a class=\"MediaCard-mediaAsset NaturalImage\" href=\"https:\/\/twitter.com\/Anne_Hidalgo\/status\/1072904533616009216\/photo\/1\"><img loading=\"lazy\" class=\"NaturalImage-image\" title=\"View image on Twitter\" src=\"https:\/\/pbs.twimg.com\/media\/DuO3eJwX4AALfUq?format=jpg&amp;name=small\" alt=\"View image on Twitter\" width=\"1065\" height=\"708\" data-image=\"https:\/\/pbs.twimg.com\/media\/DuO3eJwX4AALfUq\" \/><\/a><\/div>\n<\/div>\n<\/div>\n<\/article>\n<div class=\"EmbeddedTweet-tweetContainer\">\n<div class=\"EmbeddedTweet-tweet\">\n<blockquote class=\"Tweet h-entry js-tweetIdInfo subject expanded\" cite=\"https:\/\/twitter.com\/Anne_Hidalgo\/status\/1072904533616009216\" data-tweet-id=\"1072904533616009216\" data-scribe=\"section:subject\">\n<div class=\"Tweet-header\"><a class=\"TweetAuthor-avatar  Identity-avatar u-linkBlend\" href=\"https:\/\/twitter.com\/Anne_Hidalgo\" data-scribe=\"element:user_link\" aria-label=\"Anne Hidalgo (screen name: Anne_Hidalgo)\"><img class=\"Avatar\" src=\"https:\/\/pbs.twimg.com\/profile_images\/1026063030428344320\/FxlsK6Kd_normal.jpg\" alt=\"\" data-scribe=\"element:avatar\" data-src-2x=\"https:\/\/pbs.twimg.com\/profile_images\/1026063030428344320\/FxlsK6Kd_bigger.jpg\" data-src-1x=\"https:\/\/pbs.twimg.com\/profile_images\/1026063030428344320\/FxlsK6Kd_normal.jpg\" \/><\/a><\/p>\n<div class=\"TweetAuthor js-inViewportScribingTarget\" data-scribe=\"component:author\">\n<div class=\"TweetAuthor-nameScreenNameContainer\"><span class=\"TweetAuthor-decoratedName\"><span class=\"TweetAuthor-name Identity-name customisable-highlight\" title=\"Anne Hidalgo\" data-scribe=\"element:name\">Anne Hidalgo<\/span><\/span><\/p>\n<div class=\"Icon Icon--verified \" title=\"Verified Account\" role=\"img\" aria-label=\"Verified Account\"><\/div>\n<p><span class=\"TweetAuthor-decoratedName\"><span class=\"TweetAuthor-verifiedBadge\" data-scribe=\"element:verified_badge\"><b class=\"u-hiddenVisually\">\u2714<\/b><\/span><\/span><span class=\"TweetAuthor-screenName Identity-screenName\" dir=\"ltr\" title=\"@Anne_Hidalgo\" data-scribe=\"element:screen_name\">@Anne_Hidalgo<\/span><\/div>\n<\/div>\n<div class=\"Tweet-brand\">\n<div class=\"Icon Icon--twitter \" title=\"View on Twitter\" role=\"presentation\" aria-label=\"View on Twitter\"><\/div>\n<\/div>\n<\/div>\n<div class=\"Tweet-body e-entry-content\" data-scribe=\"component:tweet\">\n<div class=\"u-hiddenVisually js-inViewportScribingTarget\"><\/div>\n<p class=\"Tweet-text e-entry-title\" dir=\"ltr\" lang=\"fr\">Nous \u00e9teindrons mercredi soir <a class=\"PrettyLink profile customisable h-card\" dir=\"ltr\" href=\"https:\/\/twitter.com\/LaTourEiffel\" data-mentioned-user-id=\"4416500843\" data-scribe=\"element:mention\"><span class=\"PrettyLink-prefix\">@<\/span><span class=\"PrettyLink-value\">LaTourEiffel<\/span><\/a> \u00e0 minuit, en hommage aux victimes de l&#8217;attaque survenue \u00e0 <a class=\"PrettyLink hashtag customisable\" dir=\"ltr\" href=\"https:\/\/twitter.com\/hashtag\/Strasbourg?src=hash\" rel=\"tag\" data-query-source=\"hashtag_click\" data-scribe=\"element:hashtag\"><span class=\"PrettyLink-prefix\">#<\/span><span class=\"PrettyLink-value\">Strasbourg<\/span><\/a> et en soutien \u00e0 leurs proches et \u00e0 l&#8217;ensemble des Strasbourgeois.<\/p>\n<div class=\"TweetInfo\">\n<div class=\"TweetInfo-like\">\n<div class=\"Icon Icon--heart TweetInfo-heartIcon\" role=\"img\" data-scribe=\"element:heart\"><\/div>\n<p><a class=\"TweetInfo-heart\" title=\"Like\" href=\"https:\/\/twitter.com\/intent\/like?tweet_id=1072904533616009216\" data-scribe=\"component:actions\"><span class=\"TweetInfo-heartStat\" data-scribe=\"element:heart_count\">1,282<\/span><\/a><\/div>\n<div class=\"TweetInfo-timeGeo\"><a class=\"u-linkBlend u-url customisable-highlight long-permalink\" href=\"https:\/\/twitter.com\/Anne_Hidalgo\/status\/1072904533616009216\" data-datetime=\"2018-12-12T17:22:29+0000\" data-scribe=\"element:full_timestamp\"><time class=\"dt-updated\" title=\"Time posted: December 12, 2018 17:22:29 (UTC)\" datetime=\"2018-12-12T17:22:29+0000\">9:22 PM &#8211; Dec 12, 2018<\/time><\/a><\/div>\n<\/div>\n<\/div>\n<\/blockquote>\n<\/div>\n<div class=\"Icon Icon--replyCTA\" role=\"img\" data-scribe=\"element:conversation_icon\"><\/div>\n<p><a class=\"CallToAction-icon CallToAction CallToAction--mediaForward\" title=\"View the conversation on Twitter\" href=\"https:\/\/twitter.com\/Anne_Hidalgo\/status\/1072904533616009216\" data-scribe=\"section:cta component:news\"><span class=\"CallToAction-text\" data-scribe=\"element:conversation_text\">489 people are talking about this<\/span><\/a><\/p>\n<div class=\"Icon Icon--chevronRightCTA CallToAction-chevron\" role=\"img\" data-scribe=\"element:cta_chevron\"><\/div>\n<\/div>\n<div class=\"tweet-InformationCircle--top tweet-InformationCircle\" data-scribe=\"element:notice\"><a class=\"Icon Icon--informationCircleWhite js-inViewportScribingTarget\" title=\"Twitter Ads info and privacy\" href=\"https:\/\/support.twitter.com\/articles\/20175256\"><span class=\"u-hiddenVisually\">Twitter Ads info and privacy<\/span><\/a><\/div>\n<\/div>\n<div class=\"resize-sensor\">\n<div class=\"resize-sensor-expand\">\n<div><\/div>\n<\/div>\n<div class=\"resize-sensor-shrink\">\n<div><\/div>\n<\/div>\n<\/div>\n<\/div>\n<\/div>\n<p>Xat\u0131rladaq ki, dekabr\u0131n 11-i, ax\u015fam saatlar\u0131nda Strasburqda 29 ya\u015fl\u0131 \u015e\u0259rif \u015eekat milad yarmarkas\u0131na topla\u015fanlara at\u0259\u015f a\u00e7araq, aradan \u00e7\u0131x\u0131b. Silahl\u0131 h\u00fccum n\u0259tic\u0259sind\u0259 \u00fc\u00e7\u00a0n\u0259f\u0259r \u00f6l\u00fcb, 13 n\u0259f\u0259r yaralan\u0131b. \u015e\u0259h\u0259rin meri hadis\u0259nin terror akt\u0131 oldu\u011funu t\u0259sdiql\u0259yib.<\/p>\n<p>Sonradan m\u0259lum olub ki, at\u0259\u015f a\u00e7an \u015f\u0259xs \u0259vv\u0259ll\u0259r m\u0259hkumluq h\u0259yat\u0131 ya\u015fay\u0131b v\u0259 terrorda \u015f\u00fcbh\u0259li bilin\u0259n \u015f\u0259xs kimi yerli t\u0259hl\u00fck\u0259sizlik orqanlar\u0131n\u0131n \u201cradar\u201d\u0131nda olub.oxu.az<\/p>\n","protected":false},"excerpt":{"rendered":"<p>Dekabr\u0131n 13-d\u0259 Fransada Strasburq faci\u0259sinin qurbanlar\u0131n\u0131n xatir\u0259sini anmaq m\u0259qs\u0259dil\u0259\u00a0Eyfel q\u00fcll\u0259sinin i\u015f\u0131qlar\u0131 s\u00f6nd\u00fcr\u00fcl\u00fcb. ARANTV.AZ\u00a0x\u0259b\u0259r verir ki, bu haqda Fransa paytaxt\u0131n\u0131n meri\u00a0Ann \u0130dalqo\u00a0\u00f6z \u201cTwitter\u201d hesab\u0131nda m\u0259lumat yay\u0131b. Qurbanlar\u0131n xatir\u0259sini anmaq v\u0259 qohumlar\u0131na d\u0259st\u0259k olmaq \u00fc\u00e7\u00fcn q\u00fcll\u0259nin\u00a0i\u015f\u0131qlar\u0131 saat 00:00-da s\u00f6nd\u00fcr\u00fcl\u00fcb. View image on Twitter Anne Hidalgo \u2714@Anne_Hidalgo Nous \u00e9teindrons mercredi soir @LaTourEiffel \u00e0 minuit, en hommage aux victimes de l&#8217;attaque survenue \u00e0 #Strasbourg et en soutien \u00e0 leurs proches et \u00e0 l&#8217;ensemble des Strasbourgeois. 1,282 9:22 PM &#8211; Dec 12, 2018 489 people are talking about this Twitter Ads info and privacy Xat\u0131rladaq&hellip;<\/p>\n","protected":false},"author":2,"featured_media":27352,"comment_status":"closed","ping_status":"closed","sticky":false,"template":"","format":"standard","meta":{"om_disable_all_campaigns":false,"_monsterinsights_skip_tracking":false,"_monsterinsights_sitenote_active":false,"_monsterinsights_sitenote_note":"","_monsterinsights_sitenote_category":0},"categories":[7],"tags":[],"aioseo_notices":[],"gutentor_comment":0,"rttpg_featured_image_url":{"full":["https:\/\/arantv.az\/wp-content\/uploads\/2018\/12\/eiffel87_vs.jpg",620,349,false],"landscape":["https:\/\/arantv.az\/wp-content\/uploads\/2018\/12\/eiffel87_vs.jpg",620,349,false],"portraits":["https:\/\/arantv.az\/wp-content\/uploads\/2018\/12\/eiffel87_vs.jpg",620,349,false],"thumbnail":["https:\/\/arantv.az\/wp-content\/uploads\/2018\/12\/eiffel87_vs-150x150.jpg",150,150,true],"medium":["https:\/\/arantv.az\/wp-content\/uploads\/2018\/12\/eiffel87_vs-300x169.jpg",300,169,true],"large":["https:\/\/arantv.az\/wp-content\/uploads\/2018\/12\/eiffel87_vs.jpg",620,349,false],"1536x1536":["https:\/\/arantv.az\/wp-content\/uploads\/2018\/12\/eiffel87_vs.jpg",620,349,false],"2048x2048":["https:\/\/arantv.az\/wp-content\/uploads\/2018\/12\/eiffel87_vs.jpg",620,349,false],"post-thumbnail":["https:\/\/arantv.az\/wp-content\/uploads\/2018\/12\/eiffel87_vs-240x172.jpg",240,172,true],"advps-thumb-one":["https:\/\/arantv.az\/wp-content\/uploads\/2018\/12\/eiffel87_vs.jpg",620,349,false]},"rttpg_author":{"display_name":"V\u00fcsal Rafiqo\u011flu","author_link":"https:\/\/arantv.az\/?author=2"},"rttpg_comment":0,"rttpg_category":"<a href=\"https:\/\/arantv.az\/?cat=7\" rel=\"category\">D\u00fcnya<\/a>","rttpg_excerpt":"Dekabr\u0131n 13-d\u0259 Fransada Strasburq faci\u0259sinin qurbanlar\u0131n\u0131n xatir\u0259sini anmaq m\u0259qs\u0259dil\u0259\u00a0Eyfel q\u00fcll\u0259sinin i\u015f\u0131qlar\u0131 s\u00f6nd\u00fcr\u00fcl\u00fcb. ARANTV.AZ\u00a0x\u0259b\u0259r verir ki, bu haqda Fransa paytaxt\u0131n\u0131n meri\u00a0Ann \u0130dalqo\u00a0\u00f6z \u201cTwitter\u201d hesab\u0131nda m\u0259lumat yay\u0131b. Qurbanlar\u0131n xatir\u0259sini anmaq v\u0259 qohumlar\u0131na d\u0259st\u0259k olmaq \u00fc\u00e7\u00fcn q\u00fcll\u0259nin\u00a0i\u015f\u0131qlar\u0131 saat 00:00-da s\u00f6nd\u00fcr\u00fcl\u00fcb. View image on Twitter Anne Hidalgo \u2714@Anne_Hidalgo Nous \u00e9teindrons mercredi soir @LaTourEiffel \u00e0 minuit, en hommage aux victimes&hellip;","_links":{"self":[{"href":"https:\/\/arantv.az\/index.php?rest_route=\/wp\/v2\/posts\/27351"}],"collection":[{"href":"https:\/\/arantv.az\/index.php?rest_route=\/wp\/v2\/posts"}],"about":[{"href":"https:\/\/arantv.az\/index.php?rest_route=\/wp\/v2\/types\/post"}],"author":[{"embeddable":true,"href":"https:\/\/arantv.az\/index.php?rest_route=\/wp\/v2\/users\/2"}],"replies":[{"embeddable":true,"href":"https:\/\/arantv.az\/index.php?rest_route=%2Fwp%2Fv2%2Fcomments&post=27351"}],"version-history":[{"count":0,"href":"https:\/\/arantv.az\/index.php?rest_route=\/wp\/v2\/posts\/27351\/revisions"}],"wp:featuredmedia":[{"embeddable":true,"href":"https:\/\/arantv.az\/index.php?rest_route=\/wp\/v2\/media\/27352"}],"wp:attachment":[{"href":"https:\/\/arantv.az\/index.php?rest_route=%2Fwp%2Fv2%2Fmedia&parent=27351"}],"wp:term":[{"taxonomy":"category","embeddable":true,"href":"https:\/\/arantv.az\/index.php?rest_route=%2Fwp%2Fv2%2Fcategories&post=27351"},{"taxonomy":"post_tag","embeddable":true,"href":"https:\/\/arantv.az\/index.php?rest_route=%2Fwp%2Fv2%2Ftags&post=27351"}],"curies":[{"name":"wp","href":"https:\/\/api.w.org\/{rel}","templated":true}]}}