{"id":27354,"date":"2018-12-13T08:46:55","date_gmt":"2018-12-13T05:46:55","guid":{"rendered":"http:\/\/arantv.az\/?p=27354"},"modified":"2018-12-13T08:46:55","modified_gmt":"2018-12-13T05:46:55","slug":"turkiy%c9%99-v%c9%99t%c9%99ndasi-bakida-piyadani-vurdu","status":"publish","type":"post","link":"https:\/\/arantv.az\/?p=27354","title":{"rendered":"T\u00fcrkiy\u0259 v\u0259t\u0259nda\u015f\u0131 Bak\u0131da piyadan\u0131 vurdu"},"content":{"rendered":"<p><strong>Bak\u0131da T\u00fcrkiy\u0259 v\u0259t\u0259nda\u015f\u0131 q\u0259za t\u00f6r\u0259dib.<\/strong><\/p>\n<p><strong>ARANTV.AZ<\/strong> trend-\u0259 istinad\u0259n x\u0259b\u0259r verir ki, hadis\u0259 paytaxt\u0131n X\u0259tai rayonunda ba\u015f verib. Rayonun X.R\u00fcst\u0259mov k\u00fc\u00e7\u0259si, 7 sayl\u0131 \u00fcnvan\u0131n qar\u015f\u0131s\u0131nda T\u00fcrkiy\u0259 v\u0259t\u0259nda\u015f\u0131, 1981-ci il t\u0259v\u0259ll\u00fcdl\u00fc \u00c7elik Sinan \u0130mam o\u011flu idar\u0259 etdiyi &#8220;Audi&#8221; markal\u0131 90-GX-991 d\u00f6vl\u0259t n\u00f6mr\u0259 ni\u015fanl\u0131 avtomobill\u0259 yolu ke\u00e7\u0259n Bak\u0131 \u015f\u0259h\u0259r sakini, 1960-c\u0131 il t\u0259v\u0259ll\u00fcdl\u00fc Mehdiyeva G\u00fcl\u0259z\u0259r Qism\u0259t q\u0131z\u0131n\u0131 vurub.<\/p>\n<p>Yaral\u0131 qapal\u0131 k\u0259ll\u0259-beyin travmas\u0131 il\u0259 x\u0259st\u0259xanaya yerl\u0259\u015fdirilib.<\/p>\n<p>Faktla ba\u011fl\u0131 ara\u015fd\u0131rma apar\u0131l\u0131r.<\/p>\n","protected":false},"excerpt":{"rendered":"<p>Bak\u0131da T\u00fcrkiy\u0259 v\u0259t\u0259nda\u015f\u0131 q\u0259za t\u00f6r\u0259dib. ARANTV.AZ trend-\u0259 istinad\u0259n x\u0259b\u0259r verir ki, hadis\u0259 paytaxt\u0131n X\u0259tai rayonunda ba\u015f verib. Rayonun X.R\u00fcst\u0259mov k\u00fc\u00e7\u0259si, 7 sayl\u0131 \u00fcnvan\u0131n qar\u015f\u0131s\u0131nda T\u00fcrkiy\u0259 v\u0259t\u0259nda\u015f\u0131, 1981-ci il t\u0259v\u0259ll\u00fcdl\u00fc \u00c7elik Sinan \u0130mam o\u011flu idar\u0259 etdiyi &#8220;Audi&#8221; markal\u0131 90-GX-991 d\u00f6vl\u0259t n\u00f6mr\u0259 ni\u015fanl\u0131 avtomobill\u0259 yolu ke\u00e7\u0259n Bak\u0131 \u015f\u0259h\u0259r sakini, 1960-c\u0131 il t\u0259v\u0259ll\u00fcdl\u00fc Mehdiyeva G\u00fcl\u0259z\u0259r Qism\u0259t q\u0131z\u0131n\u0131 vurub. Yaral\u0131 qapal\u0131 k\u0259ll\u0259-beyin travmas\u0131 il\u0259 x\u0259st\u0259xanaya yerl\u0259\u015fdirilib. Faktla ba\u011fl\u0131 ara\u015fd\u0131rma apar\u0131l\u0131r.<\/p>\n","protected":false},"author":2,"featured_media":27355,"comment_status":"closed","ping_status":"closed","sticky":false,"template":"","format":"standard","meta":{"om_disable_all_campaigns":false,"_monsterinsights_skip_tracking":false,"_monsterinsights_sitenote_active":false,"_monsterinsights_sitenote_note":"","_monsterinsights_sitenote_category":0},"categories":[5],"tags":[],"aioseo_notices":[],"gutentor_comment":0,"rttpg_featured_image_url":{"full":["https:\/\/arantv.az\/wp-content\/uploads\/2018\/12\/712131.jpg",587,440,false],"landscape":["https:\/\/arantv.az\/wp-content\/uploads\/2018\/12\/712131.jpg",587,440,false],"portraits":["https:\/\/arantv.az\/wp-content\/uploads\/2018\/12\/712131.jpg",587,440,false],"thumbnail":["https:\/\/arantv.az\/wp-content\/uploads\/2018\/12\/712131-150x150.jpg",150,150,true],"medium":["https:\/\/arantv.az\/wp-content\/uploads\/2018\/12\/712131-300x225.jpg",300,225,true],"large":["https:\/\/arantv.az\/wp-content\/uploads\/2018\/12\/712131.jpg",587,440,false],"1536x1536":["https:\/\/arantv.az\/wp-content\/uploads\/2018\/12\/712131.jpg",587,440,false],"2048x2048":["https:\/\/arantv.az\/wp-content\/uploads\/2018\/12\/712131.jpg",587,440,false],"post-thumbnail":["https:\/\/arantv.az\/wp-content\/uploads\/2018\/12\/712131-240x172.jpg",240,172,true],"advps-thumb-one":["https:\/\/arantv.az\/wp-content\/uploads\/2018\/12\/712131.jpg",587,440,false]},"rttpg_author":{"display_name":"V\u00fcsal Rafiqo\u011flu","author_link":"https:\/\/arantv.az\/?author=2"},"rttpg_comment":0,"rttpg_category":"<a href=\"https:\/\/arantv.az\/?cat=5\" rel=\"category\">Hadis\u0259<\/a>","rttpg_excerpt":"Bak\u0131da T\u00fcrkiy\u0259 v\u0259t\u0259nda\u015f\u0131 q\u0259za t\u00f6r\u0259dib. ARANTV.AZ trend-\u0259 istinad\u0259n x\u0259b\u0259r verir ki, hadis\u0259 paytaxt\u0131n X\u0259tai rayonunda ba\u015f verib. Rayonun X.R\u00fcst\u0259mov k\u00fc\u00e7\u0259si, 7 sayl\u0131 \u00fcnvan\u0131n qar\u015f\u0131s\u0131nda T\u00fcrkiy\u0259 v\u0259t\u0259nda\u015f\u0131, 1981-ci il t\u0259v\u0259ll\u00fcdl\u00fc \u00c7elik Sinan \u0130mam o\u011flu idar\u0259 etdiyi &#8220;Audi&#8221; markal\u0131 90-GX-991 d\u00f6vl\u0259t n\u00f6mr\u0259 ni\u015fanl\u0131 avtomobill\u0259 yolu ke\u00e7\u0259n Bak\u0131 \u015f\u0259h\u0259r sakini, 1960-c\u0131 il t\u0259v\u0259ll\u00fcdl\u00fc Mehdiyeva G\u00fcl\u0259z\u0259r Qism\u0259t q\u0131z\u0131n\u0131 vurub.&hellip;","_links":{"self":[{"href":"https:\/\/arantv.az\/index.php?rest_route=\/wp\/v2\/posts\/27354"}],"collection":[{"href":"https:\/\/arantv.az\/index.php?rest_route=\/wp\/v2\/posts"}],"about":[{"href":"https:\/\/arantv.az\/index.php?rest_route=\/wp\/v2\/types\/post"}],"author":[{"embeddable":true,"href":"https:\/\/arantv.az\/index.php?rest_route=\/wp\/v2\/users\/2"}],"replies":[{"embeddable":true,"href":"https:\/\/arantv.az\/index.php?rest_route=%2Fwp%2Fv2%2Fcomments&post=27354"}],"version-history":[{"count":0,"href":"https:\/\/arantv.az\/index.php?rest_route=\/wp\/v2\/posts\/27354\/revisions"}],"wp:featuredmedia":[{"embeddable":true,"href":"https:\/\/arantv.az\/index.php?rest_route=\/wp\/v2\/media\/27355"}],"wp:attachment":[{"href":"https:\/\/arantv.az\/index.php?rest_route=%2Fwp%2Fv2%2Fmedia&parent=27354"}],"wp:term":[{"taxonomy":"category","embeddable":true,"href":"https:\/\/arantv.az\/index.php?rest_route=%2Fwp%2Fv2%2Fcategories&post=27354"},{"taxonomy":"post_tag","embeddable":true,"href":"https:\/\/arantv.az\/index.php?rest_route=%2Fwp%2Fv2%2Ftags&post=27354"}],"curies":[{"name":"wp","href":"https:\/\/api.w.org\/{rel}","templated":true}]}}