{"id":27364,"date":"2018-12-13T08:54:02","date_gmt":"2018-12-13T05:54:02","guid":{"rendered":"http:\/\/arantv.az\/?p=27364"},"modified":"2018-12-13T08:54:02","modified_gmt":"2018-12-13T05:54:02","slug":"az%c9%99rbaycan-xalqi-ulu-ond%c9%99r-heyd%c9%99r-%c9%99liyevin-xatir%c9%99sini-ehtiramla-yad-edib","status":"publish","type":"post","link":"https:\/\/arantv.az\/?p=27364","title":{"rendered":"Az\u0259rbaycan xalq\u0131 ulu \u00f6nd\u0259r Heyd\u0259r \u018fliyevin xatir\u0259sini ehtiramla yad edib"},"content":{"rendered":"<p><strong>ARANTV.AZ<\/strong> x\u0259b\u0259r verir ki, dekabr\u0131n 12-d\u0259 Az\u0259rbaycan xalq\u0131 ulu \u00f6nd\u0259r Heyd\u0259r \u018fliyevin xatir\u0259sini ehtiramla yad edib.<\/p>\n<p>S\u0259h\u0259r saatlar\u0131ndan ba\u015flayaraq, insanlar ax\u0131n-ax\u0131n F\u0259xri xiyabana g\u0259l\u0259r\u0259k \u00dcmummilli Liderin m\u0259zar\u0131 \u00f6n\u00fcnd\u0259n ke\u00e7ir, onun ruhu qar\u015f\u0131s\u0131nda ba\u015f \u0259yirdil\u0259r. F\u0259xri xiyabanda ya\u015fanan izdiham, el\u0259c\u0259 d\u0259 b\u00fct\u00fcn b\u00f6lg\u0259l\u0259rd\u0259 ke\u00e7iril\u0259n an\u0131m m\u0259rasiml\u0259ri xalq\u0131n \u00f6z b\u00f6y\u00fck o\u011fluna t\u00fck\u0259nm\u0259z m\u0259h\u0259bb\u0259tini t\u0259c\u0259ss\u00fcm etdirirdi.<\/p>\n<p>Az\u0259rbaycan\u0131n m\u00fcasir tarixi, milli d\u00f6vl\u0259t\u00e7iliyimizin t\u0259\u015f\u0259kk\u00fcl\u00fc bu dahi \u015f\u0259xsiyy\u0259tin ad\u0131 il\u0259 s\u0131x ba\u011fl\u0131d\u0131r. Xalq\u0131m\u0131z b\u00fct\u00fcn h\u0259yat\u0131n\u0131 Az\u0259rbaycan\u0131n t\u0259r\u0259qqisin\u0259 h\u0259sr etmi\u015f \u00dcmummilli Liderinin misilsiz xidm\u0259tl\u0259rini h\u0259r zaman minn\u0259tdarl\u0131q hissl\u0259ri il\u0259 xat\u0131rlay\u0131r.<\/p>\n<p>Bu fikirl\u0259r an\u0131m m\u0259rasiml\u0259rind\u0259 i\u015ftirak ed\u0259n insanlar t\u0259r\u0259find\u0259n\u00a0d\u00f6n\u0259-d\u00f6n\u0259 vur\u011fulan\u0131b. Onlar m\u00fcasir tariximizd\u0259 silinm\u0259z iz qoymu\u015f bu dahi \u015f\u0259xsiyy\u0259t haqq\u0131nda \u00fcr\u0259k s\u00f6zl\u0259rini dil\u0259 g\u0259tirib, xatir\u0259l\u0259rini b\u00f6l\u00fc\u015f\u00fcb, \u00dcmummilli Liderin parlaq xatir\u0259sinin yadda\u015flarda daim ya\u015fayaca\u011f\u0131na \u0259minlikl\u0259rini bildiribl\u0259r.<\/p>\n<p><strong>Dini Qurumlarla \u0130\u015f \u00fczr\u0259 D\u00f6vl\u0259t Komit\u0259sinin \u0259m\u0259kda\u015f\u0131 Anar \u018fliyev:<\/strong>\u00a0\u201c\u00dcmummilli lider Heyd\u0259r \u018fliyev Az\u0259rbaycana sabitlik, \u0259min-amanl\u0131q, firavanl\u0131q b\u0259x\u015f edib. Bu g\u00fcn Az\u0259rbaycanda m\u00fcxt\u0259lif mill\u0259tl\u0259r\u0259, dinl\u0259r\u0259 m\u0259nsub insanlar dinc yana\u015f\u0131, s\u00fclh \u015f\u0259raitind\u0259 ya\u015fay\u0131rlar. Ulu \u00d6nd\u0259rin h\u0259yata ke\u00e7irdiyi siyas\u0259td\u0259 tolerantl\u0131q h\u0259r zaman diqq\u0259t m\u0259rk\u0259zind\u0259 olub. B\u00fct\u00fcn dini konfessiyalara eyni m\u00fcnasib\u0259t g\u00f6st\u0259rilm\u0259si, m\u00fcxt\u0259lif dinl\u0259r\u0259 v\u0259 xalqlara f\u0259rq qoyulmamas\u0131 bu siyas\u0259tin g\u00f6st\u0259ricisidir. Az\u0259rbaycanda tolerantl\u0131\u011f\u0131 d\u00f6vl\u0259t siyas\u0259ti s\u0259viyy\u0259sin\u0259 qald\u0131ran Heyd\u0259r \u018fliyevin \u00f6lk\u0259mizd\u0259 multikulturalizmin inki\u015faf\u0131 sah\u0259sind\u0259 xidm\u0259tl\u0259ri b\u00f6y\u00fckd\u00fcr. Ulu \u00d6nd\u0259rin bu siyas\u0259ti haz\u0131rda Prezident \u0130lham \u018fliyev t\u0259r\u0259find\u0259n u\u011furla davam etdirilir. Bu g\u00fcn Az\u0259rbaycan\u0131n tolerantl\u0131q modeli d\u00fcnya miqyas\u0131nda y\u00fcks\u0259k qiym\u0259tl\u0259ndirilir.<\/p>\n<p>Ulu \u00f6nd\u0259r Heyd\u0259r \u018fliyevin Az\u0259rbaycana r\u0259hb\u0259rlik etdiyi d\u00f6vrl\u0259rd\u0259 milli-m\u0259n\u0259vi d\u0259y\u0259rl\u0259r\u0259 m\u00fcnasib\u0259t k\u00f6kl\u00fc \u015f\u0259kild\u0259 d\u0259yi\u015fib. Bu z\u0259ngin irsin qorunmas\u0131na d\u00f6vl\u0259t s\u0259viyy\u0259sind\u0259 b\u00f6y\u00fck qay\u011f\u0131 v\u0259 diqq\u0259t g\u00f6st\u0259rilir, m\u0259scidl\u0259r, kils\u0259l\u0259r, sinaqoqlar b\u0259rpa olunur, yenil\u0259ri tikilir. Bizim borcumuz bu tolerantl\u0131\u011f\u0131n qorunmas\u0131na v\u0259 g\u0259l\u0259c\u0259k n\u0259sill\u0259r\u0259 \u00f6t\u00fcr\u00fclm\u0259sin\u0259 t\u00f6hf\u0259l\u0259r verm\u0259kdir\u201d.<\/p>\n<p><strong>G\u0259nc Tama\u015fa\u00e7\u0131lar Teatr\u0131n\u0131n aktrisas\u0131, Xalq artisti L\u0259tif\u0259 \u018fliyeva:<\/strong>\u00a0\u201cHeyd\u0259r \u018fliyev h\u0259r bir az\u0259rbaycanl\u0131n\u0131n lideri olub. Onun xidm\u0259tl\u0259ri, xalq\u0131, v\u0259t\u0259ni \u00fc\u00e7\u00fcn etdikl\u0259ri he\u00e7 vaxt unudulmayacaq. Ulu \u00d6nd\u0259rimiz dig\u0259r sah\u0259l\u0259r kimi, inc\u0259s\u0259n\u0259t\u0259, m\u0259d\u0259niyy\u0259t\u0259 d\u0259 x\u00fcsusi diqq\u0259t yetirirdi. O, m\u0259d\u0259niyy\u0259t xadiml\u0259rini h\u0259mi\u015f\u0259 y\u00fcks\u0259k d\u0259y\u0259rl\u0259ndirir, onlar\u0131n qay\u011f\u0131s\u0131na qal\u0131rd\u0131. Heyd\u0259r \u018fliyev m\u0259d\u0259niyy\u0259timizin, milli-m\u0259n\u0259vi d\u0259y\u0259rl\u0259rimizin beyn\u0259lxalq al\u0259md\u0259 tan\u0131d\u0131lmas\u0131nda \u0259v\u0259zsiz xidm\u0259tl\u0259r g\u00f6st\u0259rib. M\u0259d\u0259niyy\u0259t v\u0259 inc\u0259s\u0259n\u0259timizin bug\u00fcnk\u00fc y\u00fcks\u0259k s\u0259viyy\u0259sin\u0259 g\u00f6r\u0259 biz bu m\u00fcdrik insana borcluyuq. Ulu \u00d6nd\u0259rimizin layiqli davam\u00e7\u0131s\u0131 Prezident \u0130lham \u018fliyev d\u0259 bizd\u0259n qay\u011f\u0131s\u0131n\u0131 \u0259sirg\u0259mir. Dahi lider\u0259 q\u0259lbimd\u0259 t\u00fck\u0259nm\u0259y\u0259n sevgi var. Allahdan Ulu \u00d6nd\u0259r\u0259 r\u0259hm\u0259t dil\u0259yir, d\u00f6vl\u0259timizin ba\u015f\u00e7\u0131s\u0131na da f\u0259aliyy\u0259tind\u0259 u\u011furlar arzulay\u0131ram\u201d.<\/p>\n<p><strong>G\u0259nc h\u0259kim L\u0259man S\u00fcleymanova:<\/strong>\u00a0\u201cHeyd\u0259r \u018fliyevin Az\u0259rbaycana r\u0259hb\u0259rlik etdiyi h\u0259r iki d\u00f6vrd\u0259 s\u0259hiyy\u0259mizin inki\u015faf\u0131, x\u00fcsus\u0259n maddi-texniki bazas\u0131n\u0131n g\u00fccl\u0259ndirilm\u0259si istiqam\u0259tind\u0259 xeyli i\u015fl\u0259r g\u00f6r\u00fcl\u00fcb. Yeni tibb m\u00fc\u0259ssis\u0259l\u0259ri tikilib, yaxud \u0259sasl\u0131 sur\u0259td\u0259 yenid\u0259n qurulub, bir \u00e7ox s\u0259hiyy\u0259 ocaqlar\u0131 m\u00fcasir avadanl\u0131q v\u0259 cihazlarla t\u0259chiz edilib. Ulu \u00d6nd\u0259r insanlar\u0131n sa\u011flaml\u0131\u011f\u0131na, s\u0259hiyy\u0259nin v\u0259 tibb elminin inki\u015faf\u0131na, savadl\u0131, pe\u015f\u0259kar h\u0259kim kadrlar\u0131n\u0131n haz\u0131rlanmas\u0131na x\u00fcsusi diqq\u0259t yetirirdi. Odur ki, h\u0259r birimiz \u00f6lk\u0259mizin h\u0259rt\u0259r\u0259fli inki\u015faf\u0131na g\u00f6r\u0259 \u00fcmummilli lider Heyd\u0259r \u018fliyev\u0259 borcluyuq. G\u0259ncl\u0259r\u0259 daim diqq\u0259t g\u00f6st\u0259r\u0259n, onlar\u0131n qay\u011f\u0131s\u0131na qalan, probleml\u0259rinin h\u0259llin\u0259 \u00e7al\u0131\u015fan \u00dcmummilli Lider g\u0259ncliy\u0259 b\u00f6y\u00fck \u00fcmidl\u0259r b\u0259sl\u0259yirdi. D\u00f6n\u0259-d\u00f6n\u0259 qeyd edirdi ki, Az\u0259rbaycan\u0131n g\u0259l\u0259c\u0259yi g\u0259ncl\u0259rin \u0259lind\u0259dir. O, respublikaya r\u0259hb\u0259rliyinin b\u00fct\u00fcn d\u00f6vrl\u0259rind\u0259 sa\u011flam, bu d\u00f6vl\u0259t\u0259 sahib \u00e7\u0131xa bil\u0259c\u0259k g\u0259nc n\u0259slin yeti\u015fdirilm\u0259sini \u0259n m\u00fch\u00fcm v\u0259zif\u0259l\u0259rd\u0259n biri hesab edirdi. Biz g\u0259ncl\u0259r b\u00fct\u00fcn q\u00fcvv\u0259mizl\u0259 \u00fcmummilli lider Heyd\u0259r \u018fliyevin \u00fcmidl\u0259rini do\u011frultma\u011fa \u00e7al\u0131\u015f\u0131r, bunu \u00f6z\u00fcm\u00fcz\u0259 borc bilirik\u201d.<\/p>\n<p><strong>Respublika Veteranlar\u0131 T\u0259\u015fkilat\u0131n\u0131n s\u0259dr m\u00fcavini C\u0259lil X\u0259lilov:<\/strong>\u00a0\u201cUlu \u00d6nd\u0259rin iqtisadiyyat\u0131n g\u00fccl\u0259nm\u0259sind\u0259, ordu quruculu\u011funda v\u0259 \u00f6lk\u0259mizin d\u00fcnyada tan\u0131nmas\u0131nda m\u00fcst\u0259sna xidm\u0259tl\u0259ri olub. Onun m\u0259qs\u0259dy\u00f6nl\u00fc siyas\u0259ti n\u0259tic\u0259sind\u0259 pe\u015f\u0259kar h\u0259rbi kadrlar yeti\u015fib, veteranlar h\u0259rt\u0259r\u0259fli qay\u011f\u0131 il\u0259 \u0259hat\u0259 edilib. Az\u0259rbaycanda B\u00f6y\u00fck V\u0259t\u0259n m\u00fcharib\u0259si veteranlar\u0131na x\u00fcsusi diqq\u0259t v\u0259 qay\u011f\u0131 il\u0259 yana\u015f\u0131l\u0131r. Ulu \u00d6nd\u0259r veteranlar\u0131n probleml\u0259rini daim diqq\u0259t m\u0259rk\u0259zind\u0259 saxlay\u0131b v\u0259 onlar\u0131n h\u0259lli \u00fc\u00e7\u00fcn t\u0259dbirl\u0259r g\u00f6r\u00fcb. Odur ki, g\u00f6rk\u0259mli siyas\u0259t\u00e7i Heyd\u0259r \u018fliyevin xatir\u0259sini b\u00fct\u00fcn xalq\u0131m\u0131z kimi, veteranlar da daim \u0259ziz tutur. Haz\u0131rda bu siyas\u0259t Prezident \u0130lham \u018fliyev t\u0259r\u0259find\u0259n u\u011furla davam etdirilir. Dahi \u015f\u0259xsiyy\u0259tin m\u00fcasir Az\u0259rbaycan Ordusunun strukturunun, ixtisasla\u015fd\u0131r\u0131lm\u0131\u015f ali h\u0259rbi m\u0259kt\u0259bl\u0259rin yarad\u0131lmas\u0131 sah\u0259sind\u0259 g\u00f6rd\u00fcy\u00fc b\u00f6y\u00fck i\u015fl\u0259ri xat\u0131rlatmaq ist\u0259rdim. Vaxtil\u0259 Heyd\u0259r \u018fliyevin ali h\u0259rbi m\u0259kt\u0259bl\u0259r\u0259 g\u00f6nd\u0259rdiyi g\u0259ncl\u0259r m\u00fcst\u0259qilliyin b\u0259rpas\u0131ndan sonra Silahl\u0131 Q\u00fcvv\u0259l\u0259rin formala\u015fmas\u0131nda m\u00fch\u00fcm rol oynay\u0131blar. Haz\u0131rda Silahl\u0131 Q\u00fcvv\u0259l\u0259rimiz regionun \u0259n q\u00fcdr\u0259tli ordusuna \u00e7evrilib. \u0130kinci D\u00fcnya m\u00fcharib\u0259si veteranlar\u0131 ulu \u00f6nd\u0259r Heyd\u0259r \u018fliyevin bu misilsiz xidm\u0259tl\u0259rini unutmurlar v\u0259 unutmayacaqlar\u201d.<\/p>\n<p><strong>Qaraba\u011f m\u00fcharib\u0259si \u0259lili X\u0259yyam K\u0259rimov:<\/strong>\u00a0\u201cUlu \u00d6nd\u0259rin siyas\u0259tind\u0259 \u0259lill\u0259r\u0259, veteranlara, \u015f\u0259hid ail\u0259l\u0259rin\u0259 qay\u011f\u0131 x\u00fcsusi yer tuturdu. G\u00f6rk\u0259mli d\u00f6vl\u0259t xadiminin siyasi kursunu u\u011furla davam etdir\u0259n Prezident \u0130lham \u018fliyev d\u0259 sosial m\u00fcdafi\u0259y\u0259 ehtiyac\u0131 olan insanlar\u0131n maddi rifah\u0131n\u0131n yax\u015f\u0131la\u015fd\u0131r\u0131lmas\u0131 m\u0259qs\u0259dil\u0259 t\u0259dbirl\u0259r g\u00f6r\u00fcr. Bu g\u00fcn \u00fcmummilli lider Heyd\u0259r \u018fliyevin an\u0131m g\u00fcn\u00fcd\u00fcr. M\u0259n d\u0259 dig\u0259r h\u0259mv\u0259t\u0259nl\u0259rim kimi, Ulu \u00d6nd\u0259rin m\u0259zar\u0131n\u0131 ziyar\u0259t etm\u0259yi \u00f6z\u00fcm\u0259 borc bilir\u0259m. \u018flill\u0259r, fiziki m\u0259hdudiyy\u0259tli insanlar onun qay\u011f\u0131 v\u0259 diqq\u0259tini h\u0259r zaman hiss edirdi. Dahi liderin v\u0259fat\u0131 bizi \u00e7ox k\u0259d\u0259rl\u0259ndirdi. Lakin o, \u00f6z xidm\u0259tl\u0259ri il\u0259 xalq\u0131n yadda\u015f\u0131nda \u00f6lm\u0259zliy\u0259 qovu\u015fdu. Az\u0259rbaycan xalq\u0131 \u00f6z \u00dcmummilli Liderinin xatir\u0259sini h\u0259r zaman q\u0259lbind\u0259 ya\u015fadacaq\u201d.<\/p>\n<p><strong>Az\u0259rbaycan D\u00f6vl\u0259t Pedaqoji Universitetinin ba\u015f m\u00fc\u0259llimi Samir Bax\u015f\u0259liyev:<\/strong>\u00a0\u201cAz\u0259rbaycan xalq\u0131n\u0131n \u00fcmummilli lideri, g\u00f6rk\u0259mli ictimai-siyasi xadim Heyd\u0259r \u018fliyev d\u00f6vl\u0259t\u00e7ilik f\u0259aliyy\u0259tind\u0259 t\u0259hsil\u0259 x\u00fcsusi diqq\u0259t g\u00f6st\u0259rir, t\u0259hsil\u0259 mill\u0259tin g\u0259l\u0259c\u0259yi kimi bax\u0131rd\u0131. Ulu \u00d6nd\u0259r t\u0259hsilin m\u0259zmununun, s\u0259m\u0259r\u0259li t\u0259\u015fkilinin d\u00f6vl\u0259tin h\u0259rt\u0259r\u0259fli inki\u015faf\u0131nda h\u0259lledici rol oynad\u0131\u011f\u0131n\u0131, m\u00fc\u0259llim \u0259m\u0259yinin y\u00fcks\u0259k d\u0259y\u0259rini d\u00f6n\u0259-d\u00f6n\u0259 vur\u011fulay\u0131r, savadl\u0131 g\u0259nc n\u0259sil yeti\u015fdirilm\u0259si istiqam\u0259tind\u0259 davaml\u0131 v\u0259 sistemli t\u0259dbirl\u0259r h\u0259yata ke\u00e7irirdi. Az\u0259rbaycana r\u0259hb\u0259rlik etdiyi h\u0259r iki d\u00f6vrd\u0259 t\u0259hsil\u0259, t\u0259lim-t\u0259rbiy\u0259y\u0259 strateji sah\u0259 kimi yana\u015f\u0131rd\u0131. M\u00fc\u0259llimlik pe\u015f\u0259sin\u0259 y\u00fcks\u0259k qiym\u0259t ver\u0259n Heyd\u0259r \u018fliyev deyirdi ki, \u00f6z\u00fcn\u00fc m\u00fc\u0259llimliy\u0259 h\u0259sr etmi\u015f insan \u0259n \u015f\u0259r\u0259fli insand\u0131r. Ulu \u00d6nd\u0259r m\u00fcst\u0259qillik ill\u0259rinin \u0259vv\u0259ll\u0259rind\u0259n yeni t\u0259hsil sistemin\u0259 ke\u00e7idi \u0259n m\u00fch\u00fcm v\u0259zif\u0259 kimi qar\u015f\u0131ya qoymu\u015fdu. H\u0259min d\u00f6vrd\u0259 t\u0259hsil sistemind\u0259 ged\u0259n prosesl\u0259r\u0259 n\u0259z\u0259r salanda g\u00f6r\u00fcr\u00fck ki, yeni m\u0259kt\u0259b binalar\u0131n\u0131n in\u015fas\u0131, maddi-texniki bazan\u0131n m\u00f6hk\u0259ml\u0259ndirilm\u0259si, t\u0259drisin d\u00fcnya t\u0259hsil sistemin\u0259 inteqrasiyas\u0131 Heyd\u0259r \u018fliyevin diqq\u0259t m\u0259rk\u0259zind\u0259 idi. Ulu \u00d6nd\u0259rin t\u0259hsil sistemind\u0259 apard\u0131\u011f\u0131 k\u00f6kl\u00fc islahatlar t\u0259drisi yeni m\u0259rh\u0259l\u0259y\u0259 y\u00fcks\u0259ltdi. Bu g\u00fcn ulu \u00f6nd\u0259r Heyd\u0259r \u018fliyevin t\u0259hsil siyas\u0259ti Az\u0259rbaycan Prezidenti \u0130lham \u018fliyev v\u0259 Birinci vitse-prezident Mehriban \u018fliyeva t\u0259r\u0259find\u0259n u\u011furla davam etdirilir. Neft g\u0259lirl\u0259rinin insan kapital\u0131na y\u00f6n\u0259ldilm\u0259si sosial-iqtisadi islahatlar\u0131n davaml\u0131l\u0131\u011f\u0131na v\u0259 tarazl\u0131 inki\u015fafa xidm\u0259t edir\u201d.<\/p>\n<p><strong>T\u00fcrkiy\u0259nin Az\u0259rbaycandak\u0131 s\u0259firi Erkan \u00d6zoral:<\/strong>\u00a0\u201cHeyd\u0259r \u018fliyev t\u00fcrk d\u00fcnyas\u0131n\u0131n \u0259n b\u00f6y\u00fck liderl\u0259rind\u0259n biridir. Ulu \u00f6nd\u0259r Heyd\u0259r \u018fliyevin g\u00fccl\u00fc siyasi irad\u0259si n\u0259tic\u0259sind\u0259 Az\u0259rbaycan q\u0131sa zamanda b\u00f6y\u00fck yol ke\u00e7ib, \u00e7ox m\u00fch\u00fcm m\u00f6vqey\u0259 g\u0259lib \u00e7at\u0131b. Dahi \u015f\u0259xsiyy\u0259t Heyd\u0259r \u018fliyevin say\u0259sind\u0259 Az\u0259rbaycan beyn\u0259lxalq arenada \u00f6z s\u00f6z\u00fcn\u00fc dey\u0259n, \u00f6z m\u00f6vqeyi olan bir \u00f6lk\u0259y\u0259 \u00e7evrilib. \u00dcmummilli Lider\u0259 T\u00fcrkiy\u0259d\u0259 d\u0259 \u00e7ox b\u00f6y\u00fck d\u0259y\u0259r verilir. T\u00fcrkiy\u0259nin h\u0259r bir b\u00f6lg\u0259sind\u0259 onun xatir\u0259sini \u0259b\u0259dil\u0259\u015fdir\u0259n parklar, abid\u0259l\u0259r var. Bu, Heyd\u0259r \u018fliyevin h\u0259qiq\u0259t\u0259n d\u0259 b\u00f6y\u00fck \u015f\u0259xsiyy\u0259t oldu\u011funun g\u00f6st\u0259ricisidir. O, Az\u0259rbaycan\u0131n b\u00f6y\u00fck lideri olmaqla yana\u015f\u0131, bu \u00f6lk\u0259nin qurucusudur. Heyd\u0259r \u018fliyev Az\u0259rbaycan\u0131n h\u0259l\u0259 Sovet \u0130ttifaq\u0131n\u0131n t\u0259rkibind\u0259 oldu\u011fu vaxtlardan \u00f6z \u00f6lk\u0259sinin g\u0259l\u0259c\u0259yini qurma\u011fa ba\u015flam\u0131\u015fd\u0131. O, Az\u0259rbaycan m\u00fcst\u0259qilliyini b\u0259rpa etdikd\u0259n sonra da \u0259n \u00e7\u0259tin g\u00fcnl\u0259rd\u0259 \u00f6lk\u0259sin\u0259 sahib \u00e7\u0131xaraq bug\u00fcnk\u00fc s\u0259viyy\u0259y\u0259 g\u0259tir\u0259n bir liderdir\u201d.<\/p>\n<p>\u00d6t\u0259n g\u00fcn t\u0259kc\u0259 paytaxtda deyil, Az\u0259rbaycan\u0131n b\u00fct\u00fcn b\u00f6lg\u0259l\u0259rind\u0259, h\u0259m\u00e7inin xarici \u00f6lk\u0259l\u0259rd\u0259 ulu \u00f6nd\u0259r Heyd\u0259r \u018fliyevin xatir\u0259sin\u0259 h\u0259sr edilmi\u015f izdihaml\u0131 an\u0131m m\u0259rasiml\u0259ri ke\u00e7irilib. M\u0259rasim i\u015ftirak\u00e7\u0131lar\u0131n\u0131n bir qrupu\u00a0Ulu \u00d6nd\u0259rin V\u0259t\u0259ni v\u0259 xalq\u0131 qar\u015f\u0131s\u0131nda misilsiz xidm\u0259tl\u0259rini xat\u0131rlad\u0131b, bununla ba\u011fl\u0131 fikirl\u0259rini b\u00f6l\u00fc\u015f\u00fcbl\u0259r.<\/p>\n<p><strong>A\u011fdam rayon X\u0131nd\u0131r\u0131stan k\u0259nd sakini Ayb\u0259niz C\u0259f\u0259rova:<\/strong>\u00a0\u201cUlu \u00f6nd\u0259r Heyd\u0259r \u018fliyevin 1970-ci ild\u0259 k\u0259ndimiz\u0259 g\u0259li\u015fini indi d\u0259 xat\u0131rlay\u0131ram. O vaxt kolxoza atam r\u0259hb\u0259rlik edirdi. H\u0259min g\u00f6r\u00fc\u015f \u00e7ox yax\u015f\u0131 yad\u0131mdad\u0131r v\u0259 h\u0259yat\u0131m\u0131n \u0259n qiym\u0259tli xatir\u0259sidir. Heyd\u0259r \u018fliyevin rayona s\u0259f\u0259rl\u0259ri zaman\u0131 \u00e7\u0259kilmi\u015f foto\u015f\u0259kill\u0259ri evimizin \u00e7ox d\u0259y\u0259rli xatir\u0259si kimi saxlay\u0131ram. Rayonumuz i\u015f\u011fal olunanda biz ilk olaraq onlar\u0131 g\u00f6t\u00fcrd\u00fck. Sonra h\u0259min foto\u015f\u0259kill\u0259ri Quzanl\u0131 q\u0259s\u0259b\u0259sind\u0259ki Heyd\u0259r \u018fliyev M\u0259rk\u0259zin\u0259 verdik. Heyd\u0259r \u018fliyev kimi tarixi \u015f\u0259xsiyy\u0259ti yax\u0131ndan g\u00f6rd\u00fcy\u00fcm \u00fc\u00e7\u00fcn \u00f6z\u00fcm\u00fc xo\u015fb\u0259xt hesab edir\u0259m\u201d.<\/p>\n<p><strong>Xa\u00e7maz Rayon A\u011fsaqqallar \u015euras\u0131n\u0131n s\u0259dri \u018fli Mustafayev:<\/strong>\u00a0\u201cM\u00fcst\u0259qillik d\u00f6vr\u00fcnd\u0259 \u00f6lk\u0259mizd\u0259 h\u0259yata ke\u00e7iril\u0259n aqrar siyas\u0259tin \u0259sas\u0131 ulu \u00f6nd\u0259r Heyd\u0259r \u018fliyev t\u0259r\u0259find\u0259n qoyulub. M\u0259n uzun ill\u0259r aqrar sah\u0259d\u0259 m\u00fct\u0259x\u0259ssis kimi \u00e7al\u0131\u015fm\u0131\u015fam. Aqrar sektor Az\u0259rbaycan iqtisadiyyat\u0131nda daim \u00f6n\u0259mli rol oynay\u0131b. Bu sah\u0259nin \u0259sasl\u0131 inki\u015faf\u0131 is\u0259 ulu \u00f6nd\u0259r Heyd\u0259r \u018fliyevin birinci hakimiyy\u0259ti ill\u0259rin\u0259 t\u0259sad\u00fcf edir. M\u0259hz h\u0259min d\u00f6vrd\u0259n etibar\u0259n \u00f6lk\u0259mizd\u0259 meyv\u0259\u00e7ilik, t\u0259r\u0259v\u0259z\u00e7ilik, pamb\u0131q\u00e7\u0131l\u0131q, \u00fcz\u00fcm\u00e7\u00fcl\u00fck v\u0259 k\u0259nd t\u0259s\u0259rr\u00fcfat\u0131n\u0131n dig\u0259r sah\u0259l\u0259ri inki\u015faf etm\u0259y\u0259 ba\u015flad\u0131. Rayonlarda ixtisasla\u015fma aqrar sah\u0259nin t\u0259r\u0259qqisin\u0259 yol a\u00e7d\u0131. Heyd\u0259r \u018fliyev hakimiyy\u0259t\u0259 g\u0259l\u0259nd\u0259n sonra ke\u00e7mi\u015f SSR\u0130-nin gerid\u0259 qalan \u00f6lk\u0259l\u0259ri s\u0131ras\u0131nda olan Az\u0259rbaycan qabaqc\u0131l respublikaya \u00e7evrildi. Ham\u0131m\u0131z \u015fahidiyik ki, 90-c\u0131 ill\u0259rin \u0259vv\u0259ll\u0259rind\u0259 \u00f6lk\u0259 iqtisadiyyat\u0131nda ya\u015fanan t\u0259n\u0259zz\u00fcl k\u0259nd t\u0259s\u0259rr\u00fcfat\u0131ndan da yan ke\u00e7m\u0259di. Olan-qalan emal, k\u0259nd t\u0259s\u0259rr\u00fcfat\u0131 m\u00fc\u0259ssis\u0259l\u0259ri m\u0259hv oldu. Heyd\u0259r \u018fliyev yenid\u0259n hakimiyy\u0259t\u0259 qay\u0131td\u0131qdan sonra torpaq islahat\u0131 h\u0259yata ke\u00e7irildi v\u0259 g\u0259l\u0259c\u0259k u\u011furlar\u0131n t\u0259m\u0259li qoyuldu. Haz\u0131rda Prezident \u0130lham \u018fliyev t\u0259r\u0259find\u0259n h\u0259yata ke\u00e7iril\u0259n d\u00fc\u015f\u00fcn\u00fclm\u00fc\u015f siyas\u0259t n\u0259tic\u0259sind\u0259 aqrar sektor keyfiyy\u0259tc\u0259 yeni inki\u015faf m\u0259rh\u0259l\u0259sin\u0259 q\u0259d\u0259m qoyub. O c\u00fcml\u0259d\u0259n Xa\u00e7maz da \u0259n b\u00f6y\u00fck k\u0259nd t\u0259s\u0259rr\u00fcfat\u0131 rayonu kimi bu inki\u015fafdan \u00f6z pay\u0131n\u0131 al\u0131r. Bu g\u00fcn fermerl\u0259r, sahibkarlar yax\u015f\u0131 g\u0259lir \u0259ld\u0259 edirl\u0259r. Buna g\u00f6r\u0259 ham\u0131m\u0131z Ulu \u00d6nd\u0259r\u0259 minn\u0259tdar\u0131q\u201d.<\/p>\n<p><strong>M\u0259d\u0259niyy\u0259t \u0130\u015f\u00e7il\u0259ri H\u0259mkarlar \u0130ttifaq\u0131 Zaqatala rayon komit\u0259sinin s\u0259dri Sona Qaz\u0131yeva:<\/strong>\u201cUlu \u00d6nd\u0259ri f\u0259rql\u0259ndir\u0259n ba\u015fl\u0131ca c\u0259h\u0259tl\u0259rd\u0259n biri sad\u0259liyi, do\u011fma V\u0259t\u0259nin\u0259, xalq\u0131na ba\u011fl\u0131l\u0131\u011f\u0131 idi. Bu dahi insanla 1972-ci ilin mart\u0131nda respublika komsomolunun 28-ci qurultay\u0131 \u00e7\u0259r\u00e7iv\u0259sind\u0259 ke\u00e7irilmi\u015f g\u00f6r\u00fc\u015f yadda\u015f\u0131mda d\u0259rin iz burax\u0131b. Qurultayda m\u0259n\u0259 d\u0259 s\u00f6z verildi. \u00c7\u0131x\u0131\u015f\u0131m\u0131 bitirdikd\u0259n sonra r\u0259yas\u0259t hey\u0259tind\u0259 \u0259yl\u0259\u015fmi\u015f ulu \u00f6nd\u0259r Heyd\u0259r \u018fliyev\u0259 m\u00fcraci\u0259t ed\u0259r\u0259k bac\u0131m Sevil Qaz\u0131yeva haqq\u0131nda yazd\u0131\u011f\u0131m \u015feiri oxumaq \u00fc\u00e7\u00fcn icaz\u0259 ist\u0259dim. Ulu \u00d6nd\u0259r g\u00fcl\u00fcms\u0259y\u0259r\u0259k soru\u015fdu: \u201cS\u0259n \u015feir d\u0259 yazma\u011f\u0131 bacar\u0131rsan?\u201d. \u015eeirim Ulu \u00d6nd\u0259rin xo\u015funa g\u0259ldi. H\u0259min qurultaydan az sonra \u00fcmummilli lider Heyd\u0259r \u018fliyevin tap\u015f\u0131r\u0131\u011f\u0131na \u0259sas\u0259n, \u00d6zb\u0259kistan\u0131n paytaxt\u0131 Da\u015fk\u0259ndd\u0259 ke\u00e7iril\u0259n pamb\u0131q\u00e7\u0131l\u0131q \u00fczr\u0259 \u00fcmumittifaq m\u00fc\u015favir\u0259sind\u0259 i\u015ftirak etdim. \u00d6t\u0259n \u0259srin 70-ci ill\u0259rind\u0259 minl\u0259rl\u0259 az\u0259rbaycanl\u0131 g\u0259nc kimi, m\u0259nim d\u0259 g\u0259l\u0259c\u0259k h\u0259yat yolumun m\u00fc\u0259yy\u0259nl\u0259\u015fdirilm\u0259sind\u0259, \u0259m\u0259yimin qiym\u0259tl\u0259ndirilm\u0259sind\u0259 Heyd\u0259r \u018fliyevin b\u00f6y\u00fck rolu olub. Bac\u0131m, m\u0259\u015fhur pamb\u0131q\u00e7\u0131, mexanizator, Sosialist \u018fm\u0259yi Q\u0259hr\u0259man\u0131 Sevil Qaz\u0131yevan\u0131n yolunu davam etdirm\u0259k \u00fc\u00e7\u00fcn Beyl\u0259qan rayonundak\u0131 5 n\u00f6mr\u0259li pamb\u0131q\u00e7\u0131l\u0131q sovxozunda i\u015f\u0259 ba\u015flad\u0131m. G\u0259ncl\u0259rd\u0259n ibar\u0259t briqada yaratd\u0131m. H\u0259min ill\u0259rd\u0259 Ulu \u00d6nd\u0259r Beyl\u0259qana s\u0259f\u0259r ed\u0259rk\u0259n bir ne\u00e7\u0259 d\u0259f\u0259 bizim briqadam\u0131za da ba\u015f \u00e7\u0259kdi, g\u0259nc mexanizatorlarla g\u00f6r\u00fc\u015f\u00fcb s\u00f6hb\u0259tl\u0259\u015fdi. Biz bunlar\u0131 unuda bil\u0259rikmi?\u201d<\/p>\n<p>Az\u0259rbaycan xalq\u0131n\u0131n \u00fcmummilli lideri Heyd\u0259r \u018fliyevi qon\u015fu G\u00fcrc\u00fcstanda da yax\u015f\u0131 xat\u0131rlay\u0131rlar.<\/p>\n<p>Bu bar\u0259d\u0259 dan\u0131\u015fan<strong>\u00a0Kvemo Kartli\u2013Bor\u00e7al\u0131 b\u00f6lg\u0259sinin qubernatoru \u015eota Rexvia\u015fvili\u00a0<\/strong>jurnalistl\u0259r\u0259 m\u00fcsahib\u0259sind\u0259 deyib: \u201cD\u00fcnya \u015f\u00f6hr\u0259tli siyasi xadim Heyd\u0259r \u018fliyevin xatir\u0259si G\u00fcrc\u00fcstan xalq\u0131 \u00fc\u00e7\u00fcn d\u0259 \u0259zizdir. Heyd\u0259r \u018fliyev h\u0259r zaman G\u00fcrc\u00fcstan d\u00f6vl\u0259tin\u0259 v\u0259 xalq\u0131na b\u00f6y\u00fck d\u0259st\u0259k verib v\u0259 biz bunu unutmuruq. Dahi \u015f\u0259xsiyy\u0259t olan Heyd\u0259r \u018fliyev Az\u0259rbaycan d\u00f6vl\u0259tinin m\u00f6hk\u0259ml\u0259nm\u0259sind\u0259 v\u0259 inki\u015faf\u0131nda m\u00fch\u00fcm rol oynay\u0131b. Onun G\u00fcrc\u00fcstan\u0131n inki\u015faf\u0131nda da dan\u0131lmaz xidm\u0259tl\u0259ri olub. M\u0259hz Heyd\u0259r \u018fliyevin t\u0259\u015f\u0259bb\u00fcs\u00fc il\u0259 \u00e7ox m\u00fch\u00fcm regional layih\u0259l\u0259r h\u0259yata ke\u00e7irilib. Bu layih\u0259l\u0259rd\u0259 Az\u0259rbaycan v\u0259 G\u00fcrc\u00fcstan birg\u0259 i\u015ftirak edirl\u0259r. B\u00f6y\u00fck \u0130p\u0259k Yolunun b\u0259rpas\u0131, Bak\u0131-Tbilisi-Ceyhan boru k\u0259m\u0259ri kimi iri layih\u0259l\u0259r G\u00fcrc\u00fcstan\u0131n suverenliyinin m\u00f6hk\u0259ml\u0259nm\u0259sin\u0259 xidm\u0259t edib. Biz, G\u00fcrc\u00fcstan v\u0259t\u0259nda\u015flar\u0131 Heyd\u0259r \u018fliyevin \u0259ziz xatir\u0259sini h\u0259r zaman an\u0131r\u0131q v\u0259 ona t\u0259\u015f\u0259kk\u00fcr edirik. G\u00fcrc\u00fcstan v\u0259 Az\u0259rbaycan aras\u0131nda m\u00f6vcud \u0259laq\u0259l\u0259r bu g\u00fcn d\u0259 u\u011furla inki\u015faf edir. Heyd\u0259r \u018fliyev siyasi kursunun layiqli davam\u00e7\u0131s\u0131 Prezident \u0130lham \u018fliyev\u0259 u\u011furlar, dost Az\u0259rbaycan xalq\u0131na is\u0259 firavanl\u0131q arzulay\u0131ram\u201d.<\/p>\n<p><strong>X X X<\/strong><\/p>\n<p>F\u0259xri xiyabana s\u0259h\u0259r saatlar\u0131ndan ba\u015flayan insan ax\u0131n\u0131 ax\u015famad\u0259k davam edib. Ziyar\u0259t\u00e7il\u0259r buraya h\u0259m sonsuz q\u00fcrur hissi, h\u0259m d\u0259 sars\u0131lmaz inamla g\u0259lirdil\u0259r. Az\u0259rbaycan Heyd\u0259r \u018fliyev ideyalar\u0131n\u0131n i\u015f\u0131\u011f\u0131nda dinamik inki\u015faf edir, onun d\u00fcnya miqyas\u0131nda n\u00fcfuzu getdikc\u0259 art\u0131r. Ulu \u00d6nd\u0259rin siyasi kursunu u\u011furla davam etdir\u0259n Prezident \u0130lham \u018fliyevin praqmatik siyas\u0259ti n\u0259tic\u0259sind\u0259 \u00f6lk\u0259miz m\u00f6ht\u0259\u015f\u0259m nailiyy\u0259tl\u0259r qazan\u0131r, ictimai-siyasi sabitlik q\u0259tiyy\u0259tl\u0259 qorunub saxlan\u0131l\u0131r.<\/p>\n<p>Dekabr\u0131n 12-d\u0259 F\u0259xri xiyabanda ya\u015fanan izdiham bir daha g\u00f6st\u0259rdi ki, Heyd\u0259r \u018fliyev m\u0259n\u0259n xalq\u0131 il\u0259 birlikd\u0259dir, onun parlaq ideyalar\u0131 yaln\u0131z bu g\u00fcn\u00fcm\u00fcz\u0259 deyil, g\u0259l\u0259c\u0259y\u0259 aparan yollar\u0131m\u0131za da i\u015f\u0131q sa\u00e7\u0131r.<\/p>\n","protected":false},"excerpt":{"rendered":"<p>ARANTV.AZ x\u0259b\u0259r verir ki, dekabr\u0131n 12-d\u0259 Az\u0259rbaycan xalq\u0131 ulu \u00f6nd\u0259r Heyd\u0259r \u018fliyevin xatir\u0259sini ehtiramla yad edib. S\u0259h\u0259r saatlar\u0131ndan ba\u015flayaraq, insanlar ax\u0131n-ax\u0131n F\u0259xri xiyabana g\u0259l\u0259r\u0259k \u00dcmummilli Liderin m\u0259zar\u0131 \u00f6n\u00fcnd\u0259n ke\u00e7ir, onun ruhu qar\u015f\u0131s\u0131nda ba\u015f \u0259yirdil\u0259r. F\u0259xri xiyabanda ya\u015fanan izdiham, el\u0259c\u0259 d\u0259 b\u00fct\u00fcn b\u00f6lg\u0259l\u0259rd\u0259 ke\u00e7iril\u0259n an\u0131m m\u0259rasiml\u0259ri xalq\u0131n \u00f6z b\u00f6y\u00fck o\u011fluna t\u00fck\u0259nm\u0259z m\u0259h\u0259bb\u0259tini t\u0259c\u0259ss\u00fcm etdirirdi. Az\u0259rbaycan\u0131n m\u00fcasir tarixi, milli d\u00f6vl\u0259t\u00e7iliyimizin t\u0259\u015f\u0259kk\u00fcl\u00fc bu dahi \u015f\u0259xsiyy\u0259tin ad\u0131 il\u0259 s\u0131x ba\u011fl\u0131d\u0131r. Xalq\u0131m\u0131z b\u00fct\u00fcn h\u0259yat\u0131n\u0131 Az\u0259rbaycan\u0131n t\u0259r\u0259qqisin\u0259 h\u0259sr etmi\u015f \u00dcmummilli Liderinin misilsiz xidm\u0259tl\u0259rini h\u0259r zaman minn\u0259tdarl\u0131q hissl\u0259ri il\u0259 xat\u0131rlay\u0131r. Bu fikirl\u0259r an\u0131m m\u0259rasiml\u0259rind\u0259 i\u015ftirak ed\u0259n insanlar&hellip;<\/p>\n","protected":false},"author":2,"featured_media":27365,"comment_status":"closed","ping_status":"closed","sticky":false,"template":"","format":"standard","meta":{"om_disable_all_campaigns":false,"_monsterinsights_skip_tracking":false,"_monsterinsights_sitenote_active":false,"_monsterinsights_sitenote_note":"","_monsterinsights_sitenote_category":0},"categories":[4],"tags":[],"aioseo_notices":[],"gutentor_comment":0,"rttpg_featured_image_url":{"full":["https:\/\/arantv.az\/wp-content\/uploads\/2018\/12\/pqedo8p6mj15763tbgf8ikvje4HA1.jpg",1000,655,false],"landscape":["https:\/\/arantv.az\/wp-content\/uploads\/2018\/12\/pqedo8p6mj15763tbgf8ikvje4HA1.jpg",1000,655,false],"portraits":["https:\/\/arantv.az\/wp-content\/uploads\/2018\/12\/pqedo8p6mj15763tbgf8ikvje4HA1.jpg",1000,655,false],"thumbnail":["https:\/\/arantv.az\/wp-content\/uploads\/2018\/12\/pqedo8p6mj15763tbgf8ikvje4HA1-150x150.jpg",150,150,true],"medium":["https:\/\/arantv.az\/wp-content\/uploads\/2018\/12\/pqedo8p6mj15763tbgf8ikvje4HA1-300x197.jpg",300,197,true],"large":["https:\/\/arantv.az\/wp-content\/uploads\/2018\/12\/pqedo8p6mj15763tbgf8ikvje4HA1.jpg",640,419,false],"1536x1536":["https:\/\/arantv.az\/wp-content\/uploads\/2018\/12\/pqedo8p6mj15763tbgf8ikvje4HA1.jpg",1000,655,false],"2048x2048":["https:\/\/arantv.az\/wp-content\/uploads\/2018\/12\/pqedo8p6mj15763tbgf8ikvje4HA1.jpg",1000,655,false],"post-thumbnail":["https:\/\/arantv.az\/wp-content\/uploads\/2018\/12\/pqedo8p6mj15763tbgf8ikvje4HA1-240x172.jpg",240,172,true],"advps-thumb-one":["https:\/\/arantv.az\/wp-content\/uploads\/2018\/12\/pqedo8p6mj15763tbgf8ikvje4HA1-1000x620.jpg",1000,620,true]},"rttpg_author":{"display_name":"V\u00fcsal Rafiqo\u011flu","author_link":"https:\/\/arantv.az\/?author=2"},"rttpg_comment":0,"rttpg_category":"<a href=\"https:\/\/arantv.az\/?cat=4\" rel=\"category\">Siyas\u0259t<\/a>","rttpg_excerpt":"ARANTV.AZ x\u0259b\u0259r verir ki, dekabr\u0131n 12-d\u0259 Az\u0259rbaycan xalq\u0131 ulu \u00f6nd\u0259r Heyd\u0259r \u018fliyevin xatir\u0259sini ehtiramla yad edib. S\u0259h\u0259r saatlar\u0131ndan ba\u015flayaraq, insanlar ax\u0131n-ax\u0131n F\u0259xri xiyabana g\u0259l\u0259r\u0259k \u00dcmummilli Liderin m\u0259zar\u0131 \u00f6n\u00fcnd\u0259n ke\u00e7ir, onun ruhu qar\u015f\u0131s\u0131nda ba\u015f \u0259yirdil\u0259r. F\u0259xri xiyabanda ya\u015fanan izdiham, el\u0259c\u0259 d\u0259 b\u00fct\u00fcn b\u00f6lg\u0259l\u0259rd\u0259 ke\u00e7iril\u0259n an\u0131m m\u0259rasiml\u0259ri xalq\u0131n \u00f6z b\u00f6y\u00fck o\u011fluna t\u00fck\u0259nm\u0259z m\u0259h\u0259bb\u0259tini t\u0259c\u0259ss\u00fcm etdirirdi. Az\u0259rbaycan\u0131n m\u00fcasir&hellip;","_links":{"self":[{"href":"https:\/\/arantv.az\/index.php?rest_route=\/wp\/v2\/posts\/27364"}],"collection":[{"href":"https:\/\/arantv.az\/index.php?rest_route=\/wp\/v2\/posts"}],"about":[{"href":"https:\/\/arantv.az\/index.php?rest_route=\/wp\/v2\/types\/post"}],"author":[{"embeddable":true,"href":"https:\/\/arantv.az\/index.php?rest_route=\/wp\/v2\/users\/2"}],"replies":[{"embeddable":true,"href":"https:\/\/arantv.az\/index.php?rest_route=%2Fwp%2Fv2%2Fcomments&post=27364"}],"version-history":[{"count":0,"href":"https:\/\/arantv.az\/index.php?rest_route=\/wp\/v2\/posts\/27364\/revisions"}],"wp:featuredmedia":[{"embeddable":true,"href":"https:\/\/arantv.az\/index.php?rest_route=\/wp\/v2\/media\/27365"}],"wp:attachment":[{"href":"https:\/\/arantv.az\/index.php?rest_route=%2Fwp%2Fv2%2Fmedia&parent=27364"}],"wp:term":[{"taxonomy":"category","embeddable":true,"href":"https:\/\/arantv.az\/index.php?rest_route=%2Fwp%2Fv2%2Fcategories&post=27364"},{"taxonomy":"post_tag","embeddable":true,"href":"https:\/\/arantv.az\/index.php?rest_route=%2Fwp%2Fv2%2Ftags&post=27364"}],"curies":[{"name":"wp","href":"https:\/\/api.w.org\/{rel}","templated":true}]}}