{"id":27367,"date":"2018-12-13T09:06:25","date_gmt":"2018-12-13T06:06:25","guid":{"rendered":"http:\/\/arantv.az\/?p=27367"},"modified":"2018-12-13T09:06:25","modified_gmt":"2018-12-13T06:06:25","slug":"qurban-qurbanov-arsenalin-gucu-hamiya-b%c9%99llidir","status":"publish","type":"post","link":"https:\/\/arantv.az\/?p=27367","title":{"rendered":"Qurban Qurbanov: \u201cArsenal\u201d\u0131n g\u00fcc\u00fc ham\u0131ya b\u0259llidir"},"content":{"rendered":"<p>\u201cQaraba\u011f\u201d\u0131n ba\u015f m\u0259\u015fq\u00e7isi\u00a0<strong>Qurban Qurbanov\u00a0<\/strong>v\u0259 m\u00fcdafi\u0259\u00e7i\u00a0<strong>Maksim Medvedev<\/strong>\u00a0\u201cArsenal\u201dla oyun \u00f6nc\u0259si m\u0259tbuat konfrans\u0131na qat\u0131l\u0131b.<\/p>\n<p><b>ARANTV.AZ\u00a0<\/b>x\u0259b\u0259r verir ki, \u201cQaraba\u011f\u201d Az\u0259rbaycandan Londona jurnalist aparmad\u0131\u011f\u0131ndan v\u0259 yerli media da A\u011fdam t\u0259msil\u00e7isinin konfrans\u0131na maraq g\u00f6st\u0259rm\u0259diyind\u0259n, Qurbanov v\u0259 Medvedev fikirl\u0259rini c\u0259mi \u00fc\u00e7 media \u0259m\u0259kda\u015f\u0131 qar\u015f\u0131s\u0131nda bildirm\u0259li olub.<\/p>\n<p>\u201cQrup m\u0259rh\u0259l\u0259sind\u0259 sonuncu oyunumuzdur, r\u0259qibimiz is\u0259 \u0130ngilt\u0259r\u0259nin k\u00f6kl\u00fc klublar\u0131ndan olan \u201cArsenal\u201dd\u0131r v\u0259 g\u00fcc\u00fc ham\u0131ya b\u0259llidir. Bilirik ki, r\u0259qib bu m\u00f6vs\u00fcm \u00e7ox yax\u015f\u0131 n\u0259tic\u0259l\u0259r g\u00f6st\u0259rir v\u0259 \u0130ngilt\u0259r\u0259 n\u0259h\u0259ngl\u0259rind\u0259n biridir. Sabah da yax\u015f\u0131 \u00e7\u0131x\u0131\u015f etm\u0259k \u00fc\u00e7\u00fcn meydana \u00e7\u0131xaca\u011f\u0131q v\u0259 \u00e7al\u0131\u015faca\u011f\u0131q ki, \u0259n yax\u015f\u0131 formada \u00f6z\u00fcm\u00fcz\u00fc g\u00f6st\u0259r\u0259k\u201d, &#8211; dey\u0259 Qurban Qurbanov bildirib.<\/p>\n<p>Maksim Medvedev d\u0259 t\u0259xmin\u0259n eyni c\u00fcml\u0259l\u0259r i\u015fl\u0259dib:<\/p>\n<p>\u201cArsenal\u201d\u0131 x\u00fcsusi t\u0259qdim etm\u0259y\u0259 ehtiyac yoxdur. Sabahk\u0131 oyun n\u0259tic\u0259 bax\u0131m\u0131ndan ola bil\u0259r ki, o q\u0259d\u0259r d\u0259 \u0259h\u0259miyy\u0259t da\u015f\u0131m\u0131r. Buna baxmayaraq, meydana \u00e7\u0131x\u0131b \u0259limizd\u0259n g\u0259l\u0259nin \u0259n yax\u015f\u0131s\u0131n\u0131 etm\u0259y\u0259 \u00e7al\u0131\u015faca\u011f\u0131q. Bizi \u00e7\u0259tin v\u0259 maraql\u0131 90 d\u0259qiq\u0259 g\u00f6zl\u0259yir\u201d.<\/p>\n<p>Qeyd ed\u0259k ki, bu g\u00fcn \u201cEmireyts\u201d stadionunda ba\u015f tutacaq g\u00f6r\u00fc\u015f Bak\u0131 vaxt\u0131 il\u0259 00:00-da start g\u00f6t\u00fcr\u0259c\u0259k.oxu.az<\/p>\n","protected":false},"excerpt":{"rendered":"<p>\u201cQaraba\u011f\u201d\u0131n ba\u015f m\u0259\u015fq\u00e7isi\u00a0Qurban Qurbanov\u00a0v\u0259 m\u00fcdafi\u0259\u00e7i\u00a0Maksim Medvedev\u00a0\u201cArsenal\u201dla oyun \u00f6nc\u0259si m\u0259tbuat konfrans\u0131na qat\u0131l\u0131b. ARANTV.AZ\u00a0x\u0259b\u0259r verir ki, \u201cQaraba\u011f\u201d Az\u0259rbaycandan Londona jurnalist aparmad\u0131\u011f\u0131ndan v\u0259 yerli media da A\u011fdam t\u0259msil\u00e7isinin konfrans\u0131na maraq g\u00f6st\u0259rm\u0259diyind\u0259n, Qurbanov v\u0259 Medvedev fikirl\u0259rini c\u0259mi \u00fc\u00e7 media \u0259m\u0259kda\u015f\u0131 qar\u015f\u0131s\u0131nda bildirm\u0259li olub. \u201cQrup m\u0259rh\u0259l\u0259sind\u0259 sonuncu oyunumuzdur, r\u0259qibimiz is\u0259 \u0130ngilt\u0259r\u0259nin k\u00f6kl\u00fc klublar\u0131ndan olan \u201cArsenal\u201dd\u0131r v\u0259 g\u00fcc\u00fc ham\u0131ya b\u0259llidir. Bilirik ki, r\u0259qib bu m\u00f6vs\u00fcm \u00e7ox yax\u015f\u0131 n\u0259tic\u0259l\u0259r g\u00f6st\u0259rir v\u0259 \u0130ngilt\u0259r\u0259 n\u0259h\u0259ngl\u0259rind\u0259n biridir. Sabah da yax\u015f\u0131 \u00e7\u0131x\u0131\u015f etm\u0259k \u00fc\u00e7\u00fcn meydana \u00e7\u0131xaca\u011f\u0131q v\u0259 \u00e7al\u0131\u015faca\u011f\u0131q ki, \u0259n yax\u015f\u0131 formada \u00f6z\u00fcm\u00fcz\u00fc g\u00f6st\u0259r\u0259k\u201d, &#8211; dey\u0259 Qurban Qurbanov bildirib. Maksim Medvedev&hellip;<\/p>\n","protected":false},"author":2,"featured_media":27368,"comment_status":"closed","ping_status":"closed","sticky":false,"template":"","format":"standard","meta":{"om_disable_all_campaigns":false,"_monsterinsights_skip_tracking":false,"_monsterinsights_sitenote_active":false,"_monsterinsights_sitenote_note":"","_monsterinsights_sitenote_category":0},"categories":[6],"tags":[],"aioseo_notices":[],"gutentor_comment":0,"rttpg_featured_image_url":{"full":["https:\/\/arantv.az\/wp-content\/uploads\/2018\/12\/1084018.jpg",620,349,false],"landscape":["https:\/\/arantv.az\/wp-content\/uploads\/2018\/12\/1084018.jpg",620,349,false],"portraits":["https:\/\/arantv.az\/wp-content\/uploads\/2018\/12\/1084018.jpg",620,349,false],"thumbnail":["https:\/\/arantv.az\/wp-content\/uploads\/2018\/12\/1084018-150x150.jpg",150,150,true],"medium":["https:\/\/arantv.az\/wp-content\/uploads\/2018\/12\/1084018-300x169.jpg",300,169,true],"large":["https:\/\/arantv.az\/wp-content\/uploads\/2018\/12\/1084018.jpg",620,349,false],"1536x1536":["https:\/\/arantv.az\/wp-content\/uploads\/2018\/12\/1084018.jpg",620,349,false],"2048x2048":["https:\/\/arantv.az\/wp-content\/uploads\/2018\/12\/1084018.jpg",620,349,false],"post-thumbnail":["https:\/\/arantv.az\/wp-content\/uploads\/2018\/12\/1084018-240x172.jpg",240,172,true],"advps-thumb-one":["https:\/\/arantv.az\/wp-content\/uploads\/2018\/12\/1084018.jpg",620,349,false]},"rttpg_author":{"display_name":"V\u00fcsal Rafiqo\u011flu","author_link":"https:\/\/arantv.az\/?author=2"},"rttpg_comment":0,"rttpg_category":"<a href=\"https:\/\/arantv.az\/?cat=6\" rel=\"category\">\u0130dman<\/a>","rttpg_excerpt":"\u201cQaraba\u011f\u201d\u0131n ba\u015f m\u0259\u015fq\u00e7isi\u00a0Qurban Qurbanov\u00a0v\u0259 m\u00fcdafi\u0259\u00e7i\u00a0Maksim Medvedev\u00a0\u201cArsenal\u201dla oyun \u00f6nc\u0259si m\u0259tbuat konfrans\u0131na qat\u0131l\u0131b. ARANTV.AZ\u00a0x\u0259b\u0259r verir ki, \u201cQaraba\u011f\u201d Az\u0259rbaycandan Londona jurnalist aparmad\u0131\u011f\u0131ndan v\u0259 yerli media da A\u011fdam t\u0259msil\u00e7isinin konfrans\u0131na maraq g\u00f6st\u0259rm\u0259diyind\u0259n, Qurbanov v\u0259 Medvedev fikirl\u0259rini c\u0259mi \u00fc\u00e7 media \u0259m\u0259kda\u015f\u0131 qar\u015f\u0131s\u0131nda bildirm\u0259li olub. \u201cQrup m\u0259rh\u0259l\u0259sind\u0259 sonuncu oyunumuzdur, r\u0259qibimiz is\u0259 \u0130ngilt\u0259r\u0259nin k\u00f6kl\u00fc klublar\u0131ndan olan \u201cArsenal\u201dd\u0131r v\u0259 g\u00fcc\u00fc ham\u0131ya b\u0259llidir. Bilirik&hellip;","_links":{"self":[{"href":"https:\/\/arantv.az\/index.php?rest_route=\/wp\/v2\/posts\/27367"}],"collection":[{"href":"https:\/\/arantv.az\/index.php?rest_route=\/wp\/v2\/posts"}],"about":[{"href":"https:\/\/arantv.az\/index.php?rest_route=\/wp\/v2\/types\/post"}],"author":[{"embeddable":true,"href":"https:\/\/arantv.az\/index.php?rest_route=\/wp\/v2\/users\/2"}],"replies":[{"embeddable":true,"href":"https:\/\/arantv.az\/index.php?rest_route=%2Fwp%2Fv2%2Fcomments&post=27367"}],"version-history":[{"count":0,"href":"https:\/\/arantv.az\/index.php?rest_route=\/wp\/v2\/posts\/27367\/revisions"}],"wp:featuredmedia":[{"embeddable":true,"href":"https:\/\/arantv.az\/index.php?rest_route=\/wp\/v2\/media\/27368"}],"wp:attachment":[{"href":"https:\/\/arantv.az\/index.php?rest_route=%2Fwp%2Fv2%2Fmedia&parent=27367"}],"wp:term":[{"taxonomy":"category","embeddable":true,"href":"https:\/\/arantv.az\/index.php?rest_route=%2Fwp%2Fv2%2Fcategories&post=27367"},{"taxonomy":"post_tag","embeddable":true,"href":"https:\/\/arantv.az\/index.php?rest_route=%2Fwp%2Fv2%2Ftags&post=27367"}],"curies":[{"name":"wp","href":"https:\/\/api.w.org\/{rel}","templated":true}]}}