{"id":27373,"date":"2018-12-13T09:11:24","date_gmt":"2018-12-13T06:11:24","guid":{"rendered":"http:\/\/arantv.az\/?p=27373"},"modified":"2018-12-13T09:11:24","modified_gmt":"2018-12-13T06:11:24","slug":"agir-atletimiz-gumus-medal-qazandi","status":"publish","type":"post","link":"https:\/\/arantv.az\/?p=27373","title":{"rendered":"A\u011f\u0131r atletimiz g\u00fcm\u00fc\u015f medal qazand\u0131"},"content":{"rendered":"<div class=\"spot\">Misirin paytaxt\u0131 Qahir\u0259d\u0259 ke\u00e7iril\u0259n \u0130slam H\u0259mr\u0259yliyi \u0130dman Federasiyas\u0131n\u0131n 5-ci a\u011f\u0131r atletika \u00e7empionat\u0131 ba\u015fa \u00e7at\u0131b.<\/div>\n<p><strong>ARANTV.AZ<\/strong> x\u0259b\u0259r verir ki, Tokio-2020 Olimpiya Oyunlar\u0131na lisenziya xarakterli olan yar\u0131\u015fda a\u011f\u0131r atletika \u00fczr\u0259 Az\u0259rbaycan y\u0131\u011fma komandas\u0131n\u0131n 3 \u00fczv\u00fc d\u0259 i\u015ftirak edib.<\/p>\n<p>96 kq \u00e7\u0259ki d\u0259r\u0259c\u0259sind\u0259 k\u00f6rp\u00fcc\u00fck \u00fcz\u0259rin\u0259 iki atletimiz \u00e7x\u0131b. Nailxan N\u0259biyev toplam 333 kq (146+187) n\u0259tic\u0259 il\u0259 6-c\u0131, Kamran \u0130smay\u0131lov is\u0259 325 kq (145+180) n\u0259tic\u0259 il\u0259 8-ci yeri tutub.<\/p>\n<p>102 kq \u00e7\u0259ki d\u0259r\u0259c\u0259sind\u0259 is\u0259 \u00f6lk\u0259mizi \u018fli\u015f N\u0259z\u0259rov t\u0259msil edib. O, f\u0259xri k\u00fcrs\u00fcy\u0259 qalxma\u011f\u0131 bacar\u0131b. N\u0259z\u0259rov 309 kq (142+167) n\u0259tic\u0259 il\u0259 g\u00fcm\u00fc\u015f medala sahib \u00e7\u0131x\u0131b.<\/p>\n<p><em>\u00d6lk\u0259.Az<\/em><\/p>\n","protected":false},"excerpt":{"rendered":"<p>Misirin paytaxt\u0131 Qahir\u0259d\u0259 ke\u00e7iril\u0259n \u0130slam H\u0259mr\u0259yliyi \u0130dman Federasiyas\u0131n\u0131n 5-ci a\u011f\u0131r atletika \u00e7empionat\u0131 ba\u015fa \u00e7at\u0131b. ARANTV.AZ x\u0259b\u0259r verir ki, Tokio-2020 Olimpiya Oyunlar\u0131na lisenziya xarakterli olan yar\u0131\u015fda a\u011f\u0131r atletika \u00fczr\u0259 Az\u0259rbaycan y\u0131\u011fma komandas\u0131n\u0131n 3 \u00fczv\u00fc d\u0259 i\u015ftirak edib. 96 kq \u00e7\u0259ki d\u0259r\u0259c\u0259sind\u0259 k\u00f6rp\u00fcc\u00fck \u00fcz\u0259rin\u0259 iki atletimiz \u00e7x\u0131b. Nailxan N\u0259biyev toplam 333 kq (146+187) n\u0259tic\u0259 il\u0259 6-c\u0131, Kamran \u0130smay\u0131lov is\u0259 325 kq (145+180) n\u0259tic\u0259 il\u0259 8-ci yeri tutub. 102 kq \u00e7\u0259ki d\u0259r\u0259c\u0259sind\u0259 is\u0259 \u00f6lk\u0259mizi \u018fli\u015f N\u0259z\u0259rov t\u0259msil edib. O, f\u0259xri k\u00fcrs\u00fcy\u0259 qalxma\u011f\u0131 bacar\u0131b. N\u0259z\u0259rov 309 kq (142+167) n\u0259tic\u0259 il\u0259 g\u00fcm\u00fc\u015f medala sahib \u00e7\u0131x\u0131b.&hellip;<\/p>\n","protected":false},"author":2,"featured_media":27374,"comment_status":"closed","ping_status":"closed","sticky":false,"template":"","format":"standard","meta":{"om_disable_all_campaigns":false,"_monsterinsights_skip_tracking":false,"_monsterinsights_sitenote_active":false,"_monsterinsights_sitenote_note":"","_monsterinsights_sitenote_category":0},"categories":[6],"tags":[],"aioseo_notices":[],"gutentor_comment":0,"rttpg_featured_image_url":{"full":["https:\/\/arantv.az\/wp-content\/uploads\/2018\/12\/gumus.jpg",620,375,false],"landscape":["https:\/\/arantv.az\/wp-content\/uploads\/2018\/12\/gumus.jpg",620,375,false],"portraits":["https:\/\/arantv.az\/wp-content\/uploads\/2018\/12\/gumus.jpg",620,375,false],"thumbnail":["https:\/\/arantv.az\/wp-content\/uploads\/2018\/12\/gumus-150x150.jpg",150,150,true],"medium":["https:\/\/arantv.az\/wp-content\/uploads\/2018\/12\/gumus-300x181.jpg",300,181,true],"large":["https:\/\/arantv.az\/wp-content\/uploads\/2018\/12\/gumus.jpg",620,375,false],"1536x1536":["https:\/\/arantv.az\/wp-content\/uploads\/2018\/12\/gumus.jpg",620,375,false],"2048x2048":["https:\/\/arantv.az\/wp-content\/uploads\/2018\/12\/gumus.jpg",620,375,false],"post-thumbnail":["https:\/\/arantv.az\/wp-content\/uploads\/2018\/12\/gumus-240x172.jpg",240,172,true],"advps-thumb-one":["https:\/\/arantv.az\/wp-content\/uploads\/2018\/12\/gumus.jpg",620,375,false]},"rttpg_author":{"display_name":"V\u00fcsal Rafiqo\u011flu","author_link":"https:\/\/arantv.az\/?author=2"},"rttpg_comment":0,"rttpg_category":"<a href=\"https:\/\/arantv.az\/?cat=6\" rel=\"category\">\u0130dman<\/a>","rttpg_excerpt":"Misirin paytaxt\u0131 Qahir\u0259d\u0259 ke\u00e7iril\u0259n \u0130slam H\u0259mr\u0259yliyi \u0130dman Federasiyas\u0131n\u0131n 5-ci a\u011f\u0131r atletika \u00e7empionat\u0131 ba\u015fa \u00e7at\u0131b. ARANTV.AZ x\u0259b\u0259r verir ki, Tokio-2020 Olimpiya Oyunlar\u0131na lisenziya xarakterli olan yar\u0131\u015fda a\u011f\u0131r atletika \u00fczr\u0259 Az\u0259rbaycan y\u0131\u011fma komandas\u0131n\u0131n 3 \u00fczv\u00fc d\u0259 i\u015ftirak edib. 96 kq \u00e7\u0259ki d\u0259r\u0259c\u0259sind\u0259 k\u00f6rp\u00fcc\u00fck \u00fcz\u0259rin\u0259 iki atletimiz \u00e7x\u0131b. Nailxan N\u0259biyev toplam 333 kq (146+187) n\u0259tic\u0259 il\u0259 6-c\u0131, Kamran&hellip;","_links":{"self":[{"href":"https:\/\/arantv.az\/index.php?rest_route=\/wp\/v2\/posts\/27373"}],"collection":[{"href":"https:\/\/arantv.az\/index.php?rest_route=\/wp\/v2\/posts"}],"about":[{"href":"https:\/\/arantv.az\/index.php?rest_route=\/wp\/v2\/types\/post"}],"author":[{"embeddable":true,"href":"https:\/\/arantv.az\/index.php?rest_route=\/wp\/v2\/users\/2"}],"replies":[{"embeddable":true,"href":"https:\/\/arantv.az\/index.php?rest_route=%2Fwp%2Fv2%2Fcomments&post=27373"}],"version-history":[{"count":0,"href":"https:\/\/arantv.az\/index.php?rest_route=\/wp\/v2\/posts\/27373\/revisions"}],"wp:featuredmedia":[{"embeddable":true,"href":"https:\/\/arantv.az\/index.php?rest_route=\/wp\/v2\/media\/27374"}],"wp:attachment":[{"href":"https:\/\/arantv.az\/index.php?rest_route=%2Fwp%2Fv2%2Fmedia&parent=27373"}],"wp:term":[{"taxonomy":"category","embeddable":true,"href":"https:\/\/arantv.az\/index.php?rest_route=%2Fwp%2Fv2%2Fcategories&post=27373"},{"taxonomy":"post_tag","embeddable":true,"href":"https:\/\/arantv.az\/index.php?rest_route=%2Fwp%2Fv2%2Ftags&post=27373"}],"curies":[{"name":"wp","href":"https:\/\/api.w.org\/{rel}","templated":true}]}}