{"id":27411,"date":"2018-12-13T13:03:48","date_gmt":"2018-12-13T10:03:48","guid":{"rendered":"http:\/\/arantv.az\/?p=27411"},"modified":"2018-12-13T13:03:48","modified_gmt":"2018-12-13T10:03:48","slug":"parlamentaril%c9%99r-h%c9%99mr%c9%99ylik-v%c9%99-innovativ-maliyy%c9%99l%c9%99sdirm%c9%99-forumuna-qatilacaq","status":"publish","type":"post","link":"https:\/\/arantv.az\/?p=27411","title":{"rendered":"Parlamentaril\u0259r H\u0259mr\u0259ylik v\u0259 \u0130nnovativ Maliyy\u0259l\u0259\u015fdirm\u0259 Forumuna qat\u0131lacaq"},"content":{"rendered":"<p>Milli M\u0259clisin (MM) \u0130qtisadi\u00a0 siyas\u0259t, s\u0259naye\u00a0 v\u0259 sahibkarl\u0131q\u00a0 komit\u0259sinin s\u0259dri\u00a0<strong>Ziyad S\u0259m\u0259dzad\u0259\u00a0<\/strong>Tbilisi H\u0259mr\u0259ylik v\u0259 \u0130nnovativ Maliyy\u0259l\u0259\u015fdirm\u0259 Forumunda i\u015ftirak\u00a0etm\u0259k\u00a0\u00fc\u00e7\u00fcn dekabr\u0131n 14-d\u0259n 17-d\u0259k G\u00fcrc\u00fcstanda\u00a0s\u0259f\u0259rd\u0259 olacaq.<\/p>\n<p><b>ARANTV.AZ\u00a0<\/b>x\u0259b\u0259r verir ki, G\u00fcrc\u00fcstan h\u00f6kum\u0259ti, parlamenti\u00a0 v\u0259 iqtisadi inki\u015faf\u00a0\u00fc\u00e7\u00fcn innovativ qrupun qlobal katibliyi il\u0259 birg\u0259 t\u0259\u015fkil olunan toplant\u0131ya BMT-nin\u00a0maliyy\u0259l\u0259\u015fdirm\u0259 il\u0259 m\u0259\u015f\u011ful olan\u00a0milli v\u0259\u00a0 regional\u00a0t\u0259\u015fkilatlar\u0131n\u0131n \u00fczvl\u0259ri,\u00a0beyn\u0259lxalq inki\u015faf\u00a0agentlikl\u0259rinin v\u0259 v\u0259t\u0259nda\u015f\u00a0c\u0259miyy\u0259tinin n\u00fcmay\u0259nd\u0259l\u0259ri qat\u0131lacaqlar.<\/p>\n<p>T\u0259dbird\u0259 innovativ maliyy\u0259l\u0259\u015fdirm\u0259nin t\u0259kmill\u0259\u015fdirilm\u0259si, qlobal h\u0259mr\u0259ylik vergil\u0259ri v\u0259 davaml\u0131 inki\u015faf m\u0259qs\u0259dl\u0259rinin maliyy\u0259l\u0259\u015fdirilm\u0259sind\u0259\u00a0m\u0259rk\u0259zl\u0259\u015fdirilm\u0259mi\u015f m\u0259lumat bazalar\u0131n\u0131n yenil\u0259\u015fdirilm\u0259si\u00a0m\u0259s\u0259l\u0259l\u0259ri\u00a0m\u00fczakir\u0259\u00a0edil\u0259c\u0259k.oxu.az<\/p>\n","protected":false},"excerpt":{"rendered":"<p>Milli M\u0259clisin (MM) \u0130qtisadi\u00a0 siyas\u0259t, s\u0259naye\u00a0 v\u0259 sahibkarl\u0131q\u00a0 komit\u0259sinin s\u0259dri\u00a0Ziyad S\u0259m\u0259dzad\u0259\u00a0Tbilisi H\u0259mr\u0259ylik v\u0259 \u0130nnovativ Maliyy\u0259l\u0259\u015fdirm\u0259 Forumunda i\u015ftirak\u00a0etm\u0259k\u00a0\u00fc\u00e7\u00fcn dekabr\u0131n 14-d\u0259n 17-d\u0259k G\u00fcrc\u00fcstanda\u00a0s\u0259f\u0259rd\u0259 olacaq. ARANTV.AZ\u00a0x\u0259b\u0259r verir ki, G\u00fcrc\u00fcstan h\u00f6kum\u0259ti, parlamenti\u00a0 v\u0259 iqtisadi inki\u015faf\u00a0\u00fc\u00e7\u00fcn innovativ qrupun qlobal katibliyi il\u0259 birg\u0259 t\u0259\u015fkil olunan toplant\u0131ya BMT-nin\u00a0maliyy\u0259l\u0259\u015fdirm\u0259 il\u0259 m\u0259\u015f\u011ful olan\u00a0milli v\u0259\u00a0 regional\u00a0t\u0259\u015fkilatlar\u0131n\u0131n \u00fczvl\u0259ri,\u00a0beyn\u0259lxalq inki\u015faf\u00a0agentlikl\u0259rinin v\u0259 v\u0259t\u0259nda\u015f\u00a0c\u0259miyy\u0259tinin n\u00fcmay\u0259nd\u0259l\u0259ri qat\u0131lacaqlar. T\u0259dbird\u0259 innovativ maliyy\u0259l\u0259\u015fdirm\u0259nin t\u0259kmill\u0259\u015fdirilm\u0259si, qlobal h\u0259mr\u0259ylik vergil\u0259ri v\u0259 davaml\u0131 inki\u015faf m\u0259qs\u0259dl\u0259rinin maliyy\u0259l\u0259\u015fdirilm\u0259sind\u0259\u00a0m\u0259rk\u0259zl\u0259\u015fdirilm\u0259mi\u015f m\u0259lumat bazalar\u0131n\u0131n yenil\u0259\u015fdirilm\u0259si\u00a0m\u0259s\u0259l\u0259l\u0259ri\u00a0m\u00fczakir\u0259\u00a0edil\u0259c\u0259k.oxu.az<\/p>\n","protected":false},"author":2,"featured_media":27412,"comment_status":"closed","ping_status":"closed","sticky":false,"template":"","format":"standard","meta":{"om_disable_all_campaigns":false,"_monsterinsights_skip_tracking":false,"_monsterinsights_sitenote_active":false,"_monsterinsights_sitenote_note":"","_monsterinsights_sitenote_category":0},"categories":[4],"tags":[],"aioseo_notices":[],"gutentor_comment":0,"rttpg_featured_image_url":{"full":["https:\/\/arantv.az\/wp-content\/uploads\/2018\/12\/gurcu-1.jpg",620,406,false],"landscape":["https:\/\/arantv.az\/wp-content\/uploads\/2018\/12\/gurcu-1.jpg",620,406,false],"portraits":["https:\/\/arantv.az\/wp-content\/uploads\/2018\/12\/gurcu-1.jpg",620,406,false],"thumbnail":["https:\/\/arantv.az\/wp-content\/uploads\/2018\/12\/gurcu-1-150x150.jpg",150,150,true],"medium":["https:\/\/arantv.az\/wp-content\/uploads\/2018\/12\/gurcu-1-300x196.jpg",300,196,true],"large":["https:\/\/arantv.az\/wp-content\/uploads\/2018\/12\/gurcu-1.jpg",620,406,false],"1536x1536":["https:\/\/arantv.az\/wp-content\/uploads\/2018\/12\/gurcu-1.jpg",620,406,false],"2048x2048":["https:\/\/arantv.az\/wp-content\/uploads\/2018\/12\/gurcu-1.jpg",620,406,false],"post-thumbnail":["https:\/\/arantv.az\/wp-content\/uploads\/2018\/12\/gurcu-1-240x172.jpg",240,172,true],"advps-thumb-one":["https:\/\/arantv.az\/wp-content\/uploads\/2018\/12\/gurcu-1.jpg",620,406,false]},"rttpg_author":{"display_name":"V\u00fcsal Rafiqo\u011flu","author_link":"https:\/\/arantv.az\/?author=2"},"rttpg_comment":0,"rttpg_category":"<a href=\"https:\/\/arantv.az\/?cat=4\" rel=\"category\">Siyas\u0259t<\/a>","rttpg_excerpt":"Milli M\u0259clisin (MM) \u0130qtisadi\u00a0 siyas\u0259t, s\u0259naye\u00a0 v\u0259 sahibkarl\u0131q\u00a0 komit\u0259sinin s\u0259dri\u00a0Ziyad S\u0259m\u0259dzad\u0259\u00a0Tbilisi H\u0259mr\u0259ylik v\u0259 \u0130nnovativ Maliyy\u0259l\u0259\u015fdirm\u0259 Forumunda i\u015ftirak\u00a0etm\u0259k\u00a0\u00fc\u00e7\u00fcn dekabr\u0131n 14-d\u0259n 17-d\u0259k G\u00fcrc\u00fcstanda\u00a0s\u0259f\u0259rd\u0259 olacaq. ARANTV.AZ\u00a0x\u0259b\u0259r verir ki, G\u00fcrc\u00fcstan h\u00f6kum\u0259ti, parlamenti\u00a0 v\u0259 iqtisadi inki\u015faf\u00a0\u00fc\u00e7\u00fcn innovativ qrupun qlobal katibliyi il\u0259 birg\u0259 t\u0259\u015fkil olunan toplant\u0131ya BMT-nin\u00a0maliyy\u0259l\u0259\u015fdirm\u0259 il\u0259 m\u0259\u015f\u011ful olan\u00a0milli v\u0259\u00a0 regional\u00a0t\u0259\u015fkilatlar\u0131n\u0131n \u00fczvl\u0259ri,\u00a0beyn\u0259lxalq inki\u015faf\u00a0agentlikl\u0259rinin v\u0259 v\u0259t\u0259nda\u015f\u00a0c\u0259miyy\u0259tinin n\u00fcmay\u0259nd\u0259l\u0259ri qat\u0131lacaqlar. T\u0259dbird\u0259 innovativ maliyy\u0259l\u0259\u015fdirm\u0259nin&hellip;","_links":{"self":[{"href":"https:\/\/arantv.az\/index.php?rest_route=\/wp\/v2\/posts\/27411"}],"collection":[{"href":"https:\/\/arantv.az\/index.php?rest_route=\/wp\/v2\/posts"}],"about":[{"href":"https:\/\/arantv.az\/index.php?rest_route=\/wp\/v2\/types\/post"}],"author":[{"embeddable":true,"href":"https:\/\/arantv.az\/index.php?rest_route=\/wp\/v2\/users\/2"}],"replies":[{"embeddable":true,"href":"https:\/\/arantv.az\/index.php?rest_route=%2Fwp%2Fv2%2Fcomments&post=27411"}],"version-history":[{"count":0,"href":"https:\/\/arantv.az\/index.php?rest_route=\/wp\/v2\/posts\/27411\/revisions"}],"wp:featuredmedia":[{"embeddable":true,"href":"https:\/\/arantv.az\/index.php?rest_route=\/wp\/v2\/media\/27412"}],"wp:attachment":[{"href":"https:\/\/arantv.az\/index.php?rest_route=%2Fwp%2Fv2%2Fmedia&parent=27411"}],"wp:term":[{"taxonomy":"category","embeddable":true,"href":"https:\/\/arantv.az\/index.php?rest_route=%2Fwp%2Fv2%2Fcategories&post=27411"},{"taxonomy":"post_tag","embeddable":true,"href":"https:\/\/arantv.az\/index.php?rest_route=%2Fwp%2Fv2%2Ftags&post=27411"}],"curies":[{"name":"wp","href":"https:\/\/api.w.org\/{rel}","templated":true}]}}